{"id":16616,"date":"2019-11-08T00:00:00","date_gmt":"2019-11-07T23:00:00","guid":{"rendered":"https:\/\/www.pack-verde.com\/blog\/allgemein\/geschenke-nachhaltig-verpacken\/"},"modified":"2022-02-02T16:52:26","modified_gmt":"2022-02-02T15:52:26","slug":"geschenke-nachhaltig-verpacken","status":"publish","type":"post","link":"https:\/\/www.pack-verde.com\/blog\/at\/inspiration-trends\/geschenke-nachhaltig-verpacken\/","title":{"rendered":"Verschenken kann so nachhaltig sein \u2013 mit der richtigen Verpackung!"},"content":{"rendered":"\r\n<p><strong>Schenken macht Freude \u2013 das ist weithin bekannt. Um die Spannung aufrechtzuhalten, muss das Geschenk nat\u00fcrlich sch\u00f6n verpackt werden: Geschenkpapier, Schleife und ein Anh\u00e4nger mit Geburtstagsgr\u00fc\u00dfen veredeln die kleine Aufmerksamkeit. Doch wie kann die Verpackung weiter genutzt werden? Zum Beispiel haben Katzen eine gro\u00dfe Freude daran, mit den knisternden Verpackungen zu spielen und sich in Kartons zu verstecken. Mit den nachhaltigen Geschenk-Verpackungen von packVerde kann aber noch so viel mehr gemacht werden! <\/strong><\/p>\r\n\r\n\r\n\r\n<p>Unsere heutige Verantwortung dem Planeten gegen\u00fcber besteht unter anderem darin, in allen Bereichen auf umweltfreundliche Methoden und Materialien umzusteigen. Um dies auch beim Schenken umzusetzen, ohne dabei auf die neugierige Vorfreude beim Auspacken verzichten zu m\u00fcssen, gibt es mittlerweile viele tolle nachhaltige Geschenkverpackungen. Umweltbewusstsein ist n\u00e4mlich ganz einfach! Wir zeigen, wie Sie mit Leichtigkeit Geschenke nachhaltig verpacken und auch bei Ihren Mitarbeitern und Kunden das Bewusstsein daf\u00fcr schaffen.<\/p>\r\n\r\n\r\n<hr class=\"wp-block-separator\" \/>\r\n\r\n\r\n<h2 class=\"wp-block-heading\">Welche M\u00f6glichkeiten gibt es f\u00fcr eine nachhaltige Geschenkverpackung?<\/h2>\r\n\r\n\r\n\r\n<p>So unterschiedlich Geschenke sind, so unterschiedlich k\u00f6nnen auch die Verpackungen sein. Manche Pr\u00e4sente werden am besten in ein Geschenkpapier eingewickelt und mit einer h\u00fcbschen Schleife versehen. Andere werden in offenen K\u00f6rben edel pr\u00e4sentiert. Und wieder andere m\u00fcssen weite Wege per Post zur\u00fccklegen, bevor sie ihre Empf\u00e4nger erreichen. Egal, wie Sie Ihre Geschenke verpacken m\u00f6chten, welche Formen und Gr\u00f6\u00dfen sie haben und welche Strecken sie \u00fcberwinden m\u00fcssen \u2013 bei packVerde finden Sie die richtige Verpackung \u2013 nachhaltig und umweltbewusst.<\/p>\r\n\r\n\r\n\r\n<h3 class=\"wp-block-heading\">Der Klassiker f\u00fcr gro\u00dfe und kleine Pr\u00e4sente: Geschenkpapier und B\u00e4nder<\/h3>\r\n\r\n\r\n\r\n<p>Ob quadratische, rechteckige oder runde Geschenke, ob klein oder gro\u00df, schwer oder leicht \u2013 Geschenkpapier ist der Klassiker schlechthin, wenn es darum geht, kleine Aufmerksamkeiten in Szene zu setzen. Mit 100 % recyclingf\u00e4higen Papier macht das Schenken gleich umso mehr Spa\u00df! So lassen sich B\u00fccher, aber auch edle Flaschen stilvoll verpacken. Ob Sie dabei auf robustes Kraftpapier oder doch lieber auf zartes Seidenpapier setzen, ist Ihnen \u00fcberlassen. Optisch abgerundet wird das eingepackte Geschenk mit bunten Schleifen aus puren Naturprodukten wie Bast, die die Umwelt schonen. Und auch die farbliche Vielfalt bietet die gewohnte breite Auswahl!<\/p>\r\n\r\n\r\n\r\n<h3 class=\"wp-block-heading\">Kartons und Boxen f\u00fcr Weinflaschen und vieles mehr<\/h3>\r\n\r\n\r\n\r\n<p>Das ein oder andere Geschenk erfordert eine besonders robuste Verpackung, um sicher und unversehrt bei der beschenkten Person anzukommen. Boxen aus Wellpappe beispielsweise sind zu 100 % recyclingf\u00e4hig und gleichzeitig sehr vielf\u00e4ltig in der Optik. Schlichte wei\u00dfe oder naturfarbene Verpackungen sind dabei ebenso vertreten wie bunte Pappkartons in Riffeloptik oder ausgefallene Boxen in Lederoptik. Wer noch stabilere Verpackungen ben\u00f6tigt, greift am besten zu Holzkassetten und Holzkisten. Diese gibt es in unterschiedlichen Gr\u00f6\u00dfen, beispielsweise f\u00fcr edle Flaschen, aber auch in kleineren und gr\u00f6\u00dferen Ausf\u00fchrungen, je nachdem um welches Geschenk es sich eben handelt. Praktisch faltbare Holzkisten mit Tragekordel helfen, hochwertigen Wein problemlos zu transportieren und dann zu \u00fcberreichen. Diese und auch andere Geschenkschachteln k\u00f6nnen Sie zus\u00e4tzlich noch individuell gestalten und personalisieren lassen \u2013 f\u00fcr eine pers\u00f6nlichere Note oder aber als Werbegeschenk.<\/p>\r\n\r\n\r\n\r\n<figure class=\"wp-block-image\"><a href=\"https:\/\/www.pack-verde.com\/at\/holzkassette-mit-scharnierdeckel\" target=\"_blank\" rel=\"noreferrer noopener\"><img decoding=\"async\" class=\"wp-image-1161\" src=\"\/blog\/wp-content\/uploads\/2021\/07\/holzkassetten.jpg\" alt=\"holzkassetten\" \/><\/a><\/figure>\r\n\r\n\r\n\r\n<p class=\"has-text-color has-background\" style=\"background-color: #007b2f; color: #ffffff;\"><strong>Unser Upcycling-Tipp der Geschenkboxen aus Holz <\/strong><\/p>\r\n\r\n\r\n\r\n<p style=\"border: 2px solid #007b2f; border-radius: 4px; padding: 15px;\">Boxen und Schachteln aus Karton oder Holz sind keine Einmalprodukte. Die Beschenkten k\u00f6nnen die Geschenkboxen selbst zum n\u00e4chsten Anlass weiterverwenden und mit neuen Pr\u00e4senten bef\u00fcllen oder sie k\u00f6nnen als Organizer und Stauraum genutzt werden, nachdem sie als Geschenkverpackung ausgedient haben. Mithilfe einer stabilen Folie, z. B. einem blauen oder schwarzen M\u00fcllsack, wird aus einer einfachen Box im Handumdrehen ein Blumentopf, der h\u00fcbsch bepflanzt und je nach Geschmack auch von au\u00dfen sch\u00f6n gestaltet werden kann.<\/p>\r\n\r\n\r\n\r\n<h3 class=\"wp-block-heading\">Thematisch abgestimmt und stilvoll drapiert \u2013 in K\u00f6rben und auf Tabletts<\/h3>\r\n\r\n\r\n\r\n<p>Besonders edel und hochwertig wirken akkurat zusammengestellte Geschenkk\u00f6rbe, die oftmals sogar thematisch abgestimmt sind. Besonders als Mitarbeitergeschenk eignet sich ein h\u00fcbscher Geschenkkorb aus recyclingf\u00e4higem Material. Bei der Herstellung wird ein Recycling-Anteil mitverarbeitet, wodurch die Verpackung noch nachhaltiger wird. Bei den <a href=\"https:\/\/www.pack-verde.com\/at\/geschenkverpackungen-und-tragetaschen\/geschenkkoerbe\/\" target=\"_blank\" rel=\"noopener\">Geschenkk\u00f6rben<\/a> finden Sie die unterschiedlichsten Designs: eine Vielzahl an Gr\u00f6\u00dfen, unterschiedliche Farben, die Formen reichen von klassisch viereckig bis hin zu ausgefallen f\u00fcnfeckig und sogar Designs in Leder- oder Holzoptik sind hier zu finden. Eine Alternative zu einem tiefen Geschenkkorb sind die <a href=\"https:\/\/www.pack-verde.com\/at\/praesent-tablett-rustikal\">Geschenktabletts<\/a>, um die einzelnen Geschenke noch sichtbarer zu machen.<\/p>\r\n\r\n\r\n\r\n<h3 class=\"wp-block-heading\">Umweltfreundlich versenden \u2013 so kommen Ihre Geschenke gut an<\/h3>\r\n\r\n\r\n\r\n<p>Damit die Pr\u00e4sente im Geschenkkorb h\u00fcbsch gebettet und dadurch ansehnlich pr\u00e4sentiert werden, eignen sich umweltfreundliche F\u00fcllmaterialien aus nachwachsenden Rohstoffen. W\u00e4hrend die biologisch abbaubare <a href=\"https:\/\/www.pack-verde.com\/at\/holzwolle\">Holzwolle <\/a>auf rustikale Art sch\u00fctzt, gelangt die federleichte <a href=\"https:\/\/www.pack-verde.com\/at\/zellglaswolle\">Zellglaswolle <\/a>aus nachwachsenden Rohstoffen auch in kleinste Zwischenr\u00e4ume. Um Akzente zu setzen, k\u00f6nnen Sie sich f\u00fcr auff\u00e4llig <a href=\"https:\/\/www.pack-verde.com\/at\/sizzlepak-10-kg-packung\">buntes F\u00fcllmaterial aus gefaltetem Papier<\/a> entscheiden.<\/p>\r\n\r\n\r\n\r\n<p>Des Weiteren sind die polsternden und sch\u00fctzenden F\u00fcllmaterialien auch zum Verschicken von Paketen von Vorteil, um die Geschenke optimal zu sch\u00fctzen. Um Ihre Geschenke durch und durch nachhaltig zu gestalten, k\u00f6nnen Sie neben umweltfreundlichem F\u00fcllmaterial und Versandkartons aus zertifizierten W\u00e4ldern auch <a href=\"https:\/\/www.pack-verde.com\/at\/versandverpackungen\/papierklebebaender\/packbaender\/\">nachhaltiges Paketband aus Papier<\/a> nutzen. Mit dem silikonfreien und impr\u00e4gnierten Spezialkraftpapier verschlie\u00dfen Sie dank eines nat\u00fcrlichen Naturkautschuk-Klebers leichte bis mittelschwere Kartonagen sicher und zuverl\u00e4ssig. So geht Paketversand heute!<\/p>\r\n\r\n\r\n\r\n<h3 class=\"wp-block-heading\">Rundum ansprechende Pr\u00e4sente f\u00fcr alle Sinne<\/h3>\r\n\r\n\r\n\r\n<p>Schokolade oder Teigwaren sind das wohl beliebteste Mitbringsel. F\u00fcr eine gekonnte Pr\u00e4sentation sollten Sie hierf\u00fcr auf kleine Geschenkbeutel setzen. Auch hier sind die M\u00f6glichkeiten vielf\u00e4ltig: Einerseits k\u00f6nnen Sie zwischen Blockbodenbeuteln und Kreuzbodenbeuteln entscheiden, zum anderen haben Sie die Wahl zwischen Beuteln aus Kraftpapier oder aus Zellglas. Je nachdem, ob der Inhalt einsichtig verpackt oder doch noch eine \u00dcberraschung sein soll, ist die eine oder die andere umweltfreundliche Version besser geeignet. Leckereien und andere Kleinigkeiten werden so gekonnt in Szene gesetzt und sprechen Ihre Kunden direkt von der Theke oder aus dem Regal heraus an.<\/p>\r\n\r\n\r\n\r\n<h3 class=\"wp-block-heading\">Praktisch transportieren, geheimnisvoll \u00fcberreichen \u2013 in nachhaltigen Tragetaschen<\/h3>\r\n\r\n\r\n\r\n<p>F\u00fcr gr\u00f6\u00dfere Geschenke oder Pr\u00e4sente aus mehreren kleinen Einzelteilen eignen sich h\u00fcbsche <a href=\"https:\/\/www.pack-verde.com\/at\/geschenkverpackungen-und-tragetaschen\/tragetaschen\/\">Tragetaschen aus Papier<\/a>, die zu 100 % recyclingf\u00e4hig sind. Ob Sie hier auf neutrale und unifarbene Modelle setzen oder doch lieber die besonderen Varianten, beispielsweise mit h\u00fcbschen Motiven passend zu Weihnachten, w\u00e4hlen \u2013 Sie \u00fcberreichen jedes Geschenk gut gesch\u00fctzt und h\u00fcbsch verpackt. Bei Fragen zu der Beutel- und Taschenwahl wenden Sie sich gerne an uns.<\/p>\r\n\r\n\r\n\r\n<div class=\"wp-block-button aligncenter\"><a class=\"wp-block-button__link has-background\" style=\"background-color: #007b2f;\" href=\"https:\/\/www.pack-verde.com\/at\/geschenkverpackungen-und-tragetaschen\/\">nachhaltige Geschenkverpackung kaufen<\/a><\/div>\r\n\r\n\r\n<hr class=\"wp-block-separator\" \/>\r\n\r\n\r\n<h2 class=\"wp-block-heading\">Wer kann nachhaltige Geschenkverpackungen nutzen?<\/h2>\r\n\r\n\r\n\r\n<p>Ob zu Weihnachten, Geburtstagen oder einem Jubil\u00e4um \u2013 gehen Sie als Unternehmen mit gutem Beispiel voran und entscheiden Sie sich f\u00fcr Verpackungsmaterialien, die vom Anbau \u00fcber die Herstellung bis hin zur Entsorgung nachhaltig sind. B\u00e4ckereien k\u00f6nnen besonderes Geb\u00e4ck oder Pl\u00e4tzchen zu Weihnachten in umweltfreundlichen Beuteln verkaufen und Einzelh\u00e4ndler aus allen Branchen pr\u00e4sentieren ihre Produkte und Geschenkartikel somit edel und ansprechend. Ihren Gesch\u00e4ftspartnern und Kunden k\u00f6nnen Sie zum Geburtstag oder einem anderen Jubil\u00e4um mit einer nachhaltig versendeten Aufmerksamkeit gratulieren und Ihren Kollegen und Mitarbeitern zu besonderen Anl\u00e4ssen eine Freude machen, eingepackt in nat\u00fcrliche Geschenkverpackungen. So macht das Schenken gleich noch mehr Spa\u00df!<\/p>\r\n","protected":false},"excerpt":{"rendered":"<p>Schenken macht Freude \u2013 das ist weithin bekannt. Um die Spannung aufrechtzuhalten, muss das Geschenk nat\u00fcrlich sch\u00f6n verpackt werden: Geschenkpapier, Schleife und ein Anh\u00e4nger mit Geburtstagsgr\u00fc\u00dfen veredeln die kleine Aufmerksamkeit. Doch wie kann die Verpackung weiter genutzt werden? Zum Beispiel haben Katzen eine gro\u00dfe Freude daran, mit den knisternden Verpackungen zu spielen und sich in&hellip;<\/p>\n","protected":false},"author":7,"featured_media":18801,"comment_status":"open","ping_status":"open","sticky":false,"template":"","format":"standard","meta":{"footnotes":""},"categories":[104,106],"tags":[],"m2-product-id":[],"class_list":["post-16616","post","type-post","status-publish","format-standard","has-post-thumbnail","hentry","category-inspiration-trends","category-verpackungsratgeber","category-104","category-106","description-off"],"yoast_head":"<!-- This site is optimized with the Yoast SEO plugin v27.4 - https:\/\/yoast.com\/product\/yoast-seo-wordpress\/ -->\n<title>Verschenken kann so nachhaltig sein \u2013 mit der richtigen Verpackung! - packVerde<\/title>\n<meta name=\"robots\" content=\"index, follow, max-snippet:-1, max-image-preview:large, max-video-preview:-1\" \/>\n<link rel=\"canonical\" href=\"https:\/\/www.pack-verde.com\/blog\/at\/inspiration-trends\/geschenke-nachhaltig-verpacken\/\" \/>\n<meta property=\"og:locale\" content=\"de_DE\" \/>\n<meta property=\"og:type\" content=\"article\" \/>\n<meta property=\"og:title\" content=\"Verschenken kann so nachhaltig sein \u2013 mit der richtigen Verpackung! - packVerde\" \/>\n<meta property=\"og:description\" content=\"Schenken macht Freude \u2013 das ist weithin bekannt. Um die Spannung aufrechtzuhalten, muss das Geschenk nat\u00fcrlich sch\u00f6n verpackt werden: Geschenkpapier, Schleife und ein Anh\u00e4nger mit Geburtstagsgr\u00fc\u00dfen veredeln die kleine Aufmerksamkeit. Doch wie kann die Verpackung weiter genutzt werden? Zum Beispiel haben Katzen eine gro\u00dfe Freude daran, mit den knisternden Verpackungen zu spielen und sich in&hellip;\" \/>\n<meta property=\"og:url\" content=\"https:\/\/www.pack-verde.com\/blog\/at\/inspiration-trends\/geschenke-nachhaltig-verpacken\/\" \/>\n<meta property=\"og:site_name\" content=\"packVerde\" \/>\n<meta property=\"article:publisher\" content=\"https:\/\/www.facebook.com\/packVerdeVerpackungen\" \/>\n<meta property=\"article:published_time\" content=\"2019-11-07T23:00:00+00:00\" \/>\n<meta property=\"article:modified_time\" content=\"2022-02-02T15:52:26+00:00\" \/>\n<meta property=\"og:image\" content=\"https:\/\/www.pack-verde.com\/blog\/wp-content\/uploads\/2019\/11\/HB-Geschenkverpackungen.jpg\" \/>\n\t<meta property=\"og:image:width\" content=\"720\" \/>\n\t<meta property=\"og:image:height\" content=\"360\" \/>\n\t<meta property=\"og:image:type\" content=\"image\/jpeg\" \/>\n<meta name=\"author\" content=\"Andreas M\u00fcller\" \/>\n<meta name=\"twitter:card\" content=\"summary_large_image\" \/>\n<meta name=\"twitter:label1\" content=\"Verfasst von\" \/>\n\t<meta name=\"twitter:data1\" content=\"Andreas M\u00fcller\" \/>\n\t<meta name=\"twitter:label2\" content=\"Gesch\u00e4tzte Lesezeit\" \/>\n\t<meta name=\"twitter:data2\" content=\"7 Minuten\" \/>\n<script type=\"application\/ld+json\" class=\"yoast-schema-graph\">{\"@context\":\"https:\\\/\\\/schema.org\",\"@graph\":[{\"@type\":\"Article\",\"@id\":\"https:\\\/\\\/www.pack-verde.com\\\/blog\\\/at\\\/inspiration-trends\\\/geschenke-nachhaltig-verpacken\\\/#article\",\"isPartOf\":{\"@id\":\"https:\\\/\\\/www.pack-verde.com\\\/blog\\\/at\\\/inspiration-trends\\\/geschenke-nachhaltig-verpacken\\\/\"},\"author\":{\"name\":\"Andreas M\u00fcller\",\"@id\":\"https:\\\/\\\/www.pack-verde.com\\\/blog\\\/ch-de\\\/#\\\/schema\\\/person\\\/10905245ae36fcc6dab8c5f4216929c4\"},\"headline\":\"Verschenken kann so nachhaltig sein \u2013 mit der richtigen Verpackung!\",\"datePublished\":\"2019-11-07T23:00:00+00:00\",\"dateModified\":\"2022-02-02T15:52:26+00:00\",\"mainEntityOfPage\":{\"@id\":\"https:\\\/\\\/www.pack-verde.com\\\/blog\\\/at\\\/inspiration-trends\\\/geschenke-nachhaltig-verpacken\\\/\"},\"wordCount\":1168,\"commentCount\":0,\"publisher\":{\"@id\":\"https:\\\/\\\/www.pack-verde.com\\\/blog\\\/ch-de\\\/#organization\"},\"image\":{\"@id\":\"https:\\\/\\\/www.pack-verde.com\\\/blog\\\/at\\\/inspiration-trends\\\/geschenke-nachhaltig-verpacken\\\/#primaryimage\"},\"thumbnailUrl\":\"https:\\\/\\\/www.pack-verde.com\\\/blog\\\/wp-content\\\/uploads\\\/2019\\\/11\\\/HB-Geschenkverpackungen.jpg\",\"articleSection\":[\"Inspiration &amp; Trends\",\"Verpackungsratgeber\"],\"inLanguage\":\"de-AT\",\"potentialAction\":[{\"@type\":\"CommentAction\",\"name\":\"Comment\",\"target\":[\"https:\\\/\\\/www.pack-verde.com\\\/blog\\\/at\\\/inspiration-trends\\\/geschenke-nachhaltig-verpacken\\\/#respond\"]}]},{\"@type\":\"WebPage\",\"@id\":\"https:\\\/\\\/www.pack-verde.com\\\/blog\\\/at\\\/inspiration-trends\\\/geschenke-nachhaltig-verpacken\\\/\",\"url\":\"https:\\\/\\\/www.pack-verde.com\\\/blog\\\/at\\\/inspiration-trends\\\/geschenke-nachhaltig-verpacken\\\/\",\"name\":\"Verschenken kann so nachhaltig sein \u2013 mit der richtigen Verpackung! - packVerde\",\"isPartOf\":{\"@id\":\"https:\\\/\\\/www.pack-verde.com\\\/blog\\\/ch-de\\\/#website\"},\"primaryImageOfPage\":{\"@id\":\"https:\\\/\\\/www.pack-verde.com\\\/blog\\\/at\\\/inspiration-trends\\\/geschenke-nachhaltig-verpacken\\\/#primaryimage\"},\"image\":{\"@id\":\"https:\\\/\\\/www.pack-verde.com\\\/blog\\\/at\\\/inspiration-trends\\\/geschenke-nachhaltig-verpacken\\\/#primaryimage\"},\"thumbnailUrl\":\"https:\\\/\\\/www.pack-verde.com\\\/blog\\\/wp-content\\\/uploads\\\/2019\\\/11\\\/HB-Geschenkverpackungen.jpg\",\"datePublished\":\"2019-11-07T23:00:00+00:00\",\"dateModified\":\"2022-02-02T15:52:26+00:00\",\"breadcrumb\":{\"@id\":\"https:\\\/\\\/www.pack-verde.com\\\/blog\\\/at\\\/inspiration-trends\\\/geschenke-nachhaltig-verpacken\\\/#breadcrumb\"},\"inLanguage\":\"de-AT\",\"potentialAction\":[{\"@type\":\"ReadAction\",\"target\":[\"https:\\\/\\\/www.pack-verde.com\\\/blog\\\/at\\\/inspiration-trends\\\/geschenke-nachhaltig-verpacken\\\/\"]}]},{\"@type\":\"ImageObject\",\"inLanguage\":\"de-AT\",\"@id\":\"https:\\\/\\\/www.pack-verde.com\\\/blog\\\/at\\\/inspiration-trends\\\/geschenke-nachhaltig-verpacken\\\/#primaryimage\",\"url\":\"https:\\\/\\\/www.pack-verde.com\\\/blog\\\/wp-content\\\/uploads\\\/2019\\\/11\\\/HB-Geschenkverpackungen.jpg\",\"contentUrl\":\"https:\\\/\\\/www.pack-verde.com\\\/blog\\\/wp-content\\\/uploads\\\/2019\\\/11\\\/HB-Geschenkverpackungen.jpg\",\"width\":720,\"height\":360},{\"@type\":\"BreadcrumbList\",\"@id\":\"https:\\\/\\\/www.pack-verde.com\\\/blog\\\/at\\\/inspiration-trends\\\/geschenke-nachhaltig-verpacken\\\/#breadcrumb\",\"itemListElement\":[{\"@type\":\"ListItem\",\"position\":1,\"name\":\"Startseite\",\"item\":\"https:\\\/\\\/www.pack-verde.com\\\/blog\\\/at\\\/\"},{\"@type\":\"ListItem\",\"position\":2,\"name\":\"Verschenken kann so nachhaltig sein \u2013 mit der richtigen Verpackung!\"}]},{\"@type\":\"WebSite\",\"@id\":\"https:\\\/\\\/www.pack-verde.com\\\/blog\\\/ch-de\\\/#website\",\"url\":\"https:\\\/\\\/www.pack-verde.com\\\/blog\\\/ch-de\\\/\",\"name\":\"packVerde\",\"description\":\"achtsam verpackt\",\"publisher\":{\"@id\":\"https:\\\/\\\/www.pack-verde.com\\\/blog\\\/ch-de\\\/#organization\"},\"potentialAction\":[{\"@type\":\"SearchAction\",\"target\":{\"@type\":\"EntryPoint\",\"urlTemplate\":\"https:\\\/\\\/www.pack-verde.com\\\/blog\\\/ch-de\\\/?s={search_term_string}\"},\"query-input\":{\"@type\":\"PropertyValueSpecification\",\"valueRequired\":true,\"valueName\":\"search_term_string\"}}],\"inLanguage\":\"de-AT\"},{\"@type\":\"Organization\",\"@id\":\"https:\\\/\\\/www.pack-verde.com\\\/blog\\\/ch-de\\\/#organization\",\"name\":\"packVerde Blog\",\"url\":\"https:\\\/\\\/www.pack-verde.com\\\/blog\\\/ch-de\\\/\",\"logo\":{\"@type\":\"ImageObject\",\"inLanguage\":\"de-AT\",\"@id\":\"https:\\\/\\\/www.pack-verde.com\\\/blog\\\/ch-de\\\/#\\\/schema\\\/logo\\\/image\\\/\",\"url\":\"https:\\\/\\\/www.pack-verde.com\\\/blog\\\/wp-content\\\/uploads\\\/2021\\\/03\\\/packVerde-logo-150w.png\",\"contentUrl\":\"https:\\\/\\\/www.pack-verde.com\\\/blog\\\/wp-content\\\/uploads\\\/2021\\\/03\\\/packVerde-logo-150w.png\",\"width\":150,\"height\":90,\"caption\":\"packVerde Blog\"},\"image\":{\"@id\":\"https:\\\/\\\/www.pack-verde.com\\\/blog\\\/ch-de\\\/#\\\/schema\\\/logo\\\/image\\\/\"},\"sameAs\":[\"https:\\\/\\\/www.facebook.com\\\/packVerdeVerpackungen\",\"https:\\\/\\\/www.linkedin.com\\\/company\\\/packverde\\\/\"]},{\"@type\":\"Person\",\"@id\":\"https:\\\/\\\/www.pack-verde.com\\\/blog\\\/ch-de\\\/#\\\/schema\\\/person\\\/10905245ae36fcc6dab8c5f4216929c4\",\"name\":\"Andreas M\u00fcller\",\"image\":{\"@type\":\"ImageObject\",\"inLanguage\":\"de-AT\",\"@id\":\"https:\\\/\\\/secure.gravatar.com\\\/avatar\\\/541f778ee667975c0ba1747a69b15f0e000df6bfad80139825efdd6c0bec2b05?s=96&d=mm&r=g\",\"url\":\"https:\\\/\\\/secure.gravatar.com\\\/avatar\\\/541f778ee667975c0ba1747a69b15f0e000df6bfad80139825efdd6c0bec2b05?s=96&d=mm&r=g\",\"contentUrl\":\"https:\\\/\\\/secure.gravatar.com\\\/avatar\\\/541f778ee667975c0ba1747a69b15f0e000df6bfad80139825efdd6c0bec2b05?s=96&d=mm&r=g\",\"caption\":\"Andreas M\u00fcller\"}}]}<\/script>\n<!-- \/ Yoast SEO plugin. -->","yoast_head_json":{"title":"Verschenken kann so nachhaltig sein \u2013 mit der richtigen Verpackung! - packVerde","robots":{"index":"index","follow":"follow","max-snippet":"max-snippet:-1","max-image-preview":"max-image-preview:large","max-video-preview":"max-video-preview:-1"},"canonical":"https:\/\/www.pack-verde.com\/blog\/at\/inspiration-trends\/geschenke-nachhaltig-verpacken\/","og_locale":"de_DE","og_type":"article","og_title":"Verschenken kann so nachhaltig sein \u2013 mit der richtigen Verpackung! - packVerde","og_description":"Schenken macht Freude \u2013 das ist weithin bekannt. Um die Spannung aufrechtzuhalten, muss das Geschenk nat\u00fcrlich sch\u00f6n verpackt werden: Geschenkpapier, Schleife und ein Anh\u00e4nger mit Geburtstagsgr\u00fc\u00dfen veredeln die kleine Aufmerksamkeit. Doch wie kann die Verpackung weiter genutzt werden? Zum Beispiel haben Katzen eine gro\u00dfe Freude daran, mit den knisternden Verpackungen zu spielen und sich in&hellip;","og_url":"https:\/\/www.pack-verde.com\/blog\/at\/inspiration-trends\/geschenke-nachhaltig-verpacken\/","og_site_name":"packVerde","article_publisher":"https:\/\/www.facebook.com\/packVerdeVerpackungen","article_published_time":"2019-11-07T23:00:00+00:00","article_modified_time":"2022-02-02T15:52:26+00:00","og_image":[{"width":720,"height":360,"url":"https:\/\/www.pack-verde.com\/blog\/wp-content\/uploads\/2019\/11\/HB-Geschenkverpackungen.jpg","type":"image\/jpeg"}],"author":"Andreas M\u00fcller","twitter_card":"summary_large_image","twitter_misc":{"Verfasst von":"Andreas M\u00fcller","Gesch\u00e4tzte Lesezeit":"7 Minuten"},"schema":{"@context":"https:\/\/schema.org","@graph":[{"@type":"Article","@id":"https:\/\/www.pack-verde.com\/blog\/at\/inspiration-trends\/geschenke-nachhaltig-verpacken\/#article","isPartOf":{"@id":"https:\/\/www.pack-verde.com\/blog\/at\/inspiration-trends\/geschenke-nachhaltig-verpacken\/"},"author":{"name":"Andreas M\u00fcller","@id":"https:\/\/www.pack-verde.com\/blog\/ch-de\/#\/schema\/person\/10905245ae36fcc6dab8c5f4216929c4"},"headline":"Verschenken kann so nachhaltig sein \u2013 mit der richtigen Verpackung!","datePublished":"2019-11-07T23:00:00+00:00","dateModified":"2022-02-02T15:52:26+00:00","mainEntityOfPage":{"@id":"https:\/\/www.pack-verde.com\/blog\/at\/inspiration-trends\/geschenke-nachhaltig-verpacken\/"},"wordCount":1168,"commentCount":0,"publisher":{"@id":"https:\/\/www.pack-verde.com\/blog\/ch-de\/#organization"},"image":{"@id":"https:\/\/www.pack-verde.com\/blog\/at\/inspiration-trends\/geschenke-nachhaltig-verpacken\/#primaryimage"},"thumbnailUrl":"https:\/\/www.pack-verde.com\/blog\/wp-content\/uploads\/2019\/11\/HB-Geschenkverpackungen.jpg","articleSection":["Inspiration &amp; Trends","Verpackungsratgeber"],"inLanguage":"de-AT","potentialAction":[{"@type":"CommentAction","name":"Comment","target":["https:\/\/www.pack-verde.com\/blog\/at\/inspiration-trends\/geschenke-nachhaltig-verpacken\/#respond"]}]},{"@type":"WebPage","@id":"https:\/\/www.pack-verde.com\/blog\/at\/inspiration-trends\/geschenke-nachhaltig-verpacken\/","url":"https:\/\/www.pack-verde.com\/blog\/at\/inspiration-trends\/geschenke-nachhaltig-verpacken\/","name":"Verschenken kann so nachhaltig sein \u2013 mit der richtigen Verpackung! - packVerde","isPartOf":{"@id":"https:\/\/www.pack-verde.com\/blog\/ch-de\/#website"},"primaryImageOfPage":{"@id":"https:\/\/www.pack-verde.com\/blog\/at\/inspiration-trends\/geschenke-nachhaltig-verpacken\/#primaryimage"},"image":{"@id":"https:\/\/www.pack-verde.com\/blog\/at\/inspiration-trends\/geschenke-nachhaltig-verpacken\/#primaryimage"},"thumbnailUrl":"https:\/\/www.pack-verde.com\/blog\/wp-content\/uploads\/2019\/11\/HB-Geschenkverpackungen.jpg","datePublished":"2019-11-07T23:00:00+00:00","dateModified":"2022-02-02T15:52:26+00:00","breadcrumb":{"@id":"https:\/\/www.pack-verde.com\/blog\/at\/inspiration-trends\/geschenke-nachhaltig-verpacken\/#breadcrumb"},"inLanguage":"de-AT","potentialAction":[{"@type":"ReadAction","target":["https:\/\/www.pack-verde.com\/blog\/at\/inspiration-trends\/geschenke-nachhaltig-verpacken\/"]}]},{"@type":"ImageObject","inLanguage":"de-AT","@id":"https:\/\/www.pack-verde.com\/blog\/at\/inspiration-trends\/geschenke-nachhaltig-verpacken\/#primaryimage","url":"https:\/\/www.pack-verde.com\/blog\/wp-content\/uploads\/2019\/11\/HB-Geschenkverpackungen.jpg","contentUrl":"https:\/\/www.pack-verde.com\/blog\/wp-content\/uploads\/2019\/11\/HB-Geschenkverpackungen.jpg","width":720,"height":360},{"@type":"BreadcrumbList","@id":"https:\/\/www.pack-verde.com\/blog\/at\/inspiration-trends\/geschenke-nachhaltig-verpacken\/#breadcrumb","itemListElement":[{"@type":"ListItem","position":1,"name":"Startseite","item":"https:\/\/www.pack-verde.com\/blog\/at\/"},{"@type":"ListItem","position":2,"name":"Verschenken kann so nachhaltig sein \u2013 mit der richtigen Verpackung!"}]},{"@type":"WebSite","@id":"https:\/\/www.pack-verde.com\/blog\/ch-de\/#website","url":"https:\/\/www.pack-verde.com\/blog\/ch-de\/","name":"packVerde","description":"achtsam verpackt","publisher":{"@id":"https:\/\/www.pack-verde.com\/blog\/ch-de\/#organization"},"potentialAction":[{"@type":"SearchAction","target":{"@type":"EntryPoint","urlTemplate":"https:\/\/www.pack-verde.com\/blog\/ch-de\/?s={search_term_string}"},"query-input":{"@type":"PropertyValueSpecification","valueRequired":true,"valueName":"search_term_string"}}],"inLanguage":"de-AT"},{"@type":"Organization","@id":"https:\/\/www.pack-verde.com\/blog\/ch-de\/#organization","name":"packVerde Blog","url":"https:\/\/www.pack-verde.com\/blog\/ch-de\/","logo":{"@type":"ImageObject","inLanguage":"de-AT","@id":"https:\/\/www.pack-verde.com\/blog\/ch-de\/#\/schema\/logo\/image\/","url":"https:\/\/www.pack-verde.com\/blog\/wp-content\/uploads\/2021\/03\/packVerde-logo-150w.png","contentUrl":"https:\/\/www.pack-verde.com\/blog\/wp-content\/uploads\/2021\/03\/packVerde-logo-150w.png","width":150,"height":90,"caption":"packVerde Blog"},"image":{"@id":"https:\/\/www.pack-verde.com\/blog\/ch-de\/#\/schema\/logo\/image\/"},"sameAs":["https:\/\/www.facebook.com\/packVerdeVerpackungen","https:\/\/www.linkedin.com\/company\/packverde\/"]},{"@type":"Person","@id":"https:\/\/www.pack-verde.com\/blog\/ch-de\/#\/schema\/person\/10905245ae36fcc6dab8c5f4216929c4","name":"Andreas M\u00fcller","image":{"@type":"ImageObject","inLanguage":"de-AT","@id":"https:\/\/secure.gravatar.com\/avatar\/541f778ee667975c0ba1747a69b15f0e000df6bfad80139825efdd6c0bec2b05?s=96&d=mm&r=g","url":"https:\/\/secure.gravatar.com\/avatar\/541f778ee667975c0ba1747a69b15f0e000df6bfad80139825efdd6c0bec2b05?s=96&d=mm&r=g","contentUrl":"https:\/\/secure.gravatar.com\/avatar\/541f778ee667975c0ba1747a69b15f0e000df6bfad80139825efdd6c0bec2b05?s=96&d=mm&r=g","caption":"Andreas M\u00fcller"}}]}},"magento_index":false,"_links":{"self":[{"href":"https:\/\/www.pack-verde.com\/blog\/at\/wp-json\/wp\/v2\/posts\/16616","targetHints":{"allow":["GET"]}}],"collection":[{"href":"https:\/\/www.pack-verde.com\/blog\/at\/wp-json\/wp\/v2\/posts"}],"about":[{"href":"https:\/\/www.pack-verde.com\/blog\/at\/wp-json\/wp\/v2\/types\/post"}],"author":[{"embeddable":true,"href":"https:\/\/www.pack-verde.com\/blog\/at\/wp-json\/wp\/v2\/users\/7"}],"replies":[{"embeddable":true,"href":"https:\/\/www.pack-verde.com\/blog\/at\/wp-json\/wp\/v2\/comments?post=16616"}],"version-history":[{"count":5,"href":"https:\/\/www.pack-verde.com\/blog\/at\/wp-json\/wp\/v2\/posts\/16616\/revisions"}],"predecessor-version":[{"id":17219,"href":"https:\/\/www.pack-verde.com\/blog\/at\/wp-json\/wp\/v2\/posts\/16616\/revisions\/17219"}],"wp:featuredmedia":[{"embeddable":true,"href":"https:\/\/www.pack-verde.com\/blog\/at\/wp-json\/wp\/v2\/media\/18801"}],"wp:attachment":[{"href":"https:\/\/www.pack-verde.com\/blog\/at\/wp-json\/wp\/v2\/media?parent=16616"}],"wp:term":[{"taxonomy":"category","embeddable":true,"href":"https:\/\/www.pack-verde.com\/blog\/at\/wp-json\/wp\/v2\/categories?post=16616"},{"taxonomy":"post_tag","embeddable":true,"href":"https:\/\/www.pack-verde.com\/blog\/at\/wp-json\/wp\/v2\/tags?post=16616"},{"taxonomy":"m2-product-id","embeddable":true,"href":"https:\/\/www.pack-verde.com\/blog\/at\/wp-json\/wp\/v2\/m2-product-id?post=16616"}],"curies":[{"name":"wp","href":"https:\/\/api.w.org\/{rel}","templated":true}]}}