{"id":16624,"date":"2021-02-12T00:00:00","date_gmt":"2021-02-11T23:00:00","guid":{"rendered":"https:\/\/www.pack-verde.com\/blog\/allgemein\/nachhaltigkeit-im-unternehmen-in-4-schritten-zur-grunen-unternehmensstrategie\/"},"modified":"2022-06-13T12:58:48","modified_gmt":"2022-06-13T10:58:48","slug":"nachhaltigkeit-im-unternehmen-in-4-schritten-zur-gruenen-unternehmensstrategie","status":"publish","type":"post","link":"https:\/\/www.pack-verde.com\/blog\/at\/nachhaltigkeit\/nachhaltigkeit-im-unternehmen-in-4-schritten-zur-gruenen-unternehmensstrategie\/","title":{"rendered":"Nachhaltigkeit im Unternehmen \u2013 in 4 Schritten zur gr\u00fcnen Unternehmensstrategie"},"content":{"rendered":"\n<p>Nachhaltigkeit ist heutzutage in aller Munde und immer mehr Menschen in Deutschland geben laut einer Studie der GroupM an, dass ihnen das Thema am Herzen liegt. <strong>Nachhaltigkeit im Unternehmen<\/strong> ist immer wichtiger geworden. Das Thema Umweltschutz ist somit mitten in der Gesellschaft angekommen. Doch Interesse allein reicht nicht aus, um unsere Zukunft gr\u00fcner zu gestalten. Wir sind alle dazu angehalten, unseren Alltag nachhaltiger zu gestalten \u2013 wo immer es geht. Dabei macht Umweltfreundlichkeit nicht vor dem Arbeitsplatz Halt. Drei gute Gr\u00fcnde f\u00fcr eine umweltfreundliche Strategie als Teil der <strong>Corporate-Social-Responsibility<\/strong>, also der gesellschaftlichen Verantwortung eines Unternehmens, sind:<\/p>\n\n\n\n<p><\/p>\n\n\n\n<ol class=\"wp-block-list\"><li>Wir verbringen einen beachtlichen Anteil unserer Lebenszeit in der Arbeit, da sollte das <strong>Verantwortungsbewusstsein <\/strong>ebenso gest\u00e4rkt werden wie im Privaten. <br><br><\/li><li>Aufgrund des steigenden Umweltbewusstseins \u2013 besonders in den j\u00fcngeren Generationen \u2013 verbessert eine nachhaltige Agenda Ihre Chancen im <strong>Recruiting<\/strong>. <br><br><\/li><li>Auch in der <strong>Akquise <\/strong>von Neukunden beispielsweise kann eine gr\u00fcne Firmen-Philosophie den entscheidenden Vorteil gegen\u00fcber dem Wettbewerb bringen.<\/li><\/ol>\n\n\n\n<p>Der folgende Leitfaden soll Denkanst\u00f6\u00dfe geben und Ideen f\u00fcr sinnvoll umsetzbare Ziele bringen \u2013 denn der Umstieg auf umweltfreundliche Alternativen ist in vielen Punkten ganz einfach!<\/p>\n\n\n\n<blockquote class=\"wp-block-quote is-layout-flow wp-block-quote-is-layout-flow\"><p>So viel Schutz und Funktion wie m\u00f6glich und so wenig Verpackungsmaterial wie n\u00f6tig.<\/p><\/blockquote>\n\n\n\n<p>Das ist die Devise, nach der packVerde Produkte ausw\u00e4hlt, mit denen Sie mehr Nachhaltigkeit in Ihren Unternehmens-Alltag bringen k\u00f6nnen.<\/p>\n\n\n\n<hr class=\"wp-block-separator has-css-opacity\"\/>\n\n\n\n<h2 class=\"wp-block-heading\">Was zeichnet ein nachhaltiges Unternehmen aus?<\/h2>\n\n\n\n<p>Doch was umfasst Nachhaltigkeit im Unternehmen eigentlich? Ein grundlegender Aspekt ist das Einhalten gesetzlicher Vorgaben zu aktivem Umweltschutz. Diese k\u00f6nnen Wasser, Boden, Emissionsaussto\u00df und auch allgemeinen Naturschutz umfassen. Ressourcenschonendes Arbeiten ist ein wichtiger Grundpfeiler f\u00fcr Unternehmen, die nachhaltig wirtschaften m\u00f6chten. Um mit gutem Beispiel voranzugehen, sollten beispielsweise jegliche Emissionen auf ein Minimum reduziert werden. Bei unvermeidbaren Verpackungen sollte auf nachhaltige Alternativen gesetzt werden, wie sie bei packVerde angeboten werden. Ausf\u00fchrliche Informationen zu Nachhaltigkeit im Unternehmen lesen Sie in unserem E-Book. Dieser Artikel schenkt Ihnen vorab eine \u00dcbersicht \u00fcber die kleinen, aber wichtigen Schritte hin zu einer \u00f6kologisch nachhaltigen Unternehmensstrategie.<\/p>\n\n\n\n<hr class=\"wp-block-separator has-css-opacity\"\/>\n\n\n\n<h2 class=\"wp-block-heading\">Schritt #1: Inspiration und Motivation im Team \u2013 gemeinsam handeln f\u00fcr ein gr\u00fcnes Unternehmen<\/h2>\n\n\n\n<p>Umweltbewusstsein und die daraus resultierenden Handlungen fangen im Kleinen an. Um auch Ihr Team zu einem \u00f6kologischeren Arbeitsalltag zu motivieren, muss an erster Stelle das Bewusstsein f\u00fcr Nachhaltigkeit geschaffen werden. Informieren und schulen Sie Ihre Mitarbeiterinnen und Mitarbeiter, hinterfragen Sie gemeinsam in der Gruppe den Status-Quo und \u00fcberlegen Sie sich, an welchen Stellen Sie nachhaltiger Wirtschaften k\u00f6nnen. Die folgenden Ideen dienen zur Inspiration und \u00fcberzeugen dadurch, dass sie sich sowohl an die F\u00fchrungsebene als auch an alle Angestellten richten. Gemeinschaftliche Projekte k\u00f6nnen au\u00dferdem den Zusammenhalt zwischen den Kollegen st\u00e4rken und einen zus\u00e4tzlichen Anreizpunkt f\u00fcr neue Bewerberinnen und Bewerber bieten.<\/p>\n\n\n\n<hr class=\"wp-block-separator has-css-opacity\"\/>\n\n\n\n<h3 class=\"wp-block-heading\">Wichtige Ressourcen einsparen \u2013 diese Ziele k\u00f6nnen Sie gut erreichen<\/h3>\n\n\n\n<p>Im ressourcensparenden Alltag gilt: Etwas mehr Aufmerksamkeit bei allt\u00e4glichen Verhaltensweisen kann bereits viel erzielen. Neben einer korrekten M\u00fclltrennung sollten noch weitere Punkte beachtet werden. Hier haben wir eine Checkliste erstellt, die Sie an Ihr gesamtes Team weitergeben k\u00f6nnen:<\/p>\n\n\n\n<ul class=\"wp-block-list\"><li>Schalten Sie das Licht aus, wenn Sie einen Raum verlassen. Wer die Firma als letztes verl\u00e4sst, \u00fcberpr\u00fcft nochmals alle B\u00fcror\u00e4ume. Innovative L\u00f6sungen wie Bewegungssensoren k\u00f6nnen ebenfalls dabei helfen. <br><br><\/li><li>Schalten Sie die Heizung im Winter runter, wenn Sie das B\u00fcro verlassen. Thermostatventile an der Heizung helfen zus\u00e4tzlich, Energie zu sparen. <br><br><\/li><li>Bevorzugen Sie Sto\u00dfl\u00fcften anstatt gekippter Fenster. <br><br><\/li><li>Drucken Sie doppelseitig und vermeiden Sie dadurch einen hohen Papierverbrauch. <br><br><\/li><li>W\u00e4hlen Sie stromsparende Ger\u00e4te f\u00fcr einen geringeren Energieverbrauch in Ihrem Unternehmen. <br><br><\/li><li>Ziehen Sie nach Feierabend die Stecker bei Ger\u00e4ten wie Computern und Bildschirmen, aber auch bei der Kaffeemaschine. Der Standby-Modus alleine ist nicht ausreichend, da die Ger\u00e4te dann weiterhin Strom verbrauchen.<\/li><\/ul>\n\n\n\n<hr class=\"wp-block-separator has-css-opacity\"\/>\n\n\n\n<h3 class=\"wp-block-heading\">Werden Sie aktiv! F\u00fcr mehr Verantwortungsbewusstsein im ganzen Team<\/h3>\n\n\n\n<p>Etablieren Sie <strong>regelm\u00e4\u00dfige Nachhaltigkeits-Meetings<\/strong>, in dem sich das gesamte Team austauschen und auf den neuesten Stand bringen kann. Was wird bereits umgesetzt? Gibt es positive Anwendungsbeispiele in anderen Unternehmen, die sich gut \u00fcbernehmen lassen? Was ist das Ziel und wo stehen Sie als Firma gerade? Ein solches, beispielsweise monatliches, Meeting hilft dabei, das Umweltbewusstsein zu st\u00e4rken. Au\u00dferdem werden die Mitarbeitenden so motiviert, neue Ideen f\u00fcr den B\u00fcroalltag in die Tat umzusetzen: Gibt es Kollegen oder Kolleginnen, die zu Hause Marmelade einkochen? Dann k\u00f6nnen diese die alten Gl\u00e4ser aus der Gemeinschaftsk\u00fcche mit nach Hause nehmen und weiterverwenden. Manchmal sind es auch die kleinen Schritte, die zu langj\u00e4hriger Begeisterung und gro\u00dfem Engagement f\u00fchren. So kann Nachhaltigkeit im Unternehmen Schritt f\u00fcr Schritt umgesetzt werden.<\/p>\n\n\n\n<blockquote class=\"wp-block-quote is-layout-flow wp-block-quote-is-layout-flow\"><p>Unser Tipp: Ernennen Sie eine nachhaltigkeitsbeauftragte Person, die Ideen und Fragen sammelt und sich um entsprechende Meetings und Umsetzungen k\u00fcmmert. So ist die Verantwortung klar aufgeteilt.<\/p><\/blockquote>\n\n\n\n<hr class=\"wp-block-separator has-css-opacity\"\/>\n\n\n\n<h2 class=\"wp-block-heading\">Schritt #2: Umweltfreundliche Ausstattung der B\u00fcror\u00e4ume<\/h2>\n\n\n\n<p>Die Einrichtung und Ausstattung der Arbeitspl\u00e4tze steht in jedem Unternehmen immer wieder an, sei es, weil das Team w\u00e4chst, weil alte Materialien oder Ger\u00e4te ausgetauscht und erneuert werden m\u00fcssen oder weil im Sinne eines Nachhaltigkeits-Projektes eine Umstrukturierung ansteht. Aus welchen Gr\u00fcnden auch immer Sie sich um die Anschaffung neuer Ressourcen k\u00fcmmern m\u00fcssen \u2013 behalten Sie den Planeten dabei im Hinterkopf: Entscheiden Sie sich f\u00fcr recyclingfreundliche Alternativen wie <strong>Recyclingpapier <\/strong>oder <strong>nachf\u00fcllbare Druckerpatronen<\/strong>. Auch <strong>aufladbare Akkus <\/strong>sollten gegen\u00fcber den herk\u00f6mmlichen Batterien vorgezogen werden, um auch hier an Abfall zu sparen. Trotz nachhaltigem Papier und auff\u00fcllbaren Druckerpatronen, muss heutzutage nicht jedes Dokument ausgedruckt werden. Fragen Sie sich vor jedem Druck: Ben\u00f6tige ich das Dokument in ausgedruckter Form? Ist die <strong>digitale Version<\/strong> ausreichend? Beim n\u00e4chsten Meeting nehmen Sie einfach Ihren Laptop oder Ihr Tablet mit. So verringern Sie durch kleine Verhaltens\u00e4nderungen den Papierverbrauch erheblich. Geben Sie diese Tipps in Form einer kurzen Erinnerungs-Mail auch an alle Angestellten und Kollegen weiter \u2013 gemeinsam k\u00f6nnen diese kleinen Taten doch einen gro\u00dfen Unterschied machen.<\/p>\n\n\n\n<hr class=\"wp-block-separator has-css-opacity\"\/>\n\n\n\n<h2 class=\"wp-block-heading\">Schritt #3: Gr\u00fcn unterwegs als gesamtes Unternehmen<\/h2>\n\n\n\n<p>Ob der allt\u00e4gliche Weg ins B\u00fcro oder die Anreise zu Gesch\u00e4ftsterminen, Konferenzen und Meetings \u2013 auch unterwegs k\u00f6nnen die Mitarbeiterinnen und Mitarbeiter eines Unternehmens mit umweltfreundlicheren Alternativen reisen. \u00dcbernehmen Sie als Arbeitgeber die Verantwortung und unterst\u00fctzen Sie sowohl moralisch als auch finanziell den Umstieg auf umweltfreundlichere Verkehrsmittel. Halten Sie Ihr Team dazu an, den <strong>Zug <\/strong>und <strong>\u00f6ffentlichen Nahverkehr<\/strong> anstatt des privaten PKW zu w\u00e4hlen. Vielleicht bietet Ihre Stadt auch einen<strong> Carsharing-Servic<\/strong>e an, den Sie als Firmenleistung f\u00fcr Gesch\u00e4ftsreisen anbieten k\u00f6nnen, oder Sie zeigen die Vorteile von <strong>Fahrgemeinschaften <\/strong>als effiziente Alternative auf. Besonders im Trend liegen aktuell au\u00dferdem <strong>Dienstfahrr\u00e4der<\/strong>. F\u00fcr Angestellte, die in der N\u00e4he der Arbeit wohnen, sind Fahrrad oder E-Bike eine sportliche Variante f\u00fcr den Arbeitsweg \u2013 ganz ohne Umweltbelastung. Hierzu gibt es tolle Angebote f\u00fcr Unternehmen, die passenden Fahrr\u00e4der anzumieten, so beispielsweise das Unternehmen JobRad. F\u00fcr die Gesundheit des Teams und des Planeten ist das doch eine \u00fcberzeugende Investition! Und wenn sich der Schritt ins Flugzeug mal nicht vermeiden l\u00e4sst: Kompensieren Sie die angefallenen Emissionen der betrieblichen Flugreisen Ihres Teams mit einem <strong>CO2-Ausgleich<\/strong> \u00fcber atmosfair oder andere Kompensationsanbieter.<\/p>\n\n\n\n<hr class=\"wp-block-separator has-css-opacity\"\/>\n\n\n\n<h2 class=\"wp-block-heading\">Schritt #4: Partnerwahl im Sinne des Klimaschutzes<\/h2>\n\n\n\n<p>Sie arbeiten eng mit anderen Unternehmen zusammen? Entscheiden Sie sich f\u00fcr Partner-Unternehmen, denen Nachhaltigkeit ebenfalls am Herzen liegt oder die sogar im Umwelt-Sektor t\u00e4tig sind. Veranstalten Sie gemeinsame Events zum Thema Nachhaltigkeit in Ihrer Branche und verbessern Sie den \u00f6kologischen Fu\u00dfabdruck sowie Ihr Image, indem Sie sich regelm\u00e4\u00dfig gegenseitig weiterbilden und von den Angeboten und Ideen der anderen Firmen profitieren. <\/p>\n\n\n\n<p>Als einen neuen und zuverl\u00e4ssigen Partner f\u00fcr umweltfreundliche Verpackungsalternativen stehen wir Ihnen gerne zur Seite! Wir bieten Produkte f\u00fcr Versand, Lebensmittelverpackungen und die Hygiene- Anwendung aus nachwachsenden Rohstoffen wie Holz, Bambus, Zuckerrohr und vielen weiteren an. Ob f\u00fcr Ihr allt\u00e4gliches Gesch\u00e4ft oder besondere Anl\u00e4sse wie Firmenfeiern. Mit uns gehen Sie einen weiteren Schritt in eine nachhaltige Zukunft. So setzten Sie sich aktiv f\u00fcr Nachhaltigkeit im Unternehmen ein.<\/p>\n\n\n\n<hr class=\"wp-block-separator has-css-opacity\"\/>\n\n\n\n<h3 class=\"wp-block-heading\">Waren und Dokumente klimaneutral versenden<\/h3>\n\n\n\n<p>Sie versenden regelm\u00e4\u00dfig Post an Ihre Kundschaft oder schicken zu besonderen Anl\u00e4ssen kleine Aufmerksamkeiten an Gesch\u00e4ftspartner? Auch mit kleinen \u00c4nderungen erreichen Sie viel: Verschicken Sie Briefe und Pakete k\u00fcnftig klimaneutral. Immer mehr Versandunternehmen mindern CO 2 -Emissionen mit Hilfe von Lastenfahrr\u00e4dern. Passend zum klimaneutralen Versand finden Sie bei packVerde <a href=\"https:\/\/www.pack-verde.com\/at\/versandverpackungen\/\" target=\"_blank\" rel=\"noreferrer noopener\">nachhaltige Versandverpackungen<\/a> in allen Gr\u00f6\u00dfen: von <a title=\"Zum Paletten-Container 4-teilig aus Wellpappe\" href=\"https:\/\/www.pack-verde.com\/at\/P\/151E17-L\/Versandverpackungen\/Palettieren\/Paletten-Container-4-teilig-aus-Wellpappe.html\" target=\"_blank\" rel=\"noopener noreferrer\">Paletten-Co<\/a><a href=\"https:\/\/www.pack-verde.com\/at\/paletten-container-4-teilig-aus-wellpappe\" target=\"_blank\" rel=\"noreferrer noopener\">n<\/a><a title=\"Zum Paletten-Container 4-teilig aus Wellpappe\" href=\"https:\/\/www.pack-verde.com\/at\/P\/151E17-L\/Versandverpackungen\/Palettieren\/Paletten-Container-4-teilig-aus-Wellpappe.html\" target=\"_blank\" rel=\"noopener noreferrer\">tainern aus Wellpappe<\/a> f\u00fcr die Logistikbranche \u00fcber <a href=\"https:\/\/www.pack-verde.com\/at\/themenshops\/nachhaltige-thermoverpackungen\/\" target=\"_blank\" rel=\"noreferrer noopener\">Thermo-Isolierboxen<\/a> f\u00fcr den Lebensmittel-Transport bis hin zu <a href=\"https:\/\/www.pack-verde.com\/at\/versandverpackungen\/versandtaschen\/\" target=\"_blank\" rel=\"noreferrer noopener\">Versandtaschen<\/a> f\u00fcr den B\u00fcrobedarf.<\/p>\n\n\n\n<p>Auch in den Waschr\u00e4umen k\u00f6nnen Unternehmen auf nachhaltige Alternativen setzen. <a href=\"https:\/\/www.pack-verde.com\/at\/hygiene-produkte\/papierhandtuecher-und-spender\/\" target=\"_blank\" rel=\"noreferrer noopener\">Papierhandt\u00fccher<\/a>, <a href=\"https:\/\/www.pack-verde.com\/at\/hygiene-produkte\/toilettenpapier\/\" target=\"_blank\" rel=\"noreferrer noopener\">Toilettenpapier<\/a> und <a href=\"https:\/\/www.pack-verde.com\/at\/hygiene-produkte\/putzrollen-und-reinigungstuecher\/\" target=\"_blank\" rel=\"noreferrer noopener\">Putzt\u00fccher<\/a> aus recyceltem und recyclingf\u00e4higem Material sind echte Alternativen zu den herk\u00f6mmlichen Hygieneartikeln. Zum Beispiel gibt es Papierhandt\u00fccher in unterschiedlichen Qualit\u00e4ten: <\/p>\n\n\n\n<ul class=\"wp-block-list\"><li><strong>Zellstoff-Qualit\u00e4t<\/strong>: besteht aus reiner Neuware und ist daher besonders saugstark, rei\u00df- und nassfest. <br><br><\/li><li><strong>Zellstoff-Mix-Qualit\u00e4t<\/strong>: dank der Mischung aus Prim\u00e4r- und Recyclingfasern ressourcenschonend und zugleich nassfest. <br><br><\/li><li><strong>Recycling-Qualit\u00e4t<\/strong>: aus Sekund\u00e4rfasern gewonnen sind die T\u00fccher besonders umweltfreundlich. <\/li><\/ul>\n\n\n\n<p>Durch die Verarbeitung von bereits recycelten Materialien oder solchen, die nach Gebrauch recycelt werden k\u00f6nnen, sparen Sie Ressourcen ein und entscheiden sich somit f\u00fcr nachhaltige Hygieneartikel. Papierhandt\u00fccher mit V-Falz erm\u00f6glichen au\u00dferdem eine praktische und sparsame Einzelentnahme, wodurch zus\u00e4tzlich Materialien eingespart werden.<\/p>\n\n\n\n<hr class=\"wp-block-separator has-css-opacity\"\/>\n\n\n\n<h3 class=\"wp-block-heading\">W\u00e4hlen Sie nachhaltige Verpackungen<\/h3>\n\n\n\n<p>Neben nachhaltigen B\u00fcroartikeln, Hygienepapieren und Versandverpackungen gibt es noch viele weitere Verpackungsprodukte, die Ihnen im B\u00fcro-Alltag begegnen, bei denen sich der Umstieg auf umweltfreundlichere Varianten lohnt. In der K\u00fcche, der Kantine und am Kaffeeautomaten lassen sich kleine Ver\u00e4nderungen mit gro\u00dfer Wirkung spielend leicht vornehmen. Ersetzen Sie Einweggeschirr aus Kunststoff durch solches aus nachhaltigen Materialien wie Papier, Bagasse oder Bambus und stellen Sie Ihren Angestellten nachhaltige Kaffeebecher zur Verf\u00fcgung.<\/p>\n\n\n\n<p>Entdecken Sie unser <a href=\"https:\/\/www.pack-verde.com\/at\/lebensmittelverpackungen\/bio-einweggeschirr-und-besteck\/\" target=\"_blank\" rel=\"noreferrer noopener\">umweltfreundliches Einweggeschirr<\/a>!<\/p>\n\n\n\n<hr class=\"wp-block-separator has-css-opacity\"\/>\n\n\n\n<h2 class=\"wp-block-heading\">Machen Sie den Test: Wie nachhaltig ist Ihr Unternehmen?<\/h2>\n\n\n\n<p>Nachhaltigkeit beginnt also mit der Aufkl\u00e4rung und dem Zugang zu Informationen \u2013 sowohl im Privaten als auch im Unternehmens-Umfeld. Wie viel Wissen haben Sie bereits \u00fcber das Thema Nachhaltigkeit und wie nachhaltig ist die Umsetzung Ihrer firmeninternen Ma\u00dfnahmen? Wir haben einen Test entwickelt, der konkrete Schritte abfragt und Ihnen eine Einsch\u00e4tzung \u00fcber die Umweltfreundlichkeit Ihres Betriebs liefert. Vielleicht regt der Test auch zur ein oder anderen Inspiration f\u00fcr Umsetzungsma\u00dfnahmen an?<\/p>\n\n\n\n<p>Test: Bin ich nachhaltig?<\/p>\n\n\n\n<p>Kommunizieren Sie die Ma\u00dfnahmen, die Sie als Unternehmen bereits treffen auch offen \u00fcber Ihre genutzten Kan\u00e4le. Das \u00fcberzeugt interessierte Personen auf Jobsuche ebenso wie potenzielle Neukunden. Wenn Sie weitere Fragen oder Anmerkungen zum Thema Nachhaltigkeit im beruflichen Umfeld haben, treten Sie gerne mit uns in Kontakt und st\u00f6bern Sie durch unser Sortiment an umweltfreundlichen Produkten f\u00fcr alle m\u00f6glichen Anl\u00e4sse!<\/p>\n","protected":false},"excerpt":{"rendered":"<p>Nachhaltigkeit ist heutzutage in aller Munde und immer mehr Menschen in Deutschland geben laut einer Studie der GroupM an, dass ihnen das Thema am Herzen liegt. Nachhaltigkeit im Unternehmen ist immer wichtiger geworden. Das Thema Umweltschutz ist somit mitten in der Gesellschaft angekommen. Doch Interesse allein reicht nicht aus, um unsere Zukunft gr\u00fcner zu gestalten.&hellip;<\/p>\n","protected":false},"author":7,"featured_media":15823,"comment_status":"open","ping_status":"open","sticky":false,"template":"","format":"standard","meta":{"footnotes":""},"categories":[103,112],"tags":[],"m2-product-id":[],"class_list":["post-16624","post","type-post","status-publish","format-standard","has-post-thumbnail","hentry","category-nachhaltigkeit","category-praxistipps","category-103","category-112","description-off"],"yoast_head":"<!-- This site is optimized with the Yoast SEO plugin v27.4 - https:\/\/yoast.com\/product\/yoast-seo-wordpress\/ -->\n<title>packVerde - Der gr\u00fcne Leitfaden: Nachhaltigkeit im Unternehmen<\/title>\n<meta name=\"description\" content=\"Der gr\u00fcne Leitfaden f\u00fcr Ihr Unternehmen - Nachhaltigkeit im Unternehmen | Mit unseren Ideen macht Nachhaltigkeit Spa\u00df! Erfahren Sie mehr!\" \/>\n<meta name=\"robots\" content=\"index, follow, max-snippet:-1, max-image-preview:large, max-video-preview:-1\" \/>\n<link rel=\"canonical\" href=\"https:\/\/www.pack-verde.com\/blog\/at\/nachhaltigkeit\/nachhaltigkeit-im-unternehmen-in-4-schritten-zur-gruenen-unternehmensstrategie\/\" \/>\n<meta property=\"og:locale\" content=\"de_DE\" \/>\n<meta property=\"og:type\" content=\"article\" \/>\n<meta property=\"og:title\" content=\"packVerde - Der gr\u00fcne Leitfaden: Nachhaltigkeit im Unternehmen\" \/>\n<meta property=\"og:description\" content=\"Der gr\u00fcne Leitfaden f\u00fcr Ihr Unternehmen - Nachhaltigkeit im Unternehmen | Mit unseren Ideen macht Nachhaltigkeit Spa\u00df! Erfahren Sie mehr!\" \/>\n<meta property=\"og:url\" content=\"https:\/\/www.pack-verde.com\/blog\/at\/nachhaltigkeit\/nachhaltigkeit-im-unternehmen-in-4-schritten-zur-gruenen-unternehmensstrategie\/\" \/>\n<meta property=\"og:site_name\" content=\"packVerde\" \/>\n<meta property=\"article:publisher\" content=\"https:\/\/www.facebook.com\/packVerdeVerpackungen\" \/>\n<meta property=\"article:published_time\" content=\"2021-02-11T23:00:00+00:00\" \/>\n<meta property=\"article:modified_time\" content=\"2022-06-13T10:58:48+00:00\" \/>\n<meta property=\"og:image\" content=\"https:\/\/www.pack-verde.com\/blog\/wp-content\/uploads\/2021\/03\/Nachhaltigkeit-im-Unternehmen_HB.png\" \/>\n\t<meta property=\"og:image:width\" content=\"720\" \/>\n\t<meta property=\"og:image:height\" content=\"375\" \/>\n\t<meta property=\"og:image:type\" content=\"image\/png\" \/>\n<meta name=\"author\" content=\"Andreas M\u00fcller\" \/>\n<meta name=\"twitter:card\" content=\"summary_large_image\" \/>\n<meta name=\"twitter:label1\" content=\"Verfasst von\" \/>\n\t<meta name=\"twitter:data1\" content=\"Andreas M\u00fcller\" \/>\n\t<meta name=\"twitter:label2\" content=\"Gesch\u00e4tzte Lesezeit\" \/>\n\t<meta name=\"twitter:data2\" content=\"10 Minuten\" \/>\n<script type=\"application\/ld+json\" class=\"yoast-schema-graph\">{\"@context\":\"https:\\\/\\\/schema.org\",\"@graph\":[{\"@type\":\"Article\",\"@id\":\"https:\\\/\\\/www.pack-verde.com\\\/blog\\\/at\\\/nachhaltigkeit\\\/nachhaltigkeit-im-unternehmen-in-4-schritten-zur-gruenen-unternehmensstrategie\\\/#article\",\"isPartOf\":{\"@id\":\"https:\\\/\\\/www.pack-verde.com\\\/blog\\\/at\\\/nachhaltigkeit\\\/nachhaltigkeit-im-unternehmen-in-4-schritten-zur-gruenen-unternehmensstrategie\\\/\"},\"author\":{\"name\":\"Andreas M\u00fcller\",\"@id\":\"https:\\\/\\\/www.pack-verde.com\\\/blog\\\/ch-de\\\/#\\\/schema\\\/person\\\/10905245ae36fcc6dab8c5f4216929c4\"},\"headline\":\"Nachhaltigkeit im Unternehmen \u2013 in 4 Schritten zur gr\u00fcnen Unternehmensstrategie\",\"datePublished\":\"2021-02-11T23:00:00+00:00\",\"dateModified\":\"2022-06-13T10:58:48+00:00\",\"mainEntityOfPage\":{\"@id\":\"https:\\\/\\\/www.pack-verde.com\\\/blog\\\/at\\\/nachhaltigkeit\\\/nachhaltigkeit-im-unternehmen-in-4-schritten-zur-gruenen-unternehmensstrategie\\\/\"},\"wordCount\":1794,\"commentCount\":0,\"publisher\":{\"@id\":\"https:\\\/\\\/www.pack-verde.com\\\/blog\\\/ch-de\\\/#organization\"},\"image\":{\"@id\":\"https:\\\/\\\/www.pack-verde.com\\\/blog\\\/at\\\/nachhaltigkeit\\\/nachhaltigkeit-im-unternehmen-in-4-schritten-zur-gruenen-unternehmensstrategie\\\/#primaryimage\"},\"thumbnailUrl\":\"https:\\\/\\\/www.pack-verde.com\\\/blog\\\/wp-content\\\/uploads\\\/2021\\\/03\\\/Nachhaltigkeit-im-Unternehmen_HB.png\",\"articleSection\":[\"Nachhaltigkeit\",\"Praxis-Tipps\"],\"inLanguage\":\"de-AT\",\"potentialAction\":[{\"@type\":\"CommentAction\",\"name\":\"Comment\",\"target\":[\"https:\\\/\\\/www.pack-verde.com\\\/blog\\\/at\\\/nachhaltigkeit\\\/nachhaltigkeit-im-unternehmen-in-4-schritten-zur-gruenen-unternehmensstrategie\\\/#respond\"]}]},{\"@type\":\"WebPage\",\"@id\":\"https:\\\/\\\/www.pack-verde.com\\\/blog\\\/at\\\/nachhaltigkeit\\\/nachhaltigkeit-im-unternehmen-in-4-schritten-zur-gruenen-unternehmensstrategie\\\/\",\"url\":\"https:\\\/\\\/www.pack-verde.com\\\/blog\\\/at\\\/nachhaltigkeit\\\/nachhaltigkeit-im-unternehmen-in-4-schritten-zur-gruenen-unternehmensstrategie\\\/\",\"name\":\"packVerde - Der gr\u00fcne Leitfaden: Nachhaltigkeit im Unternehmen\",\"isPartOf\":{\"@id\":\"https:\\\/\\\/www.pack-verde.com\\\/blog\\\/ch-de\\\/#website\"},\"primaryImageOfPage\":{\"@id\":\"https:\\\/\\\/www.pack-verde.com\\\/blog\\\/at\\\/nachhaltigkeit\\\/nachhaltigkeit-im-unternehmen-in-4-schritten-zur-gruenen-unternehmensstrategie\\\/#primaryimage\"},\"image\":{\"@id\":\"https:\\\/\\\/www.pack-verde.com\\\/blog\\\/at\\\/nachhaltigkeit\\\/nachhaltigkeit-im-unternehmen-in-4-schritten-zur-gruenen-unternehmensstrategie\\\/#primaryimage\"},\"thumbnailUrl\":\"https:\\\/\\\/www.pack-verde.com\\\/blog\\\/wp-content\\\/uploads\\\/2021\\\/03\\\/Nachhaltigkeit-im-Unternehmen_HB.png\",\"datePublished\":\"2021-02-11T23:00:00+00:00\",\"dateModified\":\"2022-06-13T10:58:48+00:00\",\"description\":\"Der gr\u00fcne Leitfaden f\u00fcr Ihr Unternehmen - Nachhaltigkeit im Unternehmen | Mit unseren Ideen macht Nachhaltigkeit Spa\u00df! Erfahren Sie mehr!\",\"breadcrumb\":{\"@id\":\"https:\\\/\\\/www.pack-verde.com\\\/blog\\\/at\\\/nachhaltigkeit\\\/nachhaltigkeit-im-unternehmen-in-4-schritten-zur-gruenen-unternehmensstrategie\\\/#breadcrumb\"},\"inLanguage\":\"de-AT\",\"potentialAction\":[{\"@type\":\"ReadAction\",\"target\":[\"https:\\\/\\\/www.pack-verde.com\\\/blog\\\/at\\\/nachhaltigkeit\\\/nachhaltigkeit-im-unternehmen-in-4-schritten-zur-gruenen-unternehmensstrategie\\\/\"]}]},{\"@type\":\"ImageObject\",\"inLanguage\":\"de-AT\",\"@id\":\"https:\\\/\\\/www.pack-verde.com\\\/blog\\\/at\\\/nachhaltigkeit\\\/nachhaltigkeit-im-unternehmen-in-4-schritten-zur-gruenen-unternehmensstrategie\\\/#primaryimage\",\"url\":\"https:\\\/\\\/www.pack-verde.com\\\/blog\\\/wp-content\\\/uploads\\\/2021\\\/03\\\/Nachhaltigkeit-im-Unternehmen_HB.png\",\"contentUrl\":\"https:\\\/\\\/www.pack-verde.com\\\/blog\\\/wp-content\\\/uploads\\\/2021\\\/03\\\/Nachhaltigkeit-im-Unternehmen_HB.png\",\"width\":720,\"height\":375,\"caption\":\"Nachhaltigkeit im Unternehmen HB\"},{\"@type\":\"BreadcrumbList\",\"@id\":\"https:\\\/\\\/www.pack-verde.com\\\/blog\\\/at\\\/nachhaltigkeit\\\/nachhaltigkeit-im-unternehmen-in-4-schritten-zur-gruenen-unternehmensstrategie\\\/#breadcrumb\",\"itemListElement\":[{\"@type\":\"ListItem\",\"position\":1,\"name\":\"Startseite\",\"item\":\"https:\\\/\\\/www.pack-verde.com\\\/blog\\\/at\\\/\"},{\"@type\":\"ListItem\",\"position\":2,\"name\":\"Nachhaltigkeit im Unternehmen \u2013 in 4 Schritten zur gr\u00fcnen Unternehmensstrategie\"}]},{\"@type\":\"WebSite\",\"@id\":\"https:\\\/\\\/www.pack-verde.com\\\/blog\\\/ch-de\\\/#website\",\"url\":\"https:\\\/\\\/www.pack-verde.com\\\/blog\\\/ch-de\\\/\",\"name\":\"packVerde\",\"description\":\"achtsam verpackt\",\"publisher\":{\"@id\":\"https:\\\/\\\/www.pack-verde.com\\\/blog\\\/ch-de\\\/#organization\"},\"potentialAction\":[{\"@type\":\"SearchAction\",\"target\":{\"@type\":\"EntryPoint\",\"urlTemplate\":\"https:\\\/\\\/www.pack-verde.com\\\/blog\\\/ch-de\\\/?s={search_term_string}\"},\"query-input\":{\"@type\":\"PropertyValueSpecification\",\"valueRequired\":true,\"valueName\":\"search_term_string\"}}],\"inLanguage\":\"de-AT\"},{\"@type\":\"Organization\",\"@id\":\"https:\\\/\\\/www.pack-verde.com\\\/blog\\\/ch-de\\\/#organization\",\"name\":\"packVerde Blog\",\"url\":\"https:\\\/\\\/www.pack-verde.com\\\/blog\\\/ch-de\\\/\",\"logo\":{\"@type\":\"ImageObject\",\"inLanguage\":\"de-AT\",\"@id\":\"https:\\\/\\\/www.pack-verde.com\\\/blog\\\/ch-de\\\/#\\\/schema\\\/logo\\\/image\\\/\",\"url\":\"https:\\\/\\\/www.pack-verde.com\\\/blog\\\/wp-content\\\/uploads\\\/2021\\\/03\\\/packVerde-logo-150w.png\",\"contentUrl\":\"https:\\\/\\\/www.pack-verde.com\\\/blog\\\/wp-content\\\/uploads\\\/2021\\\/03\\\/packVerde-logo-150w.png\",\"width\":150,\"height\":90,\"caption\":\"packVerde Blog\"},\"image\":{\"@id\":\"https:\\\/\\\/www.pack-verde.com\\\/blog\\\/ch-de\\\/#\\\/schema\\\/logo\\\/image\\\/\"},\"sameAs\":[\"https:\\\/\\\/www.facebook.com\\\/packVerdeVerpackungen\",\"https:\\\/\\\/www.linkedin.com\\\/company\\\/packverde\\\/\"]},{\"@type\":\"Person\",\"@id\":\"https:\\\/\\\/www.pack-verde.com\\\/blog\\\/ch-de\\\/#\\\/schema\\\/person\\\/10905245ae36fcc6dab8c5f4216929c4\",\"name\":\"Andreas M\u00fcller\",\"image\":{\"@type\":\"ImageObject\",\"inLanguage\":\"de-AT\",\"@id\":\"https:\\\/\\\/secure.gravatar.com\\\/avatar\\\/541f778ee667975c0ba1747a69b15f0e000df6bfad80139825efdd6c0bec2b05?s=96&d=mm&r=g\",\"url\":\"https:\\\/\\\/secure.gravatar.com\\\/avatar\\\/541f778ee667975c0ba1747a69b15f0e000df6bfad80139825efdd6c0bec2b05?s=96&d=mm&r=g\",\"contentUrl\":\"https:\\\/\\\/secure.gravatar.com\\\/avatar\\\/541f778ee667975c0ba1747a69b15f0e000df6bfad80139825efdd6c0bec2b05?s=96&d=mm&r=g\",\"caption\":\"Andreas M\u00fcller\"}}]}<\/script>\n<!-- \/ Yoast SEO plugin. -->","yoast_head_json":{"title":"packVerde - Der gr\u00fcne Leitfaden: Nachhaltigkeit im Unternehmen","description":"Der gr\u00fcne Leitfaden f\u00fcr Ihr Unternehmen - Nachhaltigkeit im Unternehmen | Mit unseren Ideen macht Nachhaltigkeit Spa\u00df! Erfahren Sie mehr!","robots":{"index":"index","follow":"follow","max-snippet":"max-snippet:-1","max-image-preview":"max-image-preview:large","max-video-preview":"max-video-preview:-1"},"canonical":"https:\/\/www.pack-verde.com\/blog\/at\/nachhaltigkeit\/nachhaltigkeit-im-unternehmen-in-4-schritten-zur-gruenen-unternehmensstrategie\/","og_locale":"de_DE","og_type":"article","og_title":"packVerde - Der gr\u00fcne Leitfaden: Nachhaltigkeit im Unternehmen","og_description":"Der gr\u00fcne Leitfaden f\u00fcr Ihr Unternehmen - Nachhaltigkeit im Unternehmen | Mit unseren Ideen macht Nachhaltigkeit Spa\u00df! Erfahren Sie mehr!","og_url":"https:\/\/www.pack-verde.com\/blog\/at\/nachhaltigkeit\/nachhaltigkeit-im-unternehmen-in-4-schritten-zur-gruenen-unternehmensstrategie\/","og_site_name":"packVerde","article_publisher":"https:\/\/www.facebook.com\/packVerdeVerpackungen","article_published_time":"2021-02-11T23:00:00+00:00","article_modified_time":"2022-06-13T10:58:48+00:00","og_image":[{"width":720,"height":375,"url":"https:\/\/www.pack-verde.com\/blog\/wp-content\/uploads\/2021\/03\/Nachhaltigkeit-im-Unternehmen_HB.png","type":"image\/png"}],"author":"Andreas M\u00fcller","twitter_card":"summary_large_image","twitter_misc":{"Verfasst von":"Andreas M\u00fcller","Gesch\u00e4tzte Lesezeit":"10 Minuten"},"schema":{"@context":"https:\/\/schema.org","@graph":[{"@type":"Article","@id":"https:\/\/www.pack-verde.com\/blog\/at\/nachhaltigkeit\/nachhaltigkeit-im-unternehmen-in-4-schritten-zur-gruenen-unternehmensstrategie\/#article","isPartOf":{"@id":"https:\/\/www.pack-verde.com\/blog\/at\/nachhaltigkeit\/nachhaltigkeit-im-unternehmen-in-4-schritten-zur-gruenen-unternehmensstrategie\/"},"author":{"name":"Andreas M\u00fcller","@id":"https:\/\/www.pack-verde.com\/blog\/ch-de\/#\/schema\/person\/10905245ae36fcc6dab8c5f4216929c4"},"headline":"Nachhaltigkeit im Unternehmen \u2013 in 4 Schritten zur gr\u00fcnen Unternehmensstrategie","datePublished":"2021-02-11T23:00:00+00:00","dateModified":"2022-06-13T10:58:48+00:00","mainEntityOfPage":{"@id":"https:\/\/www.pack-verde.com\/blog\/at\/nachhaltigkeit\/nachhaltigkeit-im-unternehmen-in-4-schritten-zur-gruenen-unternehmensstrategie\/"},"wordCount":1794,"commentCount":0,"publisher":{"@id":"https:\/\/www.pack-verde.com\/blog\/ch-de\/#organization"},"image":{"@id":"https:\/\/www.pack-verde.com\/blog\/at\/nachhaltigkeit\/nachhaltigkeit-im-unternehmen-in-4-schritten-zur-gruenen-unternehmensstrategie\/#primaryimage"},"thumbnailUrl":"https:\/\/www.pack-verde.com\/blog\/wp-content\/uploads\/2021\/03\/Nachhaltigkeit-im-Unternehmen_HB.png","articleSection":["Nachhaltigkeit","Praxis-Tipps"],"inLanguage":"de-AT","potentialAction":[{"@type":"CommentAction","name":"Comment","target":["https:\/\/www.pack-verde.com\/blog\/at\/nachhaltigkeit\/nachhaltigkeit-im-unternehmen-in-4-schritten-zur-gruenen-unternehmensstrategie\/#respond"]}]},{"@type":"WebPage","@id":"https:\/\/www.pack-verde.com\/blog\/at\/nachhaltigkeit\/nachhaltigkeit-im-unternehmen-in-4-schritten-zur-gruenen-unternehmensstrategie\/","url":"https:\/\/www.pack-verde.com\/blog\/at\/nachhaltigkeit\/nachhaltigkeit-im-unternehmen-in-4-schritten-zur-gruenen-unternehmensstrategie\/","name":"packVerde - Der gr\u00fcne Leitfaden: Nachhaltigkeit im Unternehmen","isPartOf":{"@id":"https:\/\/www.pack-verde.com\/blog\/ch-de\/#website"},"primaryImageOfPage":{"@id":"https:\/\/www.pack-verde.com\/blog\/at\/nachhaltigkeit\/nachhaltigkeit-im-unternehmen-in-4-schritten-zur-gruenen-unternehmensstrategie\/#primaryimage"},"image":{"@id":"https:\/\/www.pack-verde.com\/blog\/at\/nachhaltigkeit\/nachhaltigkeit-im-unternehmen-in-4-schritten-zur-gruenen-unternehmensstrategie\/#primaryimage"},"thumbnailUrl":"https:\/\/www.pack-verde.com\/blog\/wp-content\/uploads\/2021\/03\/Nachhaltigkeit-im-Unternehmen_HB.png","datePublished":"2021-02-11T23:00:00+00:00","dateModified":"2022-06-13T10:58:48+00:00","description":"Der gr\u00fcne Leitfaden f\u00fcr Ihr Unternehmen - Nachhaltigkeit im Unternehmen | Mit unseren Ideen macht Nachhaltigkeit Spa\u00df! Erfahren Sie mehr!","breadcrumb":{"@id":"https:\/\/www.pack-verde.com\/blog\/at\/nachhaltigkeit\/nachhaltigkeit-im-unternehmen-in-4-schritten-zur-gruenen-unternehmensstrategie\/#breadcrumb"},"inLanguage":"de-AT","potentialAction":[{"@type":"ReadAction","target":["https:\/\/www.pack-verde.com\/blog\/at\/nachhaltigkeit\/nachhaltigkeit-im-unternehmen-in-4-schritten-zur-gruenen-unternehmensstrategie\/"]}]},{"@type":"ImageObject","inLanguage":"de-AT","@id":"https:\/\/www.pack-verde.com\/blog\/at\/nachhaltigkeit\/nachhaltigkeit-im-unternehmen-in-4-schritten-zur-gruenen-unternehmensstrategie\/#primaryimage","url":"https:\/\/www.pack-verde.com\/blog\/wp-content\/uploads\/2021\/03\/Nachhaltigkeit-im-Unternehmen_HB.png","contentUrl":"https:\/\/www.pack-verde.com\/blog\/wp-content\/uploads\/2021\/03\/Nachhaltigkeit-im-Unternehmen_HB.png","width":720,"height":375,"caption":"Nachhaltigkeit im Unternehmen HB"},{"@type":"BreadcrumbList","@id":"https:\/\/www.pack-verde.com\/blog\/at\/nachhaltigkeit\/nachhaltigkeit-im-unternehmen-in-4-schritten-zur-gruenen-unternehmensstrategie\/#breadcrumb","itemListElement":[{"@type":"ListItem","position":1,"name":"Startseite","item":"https:\/\/www.pack-verde.com\/blog\/at\/"},{"@type":"ListItem","position":2,"name":"Nachhaltigkeit im Unternehmen \u2013 in 4 Schritten zur gr\u00fcnen Unternehmensstrategie"}]},{"@type":"WebSite","@id":"https:\/\/www.pack-verde.com\/blog\/ch-de\/#website","url":"https:\/\/www.pack-verde.com\/blog\/ch-de\/","name":"packVerde","description":"achtsam verpackt","publisher":{"@id":"https:\/\/www.pack-verde.com\/blog\/ch-de\/#organization"},"potentialAction":[{"@type":"SearchAction","target":{"@type":"EntryPoint","urlTemplate":"https:\/\/www.pack-verde.com\/blog\/ch-de\/?s={search_term_string}"},"query-input":{"@type":"PropertyValueSpecification","valueRequired":true,"valueName":"search_term_string"}}],"inLanguage":"de-AT"},{"@type":"Organization","@id":"https:\/\/www.pack-verde.com\/blog\/ch-de\/#organization","name":"packVerde Blog","url":"https:\/\/www.pack-verde.com\/blog\/ch-de\/","logo":{"@type":"ImageObject","inLanguage":"de-AT","@id":"https:\/\/www.pack-verde.com\/blog\/ch-de\/#\/schema\/logo\/image\/","url":"https:\/\/www.pack-verde.com\/blog\/wp-content\/uploads\/2021\/03\/packVerde-logo-150w.png","contentUrl":"https:\/\/www.pack-verde.com\/blog\/wp-content\/uploads\/2021\/03\/packVerde-logo-150w.png","width":150,"height":90,"caption":"packVerde Blog"},"image":{"@id":"https:\/\/www.pack-verde.com\/blog\/ch-de\/#\/schema\/logo\/image\/"},"sameAs":["https:\/\/www.facebook.com\/packVerdeVerpackungen","https:\/\/www.linkedin.com\/company\/packverde\/"]},{"@type":"Person","@id":"https:\/\/www.pack-verde.com\/blog\/ch-de\/#\/schema\/person\/10905245ae36fcc6dab8c5f4216929c4","name":"Andreas M\u00fcller","image":{"@type":"ImageObject","inLanguage":"de-AT","@id":"https:\/\/secure.gravatar.com\/avatar\/541f778ee667975c0ba1747a69b15f0e000df6bfad80139825efdd6c0bec2b05?s=96&d=mm&r=g","url":"https:\/\/secure.gravatar.com\/avatar\/541f778ee667975c0ba1747a69b15f0e000df6bfad80139825efdd6c0bec2b05?s=96&d=mm&r=g","contentUrl":"https:\/\/secure.gravatar.com\/avatar\/541f778ee667975c0ba1747a69b15f0e000df6bfad80139825efdd6c0bec2b05?s=96&d=mm&r=g","caption":"Andreas M\u00fcller"}}]}},"magento_index":true,"_links":{"self":[{"href":"https:\/\/www.pack-verde.com\/blog\/at\/wp-json\/wp\/v2\/posts\/16624","targetHints":{"allow":["GET"]}}],"collection":[{"href":"https:\/\/www.pack-verde.com\/blog\/at\/wp-json\/wp\/v2\/posts"}],"about":[{"href":"https:\/\/www.pack-verde.com\/blog\/at\/wp-json\/wp\/v2\/types\/post"}],"author":[{"embeddable":true,"href":"https:\/\/www.pack-verde.com\/blog\/at\/wp-json\/wp\/v2\/users\/7"}],"replies":[{"embeddable":true,"href":"https:\/\/www.pack-verde.com\/blog\/at\/wp-json\/wp\/v2\/comments?post=16624"}],"version-history":[{"count":4,"href":"https:\/\/www.pack-verde.com\/blog\/at\/wp-json\/wp\/v2\/posts\/16624\/revisions"}],"predecessor-version":[{"id":17815,"href":"https:\/\/www.pack-verde.com\/blog\/at\/wp-json\/wp\/v2\/posts\/16624\/revisions\/17815"}],"wp:featuredmedia":[{"embeddable":true,"href":"https:\/\/www.pack-verde.com\/blog\/at\/wp-json\/wp\/v2\/media\/15823"}],"wp:attachment":[{"href":"https:\/\/www.pack-verde.com\/blog\/at\/wp-json\/wp\/v2\/media?parent=16624"}],"wp:term":[{"taxonomy":"category","embeddable":true,"href":"https:\/\/www.pack-verde.com\/blog\/at\/wp-json\/wp\/v2\/categories?post=16624"},{"taxonomy":"post_tag","embeddable":true,"href":"https:\/\/www.pack-verde.com\/blog\/at\/wp-json\/wp\/v2\/tags?post=16624"},{"taxonomy":"m2-product-id","embeddable":true,"href":"https:\/\/www.pack-verde.com\/blog\/at\/wp-json\/wp\/v2\/m2-product-id?post=16624"}],"curies":[{"name":"wp","href":"https:\/\/api.w.org\/{rel}","templated":true}]}}