{"id":16625,"date":"2023-11-03T10:49:47","date_gmt":"2023-11-03T09:49:47","guid":{"rendered":"https:\/\/www.pack-verde.com\/blog\/?p=16625"},"modified":"2023-11-03T10:49:49","modified_gmt":"2023-11-03T09:49:49","slug":"so-optimieren-unternehmen-in-oesterreich-ihr-porto-beim-paket-und-briefversand","status":"publish","type":"post","link":"https:\/\/www.pack-verde.com\/blog\/at\/verpackungsratgeber\/so-optimieren-unternehmen-in-oesterreich-ihr-porto-beim-paket-und-briefversand\/","title":{"rendered":"So optimieren Unternehmen in \u00d6sterreich ihr Porto beim Paket- und Briefversand"},"content":{"rendered":"\n<p>Der Versandhandel in \u00d6sterreich w\u00e4chst wie in anderen L\u00e4ndern Europas rasant. Im Jahr 2022 wurde durch die<a href=\"https:\/\/de.statista.com\/statistik\/daten\/studie\/297444\/umfrage\/paketsendungen-oesterreischische-post\/#:~:text=Die%20%C3%96sterreichische%20Post%20AG%20ist,weniger%20als%20im%20Rekordjahr%202021.\"> \u00d6sterreichische Post AG rund 182 Millionen Pakete<\/a> in \u00d6sterreich bef\u00f6rdert. Unternehmen wie Versandh\u00e4ndler tun deshalb gut daran, bei steigendem Paketvolumen auf einen portooptimierten Versand zu setzen. Vor allem durch die Wahl der richten Verpackungsgr\u00f6\u00dfe l\u00e4sst sich bereits viel Porto sparen. Wir zeigen Ihnen deshalb hier die wichtigsten Versanddienstleister aus \u00d6sterreich mit einer \u00dcbersicht \u00fcber Paket- und Briefma\u00dfe.<\/p>\n\n\n\n<figure class=\"wp-block-table\"><table><tbody><tr><td><strong>Praxistipp: Versandoptimierung durch Versand \u00fcber mehrere Paketdienstleister<\/strong><br>Gerade f\u00fcr Online-Shops ist es wichtig, Kunden beim Versand einen guten Service zu bieten. Aus diesem Grund bietet es sich an, dem Kunden die Wahl zwischen mindestens zwei Versanddienstleistern zu lassen. Mit Hilfe der Portooptimierung durch die Wahl der passenden Versandverpackung lassen sich m\u00f6gliche Aufpreise f\u00fcr einen anderen Anbieter ausgleichen. &nbsp;<\/td><\/tr><\/tbody><\/table><\/figure>\n\n\n\n<div style=\"height:50px\" aria-hidden=\"true\" class=\"wp-block-spacer\"><\/div>\n\n\n\n<h2 class=\"wp-block-heading\"><strong>Daran sollten Sie vor dem Versand aus \u00d6sterreich und innerhalb \u00d6sterreichs immer denken<\/strong><\/h2>\n\n\n\n<p>Um Portokosten zu sparen, gibt es verschiedene M\u00f6glichkeiten:<\/p>\n\n\n\n<ul class=\"wp-block-list\">\n<li>Achten Sie auf die richtige Verpackungsgr\u00f6\u00dfe, vor allem bei Briefsendungen. F\u00fcr die n\u00e4chste Gr\u00f6\u00dfe m\u00fcssen Sie mit der \u00d6sterreichischen Post bereits 50 Cent mehr bezahlen. Das sind bei 100 Sendungen schon 50 Euro, die Sie sparen k\u00f6nnen.<\/li>\n\n\n\n<li>Achten Sie beim Versenden von Paketen auch auf das Versandgewicht. Der Unterschied zwischen einem 2 Kilogramm und einem 2,1 Kilogramm schweren Paket macht bei der \u00d6sterreichischen Post 1,20 Euro aus. <a href=\"https:\/\/www.pack-verde.com\/at\/papier-verpackungs-chips\" target=\"_blank\" rel=\"noreferrer noopener\">Verpackungschips aus Papier<\/a> helfen z.B. Gewicht und somit Porto zu sparen.<\/li>\n\n\n\n<li>Ber\u00fccksichtigen Sie bei Dienstleistern wie DPD, DHL-Express oder GLS vor allem die Gr\u00f6\u00dfe des Versandkartons. Das Gewicht spielt f\u00fcr gew\u00f6hnliche Sendungen eine untergeordnete Rolle. Der Schritt zum n\u00e4chstgr\u00f6\u00dferen Paket macht bei DPD 2 Euro aus. Das ergibt bei einem hohen Versandvolumen schnell eine vierstellige Summe, die Sie einsparen k\u00f6nnen.<\/li>\n\n\n\n<li>Vermeiden Sie Sperrgut. Der Versand von Sperrgut ist immer mit Zusatzkosten verbunden. Versuchen Sie, Ihre Waren am besten immer in Standardkartons zu versenden.<\/li>\n\n\n\n<li>Bedenken Sie, dass Express-Versand immer mit Mehrkosten verbunden ist. Mit der \u00d6sterreichischen Post steht Ihnen beim Briefversand z.B. die ECO-Variante zur Auswahl. Der Versand dauert etwas l\u00e4nger, ist aber z.B. beim Standard-Brief 10 Cent g\u00fcnstiger.<\/li>\n<\/ul>\n\n\n\n<div style=\"height:50px\" aria-hidden=\"true\" class=\"wp-block-spacer\"><\/div>\n\n\n\n<h3 class=\"wp-block-heading\"><strong>Nachhaltigkeit durch klimaneutralen Versand st\u00e4rken<\/strong><\/h3>\n\n\n\n<p>Die \u00d6sterreichische Post versendet alle Pakete und Briefe innerhalb \u00d6sterreichs klimaneutral. Das bedeutet, dass der Versanddienstleister zum einen alternative Energieformen unterst\u00fctzt und zum anderen seinen CO<sub>2<\/sub>-Fu\u00dfabdruck durch Kompensationsleistungen ausgleicht, u.a. durch die Unterst\u00fctzung von Klimaschutzprojekten.<\/p>\n\n\n\n<p>DPD und GLS versenden all ihre Pakete klimaneutral. Nutzen Sie UPS als Gesch\u00e4ftskunde, m\u00fcssen Sie die spezielle Option \u201ecarbon neutral\u201c ausw\u00e4hlen, um den Versand durch Kompensation klimaneutral zu machen.<\/p>\n\n\n\n<p><strong>TIPP<\/strong>: packVerde bietet f\u00fcr Gro\u00dfversender g\u00fcnstige Rahmenvertr\u00e4ge f\u00fcr Verpackungsl\u00f6sungen an. Nehmen Sie dazu einfach Kontakt zu uns auf: 07249 483 83.<\/p>\n\n\n<div class=\"wp-block-image\">\n<figure class=\"aligncenter size-full is-resized\"><img decoding=\"async\" width=\"500\" height=\"300\" src=\"https:\/\/www.pack-verde.com\/blog\/wp-content\/uploads\/2021\/11\/Beitragsbild-Karton.jpg\" alt=\"\" class=\"wp-image-17110\" style=\"width:545px;height:327px\" srcset=\"https:\/\/www.pack-verde.com\/blog\/wp-content\/uploads\/2021\/11\/Beitragsbild-Karton.jpg 500w, https:\/\/www.pack-verde.com\/blog\/wp-content\/uploads\/2021\/11\/Beitragsbild-Karton-300x180.jpg 300w\" sizes=\"(max-width: 500px) 100vw, 500px\" \/><\/figure>\n<\/div>\n\n\n<div style=\"height:50px\" aria-hidden=\"true\" class=\"wp-block-spacer\"><\/div>\n\n\n\n<h2 class=\"wp-block-heading\">Versandgr\u00f6\u00dfen mit <strong>Post \u00d6sterreich<\/strong><\/h2>\n\n\n\n<p>Der Briefversand in \u00d6sterreich ist relativ einfach strukturiert. Neben dem Kuvert gibt es die Versandtasche und ein extragro\u00dfes Format, das mit seiner Gr\u00f6\u00dfe zwischen dem P\u00e4ckchen und dem Maxibrief liegt. Die Post gibt hier lediglich eine nicht zu \u00fcberschreitende Gesamtl\u00e4nge und das Ma\u00df der l\u00e4ngsten Seite an. Sie sind somit auch hier bei der Auswahl der Versandverpackung sehr flexibel.<\/p>\n\n\n\n<figure class=\"wp-block-table\"><table><tbody><tr><td><strong>Produkt<\/strong><\/td><td><strong>Ma\u00dfe<\/strong><\/td><td><strong>Gewicht<\/strong><\/td><td><strong>Passende Formate<\/strong><\/td><td><strong>Was kann damit versendet werden?<\/strong><\/td><td><strong>Empfohlene Versandverpackung von packVerde<\/strong><\/td><\/tr><tr><td><strong>Kuvert<br><\/strong><br><\/td><td>L\u00e4nge: bis 23,5 cm<br>Breite: bis 16,2 cm<br>H\u00f6he: bis 0,5 cm <em>Wichtig: nur rechteckige Formate erlaubt<\/em><\/td><td>bis 75 g<\/td><td>DIN B6, 125 \u00d7 176 mm DIN C6, 114 \u00d7 162 mm DIN lang, 110 \u00d7 220 mm<\/td><td>Dokumente gefaltet: 3 DIN A4 Seiten (80g\/m2) Konzerttickets mit Anschreiben Anleitungen Flyer<\/td><td>N\/A<\/td><\/tr><tr><td><strong>Versandtasche<\/strong><br><br><\/td><td>L\u00e4nge: bis 35,3 cm Breite: bis 25 cm H\u00f6he: bis 3 cm <em>Wichtig: nur rechteckige Formate erlaubt<\/em><\/td><td>bis 2 kg<\/td><td>A5, C5, B5, A4, C4, B4 &nbsp;<\/td><td>bis zu 100 DIN A4 Seiten (80g\/m2) Brosch\u00fcren, Expos\u00e9s<\/td><td><ul><li><a href=\"https:\/\/www.pack-verde.com\/at\/mecastar-s-karton-versandtasche-mit-selbstklebeverschluss\">MECASTAR\u00ae S Karton-Versandtasche mit Selbstklebeverschluss<\/a><\/li><\/ul><\/td><\/tr><tr><td><strong>\u201eGro\u00dfbrief\u201c<br><\/strong><br><\/td><td>L\u00e4nge + Breite + H\u00f6he bis 90 cm, l\u00e4ngste Seite 50 cm<\/td><td>bis 2 kg<\/td><td>u.a. A5, C5, B5, A4, C4, B4 &nbsp;<\/td><td>bis zu 100 DIN A4 Seiten (80g\/m2) Brosch\u00fcren, Expos\u00e9s B\u00fccher<\/td><td> <ul><li><a href=\"https:\/\/www.pack-verde.com\/at\/maxi-post-versandkarton\">MAXI-POST Versandkarton<\/a><\/li><\/ul><br><ul><li><a href=\"https:\/\/www.pack-verde.com\/at\/quick-box-light\">QUICK-BOX\u00ae LIGHT<\/a><\/li><\/ul><br><ul><li><a href=\"https:\/\/www.pack-verde.com\/at\/versandverpackungen\/versandtaschen\/\">Versandtaschen<\/a><\/li><\/ul><br><\/td><\/tr><\/tbody><\/table><\/figure>\n\n\n\n<div style=\"height:10px\" aria-hidden=\"true\" class=\"wp-block-spacer\"><\/div>\n\n\n\n<div class=\"wp-block-buttons is-layout-flex wp-block-buttons-is-layout-flex\">\n<div class=\"wp-block-button is-style-outline is-style-outline--1\"><a class=\"wp-block-button__link wp-element-button\" href=\"https:\/\/www.post.at\/g\/c\/brief-tarife-geschaeftlich\">B2B-Preise f\u00fcr den Briefversand mit der \u00d6sterreichischen Post<\/a><\/div>\n<\/div>\n\n\n\n<div style=\"height:50px\" aria-hidden=\"true\" class=\"wp-block-spacer\"><\/div>\n\n\n\n<h3 class=\"wp-block-heading\"><strong>Pakete mit der \u00d6sterreichischen Post versenden<\/strong><\/h3>\n\n\n\n<p>Die \u00d6sterreichische Post berechnet die Versandkosten bei Paketen vor allem nach dem Gewicht. Somit sind Sie in Bezug auf die Portooptimierung bei der Wahl der Gr\u00f6\u00dfe des Versandkartons relativ flexibel.<\/p>\n\n\n\n<figure class=\"wp-block-table\"><table><tbody><tr><td><strong>Produkt<\/strong><\/td><td><strong>Ma\u00dfe<\/strong><\/td><td><strong>Gewicht<\/strong><\/td><td><strong>Empfohlene Versandverpackung von packVerde<\/strong><\/td><\/tr><tr><td>Pakete\/Quader<\/td><td>L\u00e4nge: bis 100 cm<br>Breite: bis 60 cm<br>H\u00f6he: bis 60 cm<\/td><td>bis 31,5 kg<\/td><td><br><ul><li><a href=\"https:\/\/www.pack-verde.com\/at\/versandbox-eco-mit-doppeltem-selbstklebeverschluss\">COMFORT-BOX RETURN PLUS wiederverschlie\u00dfbar<\/a><\/li><\/ul><br><ul><li><a href=\"https:\/\/www.pack-verde.com\/at\/niveau-box-s-hoehenvariabel-mit-selbstklebeverschluss\">COMFORT-BOX mit Selbstklebeverschluss<\/a><\/li><\/ul> &nbsp;<\/td><\/tr><\/tbody><\/table><\/figure>\n\n\n\n<div style=\"height:10px\" aria-hidden=\"true\" class=\"wp-block-spacer\"><\/div>\n\n\n\n<div class=\"wp-block-buttons is-layout-flex wp-block-buttons-is-layout-flex\">\n<div class=\"wp-block-button is-style-outline is-style-outline--2\"><a class=\"wp-block-button__link wp-element-button\" href=\"https:\/\/www.post.at\/g\/c\/paket-tarife-geschaeftlich#1372599352\">Preis\u00fcbersicht f\u00fcr den Paketversand \u00fcber die \u00d6sterreichische Post<\/a><\/div>\n<\/div>\n\n\n\n<div style=\"height:20px\" aria-hidden=\"true\" class=\"wp-block-spacer\"><\/div>\n\n\n\n<p>TIPP: Versanddienstleister geben immer nur die maximalen Au\u00dfenma\u00dfe an. packVerde zeigt Ihnen hingegen bei Versandverpackungen immer die Innenma\u00dfe an. So k\u00f6nnen Sie die Verpackung optimal f\u00fcr Ihr Produkt ausw\u00e4hlen.<\/p>\n\n\n\n<div style=\"height:50px\" aria-hidden=\"true\" class=\"wp-block-spacer\"><\/div>\n\n\n\n<h2 class=\"wp-block-heading\">Paketversand in \u00d6sterreich mit <strong>DHL Express<\/strong><\/h2>\n\n\n\n<p>Auch DHL ist in \u00d6sterreich vertreten. Als Versender haben Sie die Wahl zwischen Standard- und Express-Service.<\/p>\n\n\n\n<p>Die maximale Paketgr\u00f6\u00dfe betr\u00e4gt 120 x 80 x 80 cm und das maximale Versandgewicht liegt bei 70 Kilogramm. finden Sie hier:<\/p>\n\n\n\n<div style=\"height:10px\" aria-hidden=\"true\" class=\"wp-block-spacer\"><\/div>\n\n\n\n<div class=\"wp-block-buttons is-layout-flex wp-block-buttons-is-layout-flex\">\n<div class=\"wp-block-button is-style-outline is-style-outline--3\"><a class=\"wp-block-button__link wp-element-button\" href=\"https:\/\/mydhl.express.dhl\/at\/de\/ship\/delivery-services.html\">Eine \u00dcbersicht \u00fcber die DHL-Leistungen in \u00d6sterreich<\/a><\/div>\n<\/div>\n\n\n\n<div style=\"height:20px\" aria-hidden=\"true\" class=\"wp-block-spacer\"><\/div>\n\n\n\n<p>Empfehlenswert f\u00fcr den Versand mit DHL sind u.a. unsere <a href=\"https:\/\/www.pack-verde.com\/at\/faltkarton-2-wellig-braun\">Faltschachteln, 2-wellig in Braun<\/a>.<\/p>\n\n\n\n<div style=\"height:10px\" aria-hidden=\"true\" class=\"wp-block-spacer\"><\/div>\n\n\n\n<div class=\"wp-block-buttons is-layout-flex wp-block-buttons-is-layout-flex\">\n<div class=\"wp-block-button is-style-outline is-style-outline--4\"><a class=\"wp-block-button__link wp-element-button\" href=\"https:\/\/www.dhl.com\/at-de\/home\/unsere-unternehmensbereiche\/paket\/geschaeftskunden\/kunde-werden.html\">Individuelle Angebote f\u00fcr Gesch\u00e4ftskunden beim Paketversand mit DHL in \u00d6sterreich und innerhalb Europas<\/a><\/div>\n<\/div>\n\n\n\n<div style=\"height:50px\" aria-hidden=\"true\" class=\"wp-block-spacer\"><\/div>\n\n\n\n<h2 class=\"wp-block-heading\"><strong>UPS Versandgr\u00f6\u00dfen in \u00d6sterreich<\/strong><\/h2>\n\n\n\n<p>Wie in anderen L\u00e4ndern auch richtet UPS sein Porto anhand des Gewichts aus. Der Paketdienstleister geht dabei nicht nach festen Paketgr\u00f6\u00dfen bzw. Produkten, sondern bemisst das Porto sehr kleinschrittig anhand des Versandgewichts und der Lieferzone.<\/p>\n\n\n\n<p>Eine Tabelle mit den Tarifen f\u00fcr UPS in \u00d6sterreich finden Sie hier:<\/p>\n\n\n\n<div style=\"height:20px\" aria-hidden=\"true\" class=\"wp-block-spacer\"><\/div>\n\n\n\n<div class=\"wp-block-buttons is-layout-flex wp-block-buttons-is-layout-flex\">\n<div class=\"wp-block-button is-style-outline is-style-outline--5\"><a class=\"wp-block-button__link wp-element-button\" href=\"https:\/\/www.upscontentcentre.com\/html\/austria\">Tabelle mit Tarifen f\u00fcr UPS in \u00d6sterreich<\/a><\/div>\n<\/div>\n\n\n\n<div style=\"height:20px\" aria-hidden=\"true\" class=\"wp-block-spacer\"><\/div>\n\n\n\n<div class=\"wp-block-buttons is-layout-flex wp-block-buttons-is-layout-flex\">\n<div class=\"wp-block-button is-style-outline is-style-outline--6\"><a class=\"wp-block-button__link wp-element-button\" href=\"https:\/\/www.pack-verde.com\/at\/versandverpackungen\/\">Zu den Versandverpackungen<\/a><\/div>\n<\/div>\n\n\n\n<div style=\"height:50px\" aria-hidden=\"true\" class=\"wp-block-spacer\"><\/div>\n\n\n\n<h2 class=\"wp-block-heading\"><strong>DPD Versand in \u00d6sterreich<\/strong><\/h2>\n\n\n\n<figure class=\"wp-block-table\"><table><tbody><tr><td><strong>Paketklasse<\/strong><\/td><td><strong>Ma\u00dfe<\/strong><\/td><td><strong>Gewicht<\/strong><\/td><td><strong>Empfohlene Verpackung von packVerde<\/strong><\/td><\/tr><tr><td><strong>DPD S<\/strong><\/td><td>l\u00e4ngste + k\u00fcrzeste Seite max. 50 cm<\/td><td>bis 31 kg<\/td><td> <ul><li><a href=\"https:\/\/www.pack-verde.com\/at\/niveau-box-s-hoehenvariabel-mit-selbstklebeverschluss\">NIVEAU-BOX S h\u00f6henvariabel mit Selbstklebeverschluss<\/a><\/li><\/ul>  <br> <ul><li><a href=\"https:\/\/www.pack-verde.com\/at\/faltschachtel-1-wellig-weiss\">Faltschachtel 1-wellig, wei\u00df<\/a><\/li><\/ul>  <br> <ul><li><a href=\"https:\/\/www.pack-verde.com\/at\/faltkarton-1-wellig-braun\">Faltschachtel 1-wellig, braun<\/a><\/li><\/ul> <\/td><\/tr><tr><td><strong>DPD M<\/strong><\/td><td>l\u00e4ngste + k\u00fcrzeste Seite max. 70 cm<\/td><td>bis 31 kg<\/td><td> <ul><li><a href=\"https:\/\/www.pack-verde.com\/at\/niveau-box-s-hoehenvariabel-mit-selbstklebeverschluss\">NIVEAU-BOX S h\u00f6henvariabel mit Selbstklebeverschluss<\/a><\/li><\/ul>  <br> <ul><li><a href=\"https:\/\/www.pack-verde.com\/at\/faltschachtel-1-wellig-weiss\">Faltkarton 1-wellig, wei\u00df<\/a><\/li><\/ul>  <br> <ul><li><a href=\"https:\/\/www.pack-verde.com\/at\/faltkarton-1-wellig-braun\">Faltschachtel 1-wellig, braun<\/a><\/li><\/ul> <\/td><\/tr><tr><td><strong>DPD L<\/strong><\/td><td>l\u00e4ngste + k\u00fcrzeste Seite max. 90 cm<\/td><td>bis 31 kg<\/td><td> <ul><li><a href=\"https:\/\/www.pack-verde.com\/at\/comfort-box-mit-selbstklebeverschluss\">COMFORT-BOX mit Selbstklebeverschluss<\/a><\/li><\/ul>  <br> <ul><li><a href=\"https:\/\/www.pack-verde.com\/at\/faltschachtel-1-wellig-weiss\">Faltschachtel 1-wellig, wei\u00df<\/a><\/li><\/ul> <br> <ul><li><a href=\"https:\/\/www.pack-verde.com\/at\/faltkarton-1-wellig-braun\">Faltschachtel 1-wellig, braun<\/a><\/li><\/ul> <\/td><\/tr><tr><td><strong>DPD XL<\/strong><\/td><td>l\u00e4ngste + k\u00fcrzeste Seite ab 90 cm<\/td><td>bis 31 kg<\/td><td> <ul><li><a href=\"https:\/\/www.pack-verde.com\/at\/faltschachtel-1-wellig-weiss\">Faltkarton 1-wellig, wei\u00df<\/a><\/li><\/ul> <br> <ul><li><a href=\"https:\/\/www.pack-verde.com\/at\/faltkarton-1-wellig-braun\">Faltschachtel 1-wellig, braun<\/a><\/li><\/ul> <\/td><\/tr><\/tbody><\/table><\/figure>\n\n\n\n<div style=\"height:20px\" aria-hidden=\"true\" class=\"wp-block-spacer\"><\/div>\n\n\n\n<div class=\"wp-block-buttons is-layout-flex wp-block-buttons-is-layout-flex\"><\/div>\n\n\n\n<div class=\"wp-block-buttons is-layout-flex wp-block-buttons-is-layout-flex\">\n<div class=\"wp-block-button is-style-outline is-style-outline--7\"><a class=\"wp-block-button__link wp-element-button\" href=\"https:\/\/www.dpd.com\/at\/de\/\">Mehr Informationen zum Paketversand mit DPD in \u00d6sterreich<\/a><\/div>\n<\/div>\n\n\n\n<div style=\"height:20px\" aria-hidden=\"true\" class=\"wp-block-spacer\"><\/div>\n\n\n\n<div class=\"wp-block-buttons is-layout-flex wp-block-buttons-is-layout-flex\">\n<div class=\"wp-block-button is-style-outline is-style-outline--8\"><a class=\"wp-block-button__link wp-element-button\" href=\"https:\/\/www.dpd.com\/at\/de\/support\/kontakt\/\">Individuelle Angebote f\u00fcr Gesch\u00e4ftskunden bei DPD<\/a><\/div>\n<\/div>\n\n\n\n<div style=\"height:50px\" aria-hidden=\"true\" class=\"wp-block-spacer\"><\/div>\n\n\n\n<h2 class=\"wp-block-heading\"><strong>GLS Paketversand in \u00d6sterreich<\/strong><\/h2>\n\n\n\n<p>Bei GLS richten sich die Versandkosten vor allem nach der Paketgr\u00f6\u00dfe. Die Abmessungen k\u00f6nnen dabei flexibel ausfallen. Sie werden nach der Summe aus l\u00e4ngster und k\u00fcrzester Seite berechnet.<\/p>\n\n\n\n<p>Das Maximalgewicht ist mit 31,5 Kilogramm f\u00fcr alle Paketklassen gleich.<\/p>\n\n\n\n<figure class=\"wp-block-table\"><table><tbody><tr><td><strong>Produkt<\/strong><\/td><td><strong>Ma\u00dfe<\/strong><\/td><td><strong>Gewicht<\/strong><\/td><td><strong>Empfohlene Verpackung von packVerde<\/strong><\/td><\/tr><tr><td><strong>S<\/strong><\/td><td>l\u00e4ngste + k\u00fcrzeste Seite max. 50 cm<\/td><td>max. 31,5 kg<\/td><td> <ul><li><a href=\"https:\/\/www.pack-verde.com\/at\/faltkarton-1-wellig-braun\">Faltschachtel 1-wellig, braun<\/a><\/li><\/ul> <br> <ul><li><a href=\"https:\/\/www.pack-verde.com\/at\/faltschachtel-1-wellig-weiss\">Faltschachtel 1-wellig, wei\u00df<\/a><\/li><\/ul> <\/td><\/tr><tr><td><strong>M<\/strong><\/td><td>l\u00e4ngste + k\u00fcrzeste Seite max. 70 cm<\/td><td>max. 31,5 kg<\/td><td> <ul><li><a href=\"https:\/\/www.pack-verde.com\/at\/faltkarton-1-wellig-braun\">Faltschachtel 1-wellig, braun<\/a><\/li><\/ul> <br> <ul><li><a href=\"https:\/\/www.pack-verde.com\/at\/faltschachtel-1-wellig-weiss\">Faltschachtel 1-wellig, wei\u00df<\/a><\/li><\/ul><\/td><\/tr><tr><td><strong>L<\/strong><\/td><td>l\u00e4ngste + k\u00fcrzeste Seite max. 90 cm<\/td><td>max. 31,5 kg<\/td><td> <ul><li><a href=\"https:\/\/www.pack-verde.com\/at\/faltschachtel-1-wellig-braun\">Faltschachtel 1-wellig<\/a><a href=\"https:\/\/www.pack-verde.com\/at\/faltkarton-1-wellig-braun\">,<\/a><a href=\"https:\/\/www.pack-verde.com\/at\/faltschachtel-1-wellig-braun\"> braun<\/a><\/li><\/ul> <br> <ul><li><a href=\"https:\/\/www.pack-verde.com\/at\/faltschachtel-1-wellig-weiss\">Faltschachtel 1-wellig, wei\u00df<\/a><\/li><\/ul><br> <ul><li><a href=\"https:\/\/www.pack-verde.com\/at\/faltkarton-3-wellig-braun\">Faltschachtel 3-wellig, braun<\/a><\/li><\/ul><\/td><\/tr><tr><td><strong>XL<\/strong><\/td><td>max. 300 cm Gurtma\u00df, max. L\u00e4nge: 200 cm, max. H\u00f6he: 60 cm max. Breite: 80 cm<\/td><td>max. 31,5 kg<\/td><td> <ul><li><a href=\"https:\/\/www.pack-verde.com\/at\/faltkarton-1-wellig-braun\">Faltschachtel 1-wellig, braun<\/a><\/li><\/ul><br> <ul><li><a href=\"https:\/\/www.pack-verde.com\/at\/faltschachtel-1-wellig-weiss\">Faltschachtel 1-wellig, wei\u00df<\/a><\/li><\/ul><br> <ul><li><a href=\"https:\/\/www.pack-verde.com\/at\/faltkarton-3-wellig-braun\">Faltschachtel 3-wellig, braun<\/a><\/li><\/ul><\/td><\/tr><\/tbody><\/table><\/figure>\n\n\n\n<div style=\"height:20px\" aria-hidden=\"true\" class=\"wp-block-spacer\"><\/div>\n\n\n\n<div class=\"wp-block-buttons is-layout-flex wp-block-buttons-is-layout-flex\">\n<div class=\"wp-block-button is-style-outline is-style-outline--9\"><a class=\"wp-block-button__link wp-element-button\" href=\"https:\/\/gls-group.com\/AT\/de\/pakete-versenden\/geschaeftskunden\/geschaeftskunde-werden\">Ab einem Versandvolumen von 1.000 Paketen k\u00f6nnen Sie bei GLS Austria von g\u00fcnstigen B2B-Tarifen profitieren<\/a><\/div>\n<\/div>\n\n\n\n<div style=\"height:50px\" aria-hidden=\"true\" class=\"wp-block-spacer\"><\/div>\n\n\n\n<h2 class=\"wp-block-heading\"><strong>Versandkostenoptimierung in \u00d6sterreich sorgt einfach f\u00fcr sinkende Portokosten<\/strong><\/h2>\n\n\n\n<p>Die Versanddienstleister in \u00d6sterreich bieten Ihnen als Versender die M\u00f6glichkeit, flexibel mit den Verpackungsgr\u00f6\u00dfen zu arbeiten. Allerdings sollten Sie genau die maximalen Abmessungen im Blick behalten, damit die Kosten nicht unn\u00f6tig steigen. packVerde bietet Ihnen eine breit gef\u00e4cherte Auswahl an Verpackungen. Durch die Auswahl der geeigneten Verpackungsgr\u00f6\u00dfe reduzieren Sie mit uns \u00fcbrigens nicht nur Ihre Versandkosten, sondern Sie tragen mit unseren Produkten zum nachhaltigen Umgang mit nat\u00fcrlichen Ressourcen bei.<\/p>\n","protected":false},"excerpt":{"rendered":"<p>Der Versandhandel in \u00d6sterreich w\u00e4chst wie in anderen L\u00e4ndern Europas rasant. Im Jahr 2022 wurde durch die \u00d6sterreichische Post AG rund 182 Millionen Pakete in \u00d6sterreich bef\u00f6rdert. Unternehmen wie Versandh\u00e4ndler tun deshalb gut daran, bei steigendem Paketvolumen auf einen portooptimierten Versand zu setzen. Vor allem durch die Wahl der richten Verpackungsgr\u00f6\u00dfe l\u00e4sst sich bereits viel&hellip;<\/p>\n","protected":false},"author":7,"featured_media":18757,"comment_status":"open","ping_status":"open","sticky":false,"template":"","format":"standard","meta":{"footnotes":""},"categories":[112,106],"tags":[],"m2-product-id":[],"class_list":["post-16625","post","type-post","status-publish","format-standard","has-post-thumbnail","hentry","category-praxistipps","category-verpackungsratgeber","category-112","category-106","description-off"],"yoast_head":"<!-- This site is optimized with the Yoast SEO plugin v27.4 - https:\/\/yoast.com\/product\/yoast-seo-wordpress\/ -->\n<title>Portooptimierung bei Paket- und Briefversand | packVerde Blog<\/title>\n<meta name=\"description\" content=\"So optimieren Unternehmen in \u00d6sterreich ihr Porto beim Paket- und Briefversand \u2713 B2B \u2713 Porto \u2713 Optimierung \u25b6 jetzt mehr lesen bei packVerde!\" \/>\n<meta name=\"robots\" content=\"index, follow, max-snippet:-1, max-image-preview:large, max-video-preview:-1\" \/>\n<link rel=\"canonical\" href=\"https:\/\/www.pack-verde.com\/blog\/at\/verpackungsratgeber\/so-optimieren-unternehmen-in-oesterreich-ihr-porto-beim-paket-und-briefversand\/\" \/>\n<meta property=\"og:locale\" content=\"de_DE\" \/>\n<meta property=\"og:type\" content=\"article\" \/>\n<meta property=\"og:title\" content=\"Portooptimierung bei Paket- und Briefversand | packVerde Blog\" \/>\n<meta property=\"og:description\" content=\"So optimieren Unternehmen in \u00d6sterreich ihr Porto beim Paket- und Briefversand \u2713 B2B \u2713 Porto \u2713 Optimierung \u25b6 jetzt mehr lesen bei packVerde!\" \/>\n<meta property=\"og:url\" content=\"https:\/\/www.pack-verde.com\/blog\/at\/verpackungsratgeber\/so-optimieren-unternehmen-in-oesterreich-ihr-porto-beim-paket-und-briefversand\/\" \/>\n<meta property=\"og:site_name\" content=\"packVerde\" \/>\n<meta property=\"article:publisher\" content=\"https:\/\/www.facebook.com\/packVerdeVerpackungen\" \/>\n<meta property=\"article:published_time\" content=\"2023-11-03T09:49:47+00:00\" \/>\n<meta property=\"article:modified_time\" content=\"2023-11-03T09:49:49+00:00\" \/>\n<meta property=\"og:image\" content=\"https:\/\/www.pack-verde.com\/blog\/wp-content\/uploads\/2022\/08\/HB-neu.jpg\" \/>\n\t<meta property=\"og:image:width\" content=\"720\" \/>\n\t<meta property=\"og:image:height\" content=\"360\" \/>\n\t<meta property=\"og:image:type\" content=\"image\/jpeg\" \/>\n<meta name=\"author\" content=\"Andreas M\u00fcller\" \/>\n<meta name=\"twitter:card\" content=\"summary_large_image\" \/>\n<meta name=\"twitter:label1\" content=\"Verfasst von\" \/>\n\t<meta name=\"twitter:data1\" content=\"Andreas M\u00fcller\" \/>\n\t<meta name=\"twitter:label2\" content=\"Gesch\u00e4tzte Lesezeit\" \/>\n\t<meta name=\"twitter:data2\" content=\"6 Minuten\" \/>\n<script type=\"application\/ld+json\" class=\"yoast-schema-graph\">{\"@context\":\"https:\\\/\\\/schema.org\",\"@graph\":[{\"@type\":\"Article\",\"@id\":\"https:\\\/\\\/www.pack-verde.com\\\/blog\\\/at\\\/verpackungsratgeber\\\/so-optimieren-unternehmen-in-oesterreich-ihr-porto-beim-paket-und-briefversand\\\/#article\",\"isPartOf\":{\"@id\":\"https:\\\/\\\/www.pack-verde.com\\\/blog\\\/at\\\/verpackungsratgeber\\\/so-optimieren-unternehmen-in-oesterreich-ihr-porto-beim-paket-und-briefversand\\\/\"},\"author\":{\"name\":\"Andreas M\u00fcller\",\"@id\":\"https:\\\/\\\/www.pack-verde.com\\\/blog\\\/ch-de\\\/#\\\/schema\\\/person\\\/10905245ae36fcc6dab8c5f4216929c4\"},\"headline\":\"So optimieren Unternehmen in \u00d6sterreich ihr Porto beim Paket- und Briefversand\",\"datePublished\":\"2023-11-03T09:49:47+00:00\",\"dateModified\":\"2023-11-03T09:49:49+00:00\",\"mainEntityOfPage\":{\"@id\":\"https:\\\/\\\/www.pack-verde.com\\\/blog\\\/at\\\/verpackungsratgeber\\\/so-optimieren-unternehmen-in-oesterreich-ihr-porto-beim-paket-und-briefversand\\\/\"},\"wordCount\":1287,\"commentCount\":0,\"publisher\":{\"@id\":\"https:\\\/\\\/www.pack-verde.com\\\/blog\\\/ch-de\\\/#organization\"},\"image\":{\"@id\":\"https:\\\/\\\/www.pack-verde.com\\\/blog\\\/at\\\/verpackungsratgeber\\\/so-optimieren-unternehmen-in-oesterreich-ihr-porto-beim-paket-und-briefversand\\\/#primaryimage\"},\"thumbnailUrl\":\"https:\\\/\\\/www.pack-verde.com\\\/blog\\\/wp-content\\\/uploads\\\/2022\\\/08\\\/HB-neu.jpg\",\"articleSection\":[\"Praxis-Tipps\",\"Verpackungsratgeber\"],\"inLanguage\":\"de-AT\",\"potentialAction\":[{\"@type\":\"CommentAction\",\"name\":\"Comment\",\"target\":[\"https:\\\/\\\/www.pack-verde.com\\\/blog\\\/at\\\/verpackungsratgeber\\\/so-optimieren-unternehmen-in-oesterreich-ihr-porto-beim-paket-und-briefversand\\\/#respond\"]}]},{\"@type\":\"WebPage\",\"@id\":\"https:\\\/\\\/www.pack-verde.com\\\/blog\\\/at\\\/verpackungsratgeber\\\/so-optimieren-unternehmen-in-oesterreich-ihr-porto-beim-paket-und-briefversand\\\/\",\"url\":\"https:\\\/\\\/www.pack-verde.com\\\/blog\\\/at\\\/verpackungsratgeber\\\/so-optimieren-unternehmen-in-oesterreich-ihr-porto-beim-paket-und-briefversand\\\/\",\"name\":\"Portooptimierung bei Paket- und Briefversand | packVerde Blog\",\"isPartOf\":{\"@id\":\"https:\\\/\\\/www.pack-verde.com\\\/blog\\\/ch-de\\\/#website\"},\"primaryImageOfPage\":{\"@id\":\"https:\\\/\\\/www.pack-verde.com\\\/blog\\\/at\\\/verpackungsratgeber\\\/so-optimieren-unternehmen-in-oesterreich-ihr-porto-beim-paket-und-briefversand\\\/#primaryimage\"},\"image\":{\"@id\":\"https:\\\/\\\/www.pack-verde.com\\\/blog\\\/at\\\/verpackungsratgeber\\\/so-optimieren-unternehmen-in-oesterreich-ihr-porto-beim-paket-und-briefversand\\\/#primaryimage\"},\"thumbnailUrl\":\"https:\\\/\\\/www.pack-verde.com\\\/blog\\\/wp-content\\\/uploads\\\/2022\\\/08\\\/HB-neu.jpg\",\"datePublished\":\"2023-11-03T09:49:47+00:00\",\"dateModified\":\"2023-11-03T09:49:49+00:00\",\"description\":\"So optimieren Unternehmen in \u00d6sterreich ihr Porto beim Paket- und Briefversand \u2713 B2B \u2713 Porto \u2713 Optimierung \u25b6 jetzt mehr lesen bei packVerde!\",\"breadcrumb\":{\"@id\":\"https:\\\/\\\/www.pack-verde.com\\\/blog\\\/at\\\/verpackungsratgeber\\\/so-optimieren-unternehmen-in-oesterreich-ihr-porto-beim-paket-und-briefversand\\\/#breadcrumb\"},\"inLanguage\":\"de-AT\",\"potentialAction\":[{\"@type\":\"ReadAction\",\"target\":[\"https:\\\/\\\/www.pack-verde.com\\\/blog\\\/at\\\/verpackungsratgeber\\\/so-optimieren-unternehmen-in-oesterreich-ihr-porto-beim-paket-und-briefversand\\\/\"]}]},{\"@type\":\"ImageObject\",\"inLanguage\":\"de-AT\",\"@id\":\"https:\\\/\\\/www.pack-verde.com\\\/blog\\\/at\\\/verpackungsratgeber\\\/so-optimieren-unternehmen-in-oesterreich-ihr-porto-beim-paket-und-briefversand\\\/#primaryimage\",\"url\":\"https:\\\/\\\/www.pack-verde.com\\\/blog\\\/wp-content\\\/uploads\\\/2022\\\/08\\\/HB-neu.jpg\",\"contentUrl\":\"https:\\\/\\\/www.pack-verde.com\\\/blog\\\/wp-content\\\/uploads\\\/2022\\\/08\\\/HB-neu.jpg\",\"width\":720,\"height\":360},{\"@type\":\"BreadcrumbList\",\"@id\":\"https:\\\/\\\/www.pack-verde.com\\\/blog\\\/at\\\/verpackungsratgeber\\\/so-optimieren-unternehmen-in-oesterreich-ihr-porto-beim-paket-und-briefversand\\\/#breadcrumb\",\"itemListElement\":[{\"@type\":\"ListItem\",\"position\":1,\"name\":\"Startseite\",\"item\":\"https:\\\/\\\/www.pack-verde.com\\\/blog\\\/at\\\/\"},{\"@type\":\"ListItem\",\"position\":2,\"name\":\"So optimieren Unternehmen in \u00d6sterreich ihr Porto beim Paket- und Briefversand\"}]},{\"@type\":\"WebSite\",\"@id\":\"https:\\\/\\\/www.pack-verde.com\\\/blog\\\/ch-de\\\/#website\",\"url\":\"https:\\\/\\\/www.pack-verde.com\\\/blog\\\/ch-de\\\/\",\"name\":\"packVerde\",\"description\":\"achtsam verpackt\",\"publisher\":{\"@id\":\"https:\\\/\\\/www.pack-verde.com\\\/blog\\\/ch-de\\\/#organization\"},\"potentialAction\":[{\"@type\":\"SearchAction\",\"target\":{\"@type\":\"EntryPoint\",\"urlTemplate\":\"https:\\\/\\\/www.pack-verde.com\\\/blog\\\/ch-de\\\/?s={search_term_string}\"},\"query-input\":{\"@type\":\"PropertyValueSpecification\",\"valueRequired\":true,\"valueName\":\"search_term_string\"}}],\"inLanguage\":\"de-AT\"},{\"@type\":\"Organization\",\"@id\":\"https:\\\/\\\/www.pack-verde.com\\\/blog\\\/ch-de\\\/#organization\",\"name\":\"packVerde Blog\",\"url\":\"https:\\\/\\\/www.pack-verde.com\\\/blog\\\/ch-de\\\/\",\"logo\":{\"@type\":\"ImageObject\",\"inLanguage\":\"de-AT\",\"@id\":\"https:\\\/\\\/www.pack-verde.com\\\/blog\\\/ch-de\\\/#\\\/schema\\\/logo\\\/image\\\/\",\"url\":\"https:\\\/\\\/www.pack-verde.com\\\/blog\\\/wp-content\\\/uploads\\\/2021\\\/03\\\/packVerde-logo-150w.png\",\"contentUrl\":\"https:\\\/\\\/www.pack-verde.com\\\/blog\\\/wp-content\\\/uploads\\\/2021\\\/03\\\/packVerde-logo-150w.png\",\"width\":150,\"height\":90,\"caption\":\"packVerde Blog\"},\"image\":{\"@id\":\"https:\\\/\\\/www.pack-verde.com\\\/blog\\\/ch-de\\\/#\\\/schema\\\/logo\\\/image\\\/\"},\"sameAs\":[\"https:\\\/\\\/www.facebook.com\\\/packVerdeVerpackungen\",\"https:\\\/\\\/www.linkedin.com\\\/company\\\/packverde\\\/\"]},{\"@type\":\"Person\",\"@id\":\"https:\\\/\\\/www.pack-verde.com\\\/blog\\\/ch-de\\\/#\\\/schema\\\/person\\\/10905245ae36fcc6dab8c5f4216929c4\",\"name\":\"Andreas M\u00fcller\",\"image\":{\"@type\":\"ImageObject\",\"inLanguage\":\"de-AT\",\"@id\":\"https:\\\/\\\/secure.gravatar.com\\\/avatar\\\/541f778ee667975c0ba1747a69b15f0e000df6bfad80139825efdd6c0bec2b05?s=96&d=mm&r=g\",\"url\":\"https:\\\/\\\/secure.gravatar.com\\\/avatar\\\/541f778ee667975c0ba1747a69b15f0e000df6bfad80139825efdd6c0bec2b05?s=96&d=mm&r=g\",\"contentUrl\":\"https:\\\/\\\/secure.gravatar.com\\\/avatar\\\/541f778ee667975c0ba1747a69b15f0e000df6bfad80139825efdd6c0bec2b05?s=96&d=mm&r=g\",\"caption\":\"Andreas M\u00fcller\"}}]}<\/script>\n<!-- \/ Yoast SEO plugin. -->","yoast_head_json":{"title":"Portooptimierung bei Paket- und Briefversand | packVerde Blog","description":"So optimieren Unternehmen in \u00d6sterreich ihr Porto beim Paket- und Briefversand \u2713 B2B \u2713 Porto \u2713 Optimierung \u25b6 jetzt mehr lesen bei packVerde!","robots":{"index":"index","follow":"follow","max-snippet":"max-snippet:-1","max-image-preview":"max-image-preview:large","max-video-preview":"max-video-preview:-1"},"canonical":"https:\/\/www.pack-verde.com\/blog\/at\/verpackungsratgeber\/so-optimieren-unternehmen-in-oesterreich-ihr-porto-beim-paket-und-briefversand\/","og_locale":"de_DE","og_type":"article","og_title":"Portooptimierung bei Paket- und Briefversand | packVerde Blog","og_description":"So optimieren Unternehmen in \u00d6sterreich ihr Porto beim Paket- und Briefversand \u2713 B2B \u2713 Porto \u2713 Optimierung \u25b6 jetzt mehr lesen bei packVerde!","og_url":"https:\/\/www.pack-verde.com\/blog\/at\/verpackungsratgeber\/so-optimieren-unternehmen-in-oesterreich-ihr-porto-beim-paket-und-briefversand\/","og_site_name":"packVerde","article_publisher":"https:\/\/www.facebook.com\/packVerdeVerpackungen","article_published_time":"2023-11-03T09:49:47+00:00","article_modified_time":"2023-11-03T09:49:49+00:00","og_image":[{"width":720,"height":360,"url":"https:\/\/www.pack-verde.com\/blog\/wp-content\/uploads\/2022\/08\/HB-neu.jpg","type":"image\/jpeg"}],"author":"Andreas M\u00fcller","twitter_card":"summary_large_image","twitter_misc":{"Verfasst von":"Andreas M\u00fcller","Gesch\u00e4tzte Lesezeit":"6 Minuten"},"schema":{"@context":"https:\/\/schema.org","@graph":[{"@type":"Article","@id":"https:\/\/www.pack-verde.com\/blog\/at\/verpackungsratgeber\/so-optimieren-unternehmen-in-oesterreich-ihr-porto-beim-paket-und-briefversand\/#article","isPartOf":{"@id":"https:\/\/www.pack-verde.com\/blog\/at\/verpackungsratgeber\/so-optimieren-unternehmen-in-oesterreich-ihr-porto-beim-paket-und-briefversand\/"},"author":{"name":"Andreas M\u00fcller","@id":"https:\/\/www.pack-verde.com\/blog\/ch-de\/#\/schema\/person\/10905245ae36fcc6dab8c5f4216929c4"},"headline":"So optimieren Unternehmen in \u00d6sterreich ihr Porto beim Paket- und Briefversand","datePublished":"2023-11-03T09:49:47+00:00","dateModified":"2023-11-03T09:49:49+00:00","mainEntityOfPage":{"@id":"https:\/\/www.pack-verde.com\/blog\/at\/verpackungsratgeber\/so-optimieren-unternehmen-in-oesterreich-ihr-porto-beim-paket-und-briefversand\/"},"wordCount":1287,"commentCount":0,"publisher":{"@id":"https:\/\/www.pack-verde.com\/blog\/ch-de\/#organization"},"image":{"@id":"https:\/\/www.pack-verde.com\/blog\/at\/verpackungsratgeber\/so-optimieren-unternehmen-in-oesterreich-ihr-porto-beim-paket-und-briefversand\/#primaryimage"},"thumbnailUrl":"https:\/\/www.pack-verde.com\/blog\/wp-content\/uploads\/2022\/08\/HB-neu.jpg","articleSection":["Praxis-Tipps","Verpackungsratgeber"],"inLanguage":"de-AT","potentialAction":[{"@type":"CommentAction","name":"Comment","target":["https:\/\/www.pack-verde.com\/blog\/at\/verpackungsratgeber\/so-optimieren-unternehmen-in-oesterreich-ihr-porto-beim-paket-und-briefversand\/#respond"]}]},{"@type":"WebPage","@id":"https:\/\/www.pack-verde.com\/blog\/at\/verpackungsratgeber\/so-optimieren-unternehmen-in-oesterreich-ihr-porto-beim-paket-und-briefversand\/","url":"https:\/\/www.pack-verde.com\/blog\/at\/verpackungsratgeber\/so-optimieren-unternehmen-in-oesterreich-ihr-porto-beim-paket-und-briefversand\/","name":"Portooptimierung bei Paket- und Briefversand | packVerde Blog","isPartOf":{"@id":"https:\/\/www.pack-verde.com\/blog\/ch-de\/#website"},"primaryImageOfPage":{"@id":"https:\/\/www.pack-verde.com\/blog\/at\/verpackungsratgeber\/so-optimieren-unternehmen-in-oesterreich-ihr-porto-beim-paket-und-briefversand\/#primaryimage"},"image":{"@id":"https:\/\/www.pack-verde.com\/blog\/at\/verpackungsratgeber\/so-optimieren-unternehmen-in-oesterreich-ihr-porto-beim-paket-und-briefversand\/#primaryimage"},"thumbnailUrl":"https:\/\/www.pack-verde.com\/blog\/wp-content\/uploads\/2022\/08\/HB-neu.jpg","datePublished":"2023-11-03T09:49:47+00:00","dateModified":"2023-11-03T09:49:49+00:00","description":"So optimieren Unternehmen in \u00d6sterreich ihr Porto beim Paket- und Briefversand \u2713 B2B \u2713 Porto \u2713 Optimierung \u25b6 jetzt mehr lesen bei packVerde!","breadcrumb":{"@id":"https:\/\/www.pack-verde.com\/blog\/at\/verpackungsratgeber\/so-optimieren-unternehmen-in-oesterreich-ihr-porto-beim-paket-und-briefversand\/#breadcrumb"},"inLanguage":"de-AT","potentialAction":[{"@type":"ReadAction","target":["https:\/\/www.pack-verde.com\/blog\/at\/verpackungsratgeber\/so-optimieren-unternehmen-in-oesterreich-ihr-porto-beim-paket-und-briefversand\/"]}]},{"@type":"ImageObject","inLanguage":"de-AT","@id":"https:\/\/www.pack-verde.com\/blog\/at\/verpackungsratgeber\/so-optimieren-unternehmen-in-oesterreich-ihr-porto-beim-paket-und-briefversand\/#primaryimage","url":"https:\/\/www.pack-verde.com\/blog\/wp-content\/uploads\/2022\/08\/HB-neu.jpg","contentUrl":"https:\/\/www.pack-verde.com\/blog\/wp-content\/uploads\/2022\/08\/HB-neu.jpg","width":720,"height":360},{"@type":"BreadcrumbList","@id":"https:\/\/www.pack-verde.com\/blog\/at\/verpackungsratgeber\/so-optimieren-unternehmen-in-oesterreich-ihr-porto-beim-paket-und-briefversand\/#breadcrumb","itemListElement":[{"@type":"ListItem","position":1,"name":"Startseite","item":"https:\/\/www.pack-verde.com\/blog\/at\/"},{"@type":"ListItem","position":2,"name":"So optimieren Unternehmen in \u00d6sterreich ihr Porto beim Paket- und Briefversand"}]},{"@type":"WebSite","@id":"https:\/\/www.pack-verde.com\/blog\/ch-de\/#website","url":"https:\/\/www.pack-verde.com\/blog\/ch-de\/","name":"packVerde","description":"achtsam verpackt","publisher":{"@id":"https:\/\/www.pack-verde.com\/blog\/ch-de\/#organization"},"potentialAction":[{"@type":"SearchAction","target":{"@type":"EntryPoint","urlTemplate":"https:\/\/www.pack-verde.com\/blog\/ch-de\/?s={search_term_string}"},"query-input":{"@type":"PropertyValueSpecification","valueRequired":true,"valueName":"search_term_string"}}],"inLanguage":"de-AT"},{"@type":"Organization","@id":"https:\/\/www.pack-verde.com\/blog\/ch-de\/#organization","name":"packVerde Blog","url":"https:\/\/www.pack-verde.com\/blog\/ch-de\/","logo":{"@type":"ImageObject","inLanguage":"de-AT","@id":"https:\/\/www.pack-verde.com\/blog\/ch-de\/#\/schema\/logo\/image\/","url":"https:\/\/www.pack-verde.com\/blog\/wp-content\/uploads\/2021\/03\/packVerde-logo-150w.png","contentUrl":"https:\/\/www.pack-verde.com\/blog\/wp-content\/uploads\/2021\/03\/packVerde-logo-150w.png","width":150,"height":90,"caption":"packVerde Blog"},"image":{"@id":"https:\/\/www.pack-verde.com\/blog\/ch-de\/#\/schema\/logo\/image\/"},"sameAs":["https:\/\/www.facebook.com\/packVerdeVerpackungen","https:\/\/www.linkedin.com\/company\/packverde\/"]},{"@type":"Person","@id":"https:\/\/www.pack-verde.com\/blog\/ch-de\/#\/schema\/person\/10905245ae36fcc6dab8c5f4216929c4","name":"Andreas M\u00fcller","image":{"@type":"ImageObject","inLanguage":"de-AT","@id":"https:\/\/secure.gravatar.com\/avatar\/541f778ee667975c0ba1747a69b15f0e000df6bfad80139825efdd6c0bec2b05?s=96&d=mm&r=g","url":"https:\/\/secure.gravatar.com\/avatar\/541f778ee667975c0ba1747a69b15f0e000df6bfad80139825efdd6c0bec2b05?s=96&d=mm&r=g","contentUrl":"https:\/\/secure.gravatar.com\/avatar\/541f778ee667975c0ba1747a69b15f0e000df6bfad80139825efdd6c0bec2b05?s=96&d=mm&r=g","caption":"Andreas M\u00fcller"}}]}},"magento_index":true,"_links":{"self":[{"href":"https:\/\/www.pack-verde.com\/blog\/at\/wp-json\/wp\/v2\/posts\/16625","targetHints":{"allow":["GET"]}}],"collection":[{"href":"https:\/\/www.pack-verde.com\/blog\/at\/wp-json\/wp\/v2\/posts"}],"about":[{"href":"https:\/\/www.pack-verde.com\/blog\/at\/wp-json\/wp\/v2\/types\/post"}],"author":[{"embeddable":true,"href":"https:\/\/www.pack-verde.com\/blog\/at\/wp-json\/wp\/v2\/users\/7"}],"replies":[{"embeddable":true,"href":"https:\/\/www.pack-verde.com\/blog\/at\/wp-json\/wp\/v2\/comments?post=16625"}],"version-history":[{"count":43,"href":"https:\/\/www.pack-verde.com\/blog\/at\/wp-json\/wp\/v2\/posts\/16625\/revisions"}],"predecessor-version":[{"id":18827,"href":"https:\/\/www.pack-verde.com\/blog\/at\/wp-json\/wp\/v2\/posts\/16625\/revisions\/18827"}],"wp:featuredmedia":[{"embeddable":true,"href":"https:\/\/www.pack-verde.com\/blog\/at\/wp-json\/wp\/v2\/media\/18757"}],"wp:attachment":[{"href":"https:\/\/www.pack-verde.com\/blog\/at\/wp-json\/wp\/v2\/media?parent=16625"}],"wp:term":[{"taxonomy":"category","embeddable":true,"href":"https:\/\/www.pack-verde.com\/blog\/at\/wp-json\/wp\/v2\/categories?post=16625"},{"taxonomy":"post_tag","embeddable":true,"href":"https:\/\/www.pack-verde.com\/blog\/at\/wp-json\/wp\/v2\/tags?post=16625"},{"taxonomy":"m2-product-id","embeddable":true,"href":"https:\/\/www.pack-verde.com\/blog\/at\/wp-json\/wp\/v2\/m2-product-id?post=16625"}],"curies":[{"name":"wp","href":"https:\/\/api.w.org\/{rel}","templated":true}]}}