{"id":16597,"date":"2019-11-21T00:00:00","date_gmt":"2019-11-20T23:00:00","guid":{"rendered":"https:\/\/www.pack-verde.com\/blog\/allgemein\/optimalen-karton-waehlen\/"},"modified":"2019-11-21T00:00:00","modified_gmt":"2019-11-20T23:00:00","slug":"optimalen-karton-waehlen","status":"publish","type":"post","link":"https:\/\/www.pack-verde.com\/blog\/ch-de\/verpackungsratgeber\/optimalen-karton-waehlen\/","title":{"rendered":"[Guide] So w\u00e4hlen Sie den optimalen Karton f\u00fcr Ihre Zwecke"},"content":{"rendered":"\n<p><strong>Nachhaltig und funktional \u2013 Verpackungen aus Wellpappe sind echte Allrounder! Bei der Vielzahl an Faltschachteln haben Verpacker jedoch die Qual der Wahl. Wir zeigen Ihnen, wie Sie den optimalen Karton f\u00fcr Ihre Zwecke finden!<\/strong><\/p>\n\n\n\n<p> Ob es nun beim Transport oder im Lager ist \u2013 Verpackungen aus Wellpappe sind nahezu \u00fcberall im Einsatz. Wieso das Material uns in Sachen Nachhaltigkeit \u00fcberzeugt? Wellpappe wird aus dem nachwachsenden Rohstoff Holz gefertigt und ist sehr gut zu recyceln. Davon abgesehen bietet Wellpappe viele weitere Vorteile, wie beispielsweise die hohe Stabilit\u00e4t oder das leichte Gewicht. Auch dass es so gut zu bedrucken ist, macht das Material so attraktiv.<\/p>\n\n\n\n<p> Es stellt sich also weniger die Frage, ob Sie Wellpappkartons verwenden sollten, sondern viel mehr welchen! Beantworten Sie einfach folgende Fragen und Sie kommen dem perfekten Karton f\u00fcr Ihre Anwendung einen guten Schritt n\u00e4her:<\/p>\n\n\n\n<ol class=\"wp-block-list\"><li><a href=\"#anwendungsfall\">Welchen konkreten Anwendungsfall haben Sie? <\/a><\/li><li><a href=\"#qualitaet\">Welche Qualit\u00e4t ben\u00f6tigt Ihr Karton? <\/a><\/li><li><a href=\"#konstruktion\">Welche Konstruktion eignet sich am besten? <\/a><\/li><li><a href=\"#optik\">Wie stellen Sie sich die Optik Ihres Kartons vor<\/a><\/li><\/ol>\n\n\n\n<h2 class=\"wp-block-heading\" id=\"anwendungsfall\">  1) Welchen konkreten Anwendungsfall haben Sie?<\/h2>\n\n\n\n<p>Bevor Sie ins Detail gehen, sollten Sie zun\u00e4chst darauf schauen: Was kommt in meinen Karton und wozu? Wenn Sie sich Ihren Anwendungsfall genau vor Augen f\u00fchren, ergeben sich viele Anforderungen an Ihre Faltschachtel wie von selbst. Um Ihnen den Anfang zu erleichtern und Ihre Gedanken ins Rollen zu bringen, haben wir hier einige Fragen f\u00fcr Sie vorbereitet:<\/p>\n\n\n\n<ul class=\"wp-block-list\"><li> Wie gross und schwer ist meine Ware?<\/li><li>Hat mein Produkt scharfe Kanten?<\/li><li>Wie empfindlich ist mein Artikel und braucht er zus\u00e4tzlichen Schutz?<\/li><li>Wozu dient meine Verpackung \u2013 z.B. zum Versand, der Archivierung oder als Unterverpackung?<\/li><li>Wie lange wird meine Sendung transportiert und auf welchem Weg?<\/li><li>Ist meine Ware w\u00e4hrend des Transports oder der Lagerung Hitze oder K\u00e4lte ausgesetzt? <\/li><\/ul>\n\n\n\n<h3 class=\"wp-block-heading\">Anwendungsbeispiele<\/h3>\n\n\n\n<div class=\"wp-block-media-text alignwide\"><figure class=\"wp-block-media-text__media\"><img decoding=\"async\" src=\"https:\/\/www.pack-verde.com\/blog\/wp-content\/uploads\/2021\/07\/karton_archivierung-300x225-1.png\" alt=\"karton_archivierung\" class=\"wp-image-1189\"\/><\/figure><div class=\"wp-block-media-text__content\">\n<p>Verstaubte oder unsortierte Unterlagen? Nicht mit einem <a href=\"\/ch-de\/S\/versandverpackungen\/stuelpdeckelkartons_stulpschachteln\/Stuelpdeckelkartons.html\">Karton mit Stulpdeckel<\/a>.  Er sch\u00fctzt von allen Seiten und l\u00e4sst sich beliebig oft wieder \u00f6ffnen  und schliessen, wenn weitere Dokumente hinzukommen. Das macht ihn zu  einem Karton, der sich besonders gut f\u00fcr Archivierungszwecke eignet.  <\/p>\n<\/div><\/div>\n\n\n\n<div class=\"wp-block-media-text alignwide\"><figure class=\"wp-block-media-text__media\"><img decoding=\"async\" src=\"https:\/\/www.pack-verde.com\/blog\/wp-content\/uploads\/2021\/07\/karton_3-wellig-1.png\" alt=\"karton_3-wellig\" class=\"wp-image-1193\"\/><\/figure><div class=\"wp-block-media-text__content\">\n<p>Ihr Produkt hat einen langen Transportweg vor sich? Eventuell ist es  dabei verschiedenen Temperaturen ausgesetzt? In einem solchen Fall lohnt  es sich, in einen besonders hochwertigen Karton zu investieren. Je  stabiler der Karton ist, desto besser sch\u00fctzt er ihr Produkt langfristig  vor \u00e4usseren Einfl\u00fcssen. Unser Tipp: Greifen Sie in diesem Fall auf  <a href=\"\/ch-de\/P\/111A04-L\/Versandverpackungen\/Faltkartons\/Faltkarton-3-wellig-braun.html\">3-wellige Wellpappe<\/a> zur\u00fcck. <\/p>\n<\/div><\/div>\n\n\n\n<p> <\/p>\n\n\n\n<h2 class=\"wp-block-heading\" id=\"qualitaet\">2) &nbsp;&nbsp; Welche Qualit\u00e4t ben\u00f6tigt Ihr Karton?<\/h2>\n\n\n\n<p>Erste Fragen beantwortet? Dann ist die Anwendung schon einmal klar. Aber aus welcher Art von Wellpappe sollte der Karton nun bestehen, damit er den Einsatzzweck auch optimal erf\u00fcllt? Das kommt auf die folgenden Aspekte an:<\/p>\n\n\n\n<ul class=\"wp-block-list\"><li><strong>Ein-, zwei- oder dreiwellig  <\/strong>                                                            Wellpappe setzt sich klassischerweise aus zwei glatten Papierschichten zusammen, zwischen denen sich eine Papierwelle befindet. Dabei gilt: Je mehr Lagen aus Welle und Papier vorhanden, desto stabiler ist der Karton.<\/li><\/ul>\n\n\n\n<ul class=\"wp-block-list\"><li><strong>Mikro-, Fein- oder Grobwelle<\/strong>                                                                    Die Wellen der Pappe unterscheiden sich in ihrer H\u00f6he und Wellenteilung (Abstand zur Spitze der Nachbarwelle). Je nach Auspr\u00e4gung der Wellenteilung und -h\u00f6he ergeben sich bestimmte Wellentypen. Die Feinwelle eignet sich beispielsweise besonders f\u00fcr kleine, leichte Produkte. Die Mikrowelle hingegen bietet eine optimale Grundlage zur individuellen Bedruckung. Die Grobwelle ist die erste Wahl, wenn das Produkt einer Polsterung bedarf. Daf\u00fcr sorgt die ausgepr\u00e4gten Wellenh\u00f6he. Nat\u00fcrlich sind auch Kombinationen der verschiedenen Wellentypen m\u00f6glich.<\/li><\/ul>\n\n\n\n<ul class=\"wp-block-list\"><li><strong>Grammatur \u2013 Frisch- oder Recyclingfasern<\/strong>                                          Um die Qualit\u00e4t der Wellpappe rundum abzusch\u00e4tzen, m\u00fcssen Sie auch die Papierqualit\u00e4t unter die Lupe nehmen. Dabei ist vor allem die \u00e4usserste Papierschicht entscheidend. Qualit\u00e4tskriterien sind das Gewicht pro Quadratmeter Papier (Grammatur) und die Zusammensetzung der Papierfasern. Ein Deckpapier kann aus recycelten Altfasern (Schrenz) oder mehrheitlich Frischfasern (Kraftliner) bestehen. Ausserdem gibt es den Qualit\u00e4tstyp Testliner, f\u00fcr den sehr hochwertige Altfasern recycelt werden. Allgemeine Faustregel: Je hochwertiger die Fasern und je h\u00f6her die Grammatur, desto belastbarer ist das verwendete Papier. <\/li><\/ul>\n\n\n\n<blockquote class=\"wp-block-quote is-layout-flow wp-block-quote-is-layout-flow\"><p>Mit unserem Musterservice k\u00f6nnen Sie sich schnell und einfach einen \u00dcberblick \u00fcber die verschiedenen Wellentypen und Qualit\u00e4ten unserer Wellpappe machen. Rufen Sie uns einfach an und wir senden Ihnen Ihr Gratis-Muster zu.<\/p><\/blockquote>\n\n\n\n<p>Unabh\u00e4ngig von den verschiedenen Auspr\u00e4gungen unserer Wellpappkartons, haben unsere Faltschachteln eines gemeinsam: Sie sind alle nachhaltig. Wenn zus\u00e4tzlich eine PEFC\u2013 oder FSC\u00ae-Zertifizierung vorhanden ist, wird ausserdem die verantwortungsvolle Gewinnung der Holzfasern gew\u00e4hrleistet.<\/p>\n\n\n\n<h3 class=\"wp-block-heading\">Anwendungsbeispiele:<\/h3>\n\n\n\n<div class=\"wp-block-media-text alignwide\"><figure class=\"wp-block-media-text__media\"><img decoding=\"async\" src=\"https:\/\/www.pack-verde.com\/blog\/wp-content\/uploads\/2021\/07\/karton_medienverpackung-1.png\" alt=\"medienverpackung\" class=\"wp-image-1197\"\/><\/figure><div class=\"wp-block-media-text__content\">\n<p>Um ein Buch sicher zu verschicken, bedarf es einer <a href=\"\/ch-de\/S\/versandverpackungen\/buchverpackungen_wickelverpackungen\/Buchverpackungen-Wickelverpackungen.html\">Wickelverpackung<\/a>, die  die Kanten sch\u00fctzt. Da die Ware an sich aber unempfindlich ist, ist eine  Verpackung aus einwelligem Testliner ausreichend. <\/p>\n<\/div><\/div>\n\n\n\n<h2 class=\"wp-block-heading\" id=\"konstruktion\">3)     Welche Konstruktion eignet sich am besten?<\/h2>\n\n\n\n<p>Wir haben inzwischen festgestellt: Schachtel ist nicht gleich Schachtel. Und auch im Aufbau und der Konstruktion gibt es Unterschiede, die verschiedene Kartonsorten ausmachen. Das sind beispielsweise die klassische Faltschachtel, Kartons mit Blitzb\u00f6den oder Stulpschachteln.<\/p>\n\n\n\n<p>Die Verarbeitung der Wellpappe ist ausserdem ein weiteres Kriterium. Bei der \u00abinline\u00bb Verarbeitung wird die Wellpappe direkt in der Maschine zugeschnitten und gerillt, was kosteng\u00fcnstiger ist. Alternativ dazu wird die Wellpappe nachtr\u00e4glich mit Stanzwerkzeugen bearbeitet. <\/p>\n\n\n\n<p>Zur Konstruktion geh\u00f6rt auch die Verschlussart, denn\nje nach Art des Zuschnitts muss dieser an den Seiten noch verschlossen werden.\nAm h\u00e4ufigsten passiert dies mit einer Laschenklebung mit Leim. F\u00fcr eine h\u00f6here\nStabilit\u00e4t wird die Pappe alternativ mit Streifen getapt oder mit Drahtklammern\ngeheftet. Von Steck- bis Klebeverschluss gibt es hier verschiedene\nAuspr\u00e4gungen, die dem Nutzer die Verarbeitung erheblich vereinfachen.<\/p>\n\n\n\n<p>Viele Faktoren machen also die Konstruktion aus. Geht es konkret an die Wahl der Kartonage, gehen Sie am besten folgende Punkt durch:<\/p>\n\n\n\n<ul class=\"wp-block-list\"><li><strong>Form und Masse der Konstruktion<\/strong>                                                             Passt das Produkt nicht in die Verpackung, er\u00fcbrigt sich der Rest. Daher unbedingt darauf achten, dass die Masse der Konstruktion zur Ware passen. Sie verschicken mit der Post?  Dann sollten Sie auf postkonforme Schachteln zur\u00fcckgreifen.<\/li><\/ul>\n\n\n\n<ul class=\"wp-block-list\"><li><strong>Design<\/strong>                                                                                                            Macht f\u00fcr Ihren Einsatz eine Konstruktion aus einem Element Sinn oder ist es praktischer, wenn Deckel und Boden separat sind? Ein Beispiel f\u00fcr letzteres w\u00e4re unsere Stulpschachtel. Sie besteht aus einem Karton mit passendem Deckel.<\/li><\/ul>\n\n\n\n<ul class=\"wp-block-list\"><li><strong>Art des Verschlusses        <\/strong>                                                         Standardm\u00e4ssig reicht es aus, wenn die Laschen mit Leim verklebt sind. Bei hohem Gewicht und grossen Belastungen ist jedoch ein Verschluss mit Band- bzw. Streifenklebung oder Drahtklammern besser.<\/li><\/ul>\n\n\n\n<ul class=\"wp-block-list\"><li><strong>Praktische Extras       <\/strong>                                                                                     Ein Blitzboden beschleunigt den Aufbau ihrer Schachteln erheblich ebenso wie ein integrierter Verschluss das Verpacken erleichtert. Eine H\u00f6henrillung erlaubt Ihnen die Verpackung flexibel auf Ihre Ware anzupassen und F\u00fcllmaterial einzusparen.<\/li><\/ul>\n\n\n\n<h3 class=\"wp-block-heading\">Anwendungsbeispiele:<\/h3>\n\n\n\n<div class=\"wp-block-media-text alignwide\"><figure class=\"wp-block-media-text__media\"><img decoding=\"async\" src=\"https:\/\/www.pack-verde.com\/blog\/wp-content\/uploads\/2021\/07\/karton_online-handel-1.png\" alt=\"versandkarton\" class=\"wp-image-1201\"\/><\/figure><div class=\"wp-block-media-text__content\">\n<p>Wenn es im Versand schnell gehen muss, dann sind <a href=\"\/ch-de\/S\/versandverpackungen\/aufrichtekartons_mit_automatikboden\/Aufrichtekartons-mit-Automatikboden.html\">Kartons mit Blitzboden<\/a>  die erste Wahl. Mit einem Griff aufgerichtet, sparen sie wertvolle Zeit  beim Verpacken. Dadurch eigenen sie sich ideal f\u00fcr Online-H\u00e4ndler und  Vielversender \u2013 vor allem, wenn sie auch einen doppelten  Selbstklebeverschluss f\u00fcr den Zweitversand bieten. <\/p>\n<\/div><\/div>\n\n\n\n<p><\/p>\n\n\n\n<div class=\"wp-block-media-text alignwide\"><figure class=\"wp-block-media-text__media\"><img decoding=\"async\" src=\"https:\/\/www.pack-verde.com\/blog\/wp-content\/uploads\/2021\/07\/karton_flaschenversand_klein-1.png\" alt=\"flaschen-versandkarton\" class=\"wp-image-1204\"\/><\/figure><div class=\"wp-block-media-text__content\">\n<p>Dank des zweiwelligen Kartons der sowohl innen als auch aussen  verarbeitet ist, sch\u00fctzt der <a href=\"\/ch-de\/P\/111A06-L\/Geschenkverpackungen-Tragetaschen\/Flaschenverpackungen\/Flaschen-Versandkarton.html\">Flaschen-Versandkarton<\/a> das empfindliche Gut und trennt  dar\u00fcber hinaus die einzelnen Flaschen voneinander. So kommt der edle  Tropfen sicher bei ihrem Kunden an. <\/p>\n<\/div><\/div>\n\n\n\n<p><\/p>\n\n\n\n<h2 class=\"wp-block-heading\" id=\"optik\">4)     Wie stellen Sie sich die Optik Ihres Kartons vor?<\/h2>\n\n\n\n<p>Sicherheit ist beim Versand der Ware das A und O. Auf ganzer Linie \u00fcberzeugen kann eine Sendung, wenn sie es auch optisch tut. Die Standard-Variante bei Verpackungen aus Wellpappe kennt jeder: Braun oder Weiss. Sie k\u00f6nnen aber auch ganz individuell an die Gestaltung herangehen und den Karton nach Ihren W\u00fcnschen bedrucken. Hier k\u00f6nnen Sie einerseits einzelne Elemente wie beispielsweise Ihr Logo aufdrucken lassen. Andererseits k\u00f6nnen Sie sich aber auch f\u00fcr eine vollfl\u00e4chige Bedruckung entscheiden. Der grosse Vorteil bei einer individuellen Bedruckung ist in jedem Fall neben der stimmigen Optik auch die Werbewirksamkeit. So profitieren Sie doppelt von einer funktionalen, nachhaltigen und gleichzeitig ansprechenden Verpackungsl\u00f6sung. <\/p>\n\n\n\n<h3 class=\"wp-block-heading\">Anwendungsbeispiele:<\/h3>\n\n\n\n<div class=\"wp-block-media-text alignwide\"><figure class=\"wp-block-media-text__media\"><img decoding=\"async\" src=\"https:\/\/www.pack-verde.com\/blog\/wp-content\/uploads\/2021\/07\/karton_weiss-1.png\" alt=\"geschenkkarton-weiss\" class=\"wp-image-1208\"\/><\/figure><div class=\"wp-block-media-text__content\">\n<p>Schlicht aber dennoch elegant. Mit einem <a href=\"\/ch-de\/P\/111A03-L\/Versandverpackungen\/Faltkartons\/Faltkarton-1-wellig-weiss.html\">weissen Karton<\/a> aus Wellpappe  liegen Sie gerade bei hochwertigen Produkten oder Geschenken richtig.  Der Karton erf\u00fcllt nicht nur seinen Zweck, sondern sieht ebenso  attraktiv aus. <\/p>\n<\/div><\/div>\n\n\n\n<p><\/p>\n\n\n\n<div class=\"wp-block-media-text alignwide\"><figure class=\"wp-block-media-text__media\"><img decoding=\"async\" src=\"https:\/\/www.pack-verde.com\/blog\/wp-content\/uploads\/2021\/07\/karton_individuell-1.png\" alt=\"individueller karton\" class=\"wp-image-1211\"\/><\/figure><div class=\"wp-block-media-text__content\">\n<p>Das Braun unterstreicht nochmal den nachhaltigen Ursprung der  Faltschachtel. In Verbindung mit dem schwarzen Motivdruck wirkt die  Verpackung nicht nur werbewirksam, sondern \u00fcberzeugt auch durch ein  modernes und trendiges Design. <\/p>\n<\/div><\/div>\n\n\n\n<p><\/p>\n\n\n\n<blockquote class=\"wp-block-quote is-layout-flow wp-block-quote-is-layout-flow\"><p>Sie m\u00f6chten noch mehr Faltschachteln und auch unsere anderen Produkte entdecken? Dann schauen Sie direkt in unserem Web-Shop vorbei! Vom Papierhalm bis zum Flaschenkarton ist alles dabei, was Sie f\u00fcr Ihr nachhaltiges Wirtschaften ben\u00f6tigen!<\/p><\/blockquote>\n\n\n\n<p><\/p>\n","protected":false},"excerpt":{"rendered":"<p>Nachhaltig und funktional \u2013 Verpackungen aus Wellpappe sind echte Allrounder! Bei der Vielzahl an Faltschachteln haben Verpacker jedoch die Qual der Wahl. Wir zeigen Ihnen, wie Sie den optimalen Karton f\u00fcr Ihre Zwecke finden!<\/p>\n","protected":false},"author":7,"featured_media":16162,"comment_status":"open","ping_status":"open","sticky":false,"template":"","format":"standard","meta":{"footnotes":""},"categories":[110],"tags":[],"m2-product-id":[],"class_list":["post-16597","post","type-post","status-publish","format-standard","has-post-thumbnail","hentry","category-verpackungsratgeber","category-110","description-off"],"yoast_head":"<!-- This site is optimized with the Yoast SEO plugin v27.4 - https:\/\/yoast.com\/product\/yoast-seo-wordpress\/ -->\n<title>[Guide] So w\u00e4hlen Sie den optimalen Karton f\u00fcr Ihre Zwecke - packVerde<\/title>\n<meta name=\"robots\" content=\"index, follow, max-snippet:-1, max-image-preview:large, max-video-preview:-1\" \/>\n<link rel=\"canonical\" href=\"https:\/\/www.pack-verde.com\/blog\/ch-de\/verpackungsratgeber\/optimalen-karton-waehlen\/\" \/>\n<meta property=\"og:locale\" content=\"de_DE\" \/>\n<meta property=\"og:type\" content=\"article\" \/>\n<meta property=\"og:title\" content=\"[Guide] So w\u00e4hlen Sie den optimalen Karton f\u00fcr Ihre Zwecke - packVerde\" \/>\n<meta property=\"og:description\" content=\"Nachhaltig und funktional \u2013 Verpackungen aus Wellpappe sind echte Allrounder! Bei der Vielzahl an Faltschachteln haben Verpacker jedoch die Qual der Wahl. Wir zeigen Ihnen, wie Sie den optimalen Karton f\u00fcr Ihre Zwecke finden!\" \/>\n<meta property=\"og:url\" content=\"https:\/\/www.pack-verde.com\/blog\/ch-de\/verpackungsratgeber\/optimalen-karton-waehlen\/\" \/>\n<meta property=\"og:site_name\" content=\"packVerde\" \/>\n<meta property=\"article:publisher\" content=\"https:\/\/www.facebook.com\/packVerdeVerpackungen\" \/>\n<meta property=\"article:published_time\" content=\"2019-11-20T23:00:00+00:00\" \/>\n<meta property=\"og:image\" content=\"https:\/\/www.pack-verde.com\/blog\/wp-content\/uploads\/2021\/07\/ratgeber-karton.png\" \/>\n\t<meta property=\"og:image:width\" content=\"720\" \/>\n\t<meta property=\"og:image:height\" content=\"481\" \/>\n\t<meta property=\"og:image:type\" content=\"image\/png\" \/>\n<meta name=\"author\" content=\"Andreas M\u00fcller\" \/>\n<meta name=\"twitter:card\" content=\"summary_large_image\" \/>\n<meta name=\"twitter:label1\" content=\"Geschrieben von\" \/>\n\t<meta name=\"twitter:data1\" content=\"Andreas M\u00fcller\" \/>\n\t<meta name=\"twitter:label2\" content=\"Gesch\u00e4tzte Lesezeit\" \/>\n\t<meta name=\"twitter:data2\" content=\"7\u00a0Minuten\" \/>\n<script type=\"application\/ld+json\" class=\"yoast-schema-graph\">{\"@context\":\"https:\\\/\\\/schema.org\",\"@graph\":[{\"@type\":\"Article\",\"@id\":\"https:\\\/\\\/www.pack-verde.com\\\/blog\\\/ch-de\\\/verpackungsratgeber\\\/optimalen-karton-waehlen\\\/#article\",\"isPartOf\":{\"@id\":\"https:\\\/\\\/www.pack-verde.com\\\/blog\\\/ch-de\\\/verpackungsratgeber\\\/optimalen-karton-waehlen\\\/\"},\"author\":{\"name\":\"Andreas M\u00fcller\",\"@id\":\"https:\\\/\\\/www.pack-verde.com\\\/blog\\\/ch-de\\\/#\\\/schema\\\/person\\\/10905245ae36fcc6dab8c5f4216929c4\"},\"headline\":\"[Guide] So w\u00e4hlen Sie den optimalen Karton f\u00fcr Ihre Zwecke\",\"datePublished\":\"2019-11-20T23:00:00+00:00\",\"mainEntityOfPage\":{\"@id\":\"https:\\\/\\\/www.pack-verde.com\\\/blog\\\/ch-de\\\/verpackungsratgeber\\\/optimalen-karton-waehlen\\\/\"},\"wordCount\":1385,\"commentCount\":0,\"publisher\":{\"@id\":\"https:\\\/\\\/www.pack-verde.com\\\/blog\\\/ch-de\\\/#organization\"},\"image\":{\"@id\":\"https:\\\/\\\/www.pack-verde.com\\\/blog\\\/ch-de\\\/verpackungsratgeber\\\/optimalen-karton-waehlen\\\/#primaryimage\"},\"thumbnailUrl\":\"https:\\\/\\\/www.pack-verde.com\\\/blog\\\/wp-content\\\/uploads\\\/2021\\\/07\\\/ratgeber-karton.png\",\"articleSection\":[\"Verpackungsratgeber\"],\"inLanguage\":\"de-CH\",\"potentialAction\":[{\"@type\":\"CommentAction\",\"name\":\"Comment\",\"target\":[\"https:\\\/\\\/www.pack-verde.com\\\/blog\\\/ch-de\\\/verpackungsratgeber\\\/optimalen-karton-waehlen\\\/#respond\"]}]},{\"@type\":\"WebPage\",\"@id\":\"https:\\\/\\\/www.pack-verde.com\\\/blog\\\/ch-de\\\/verpackungsratgeber\\\/optimalen-karton-waehlen\\\/\",\"url\":\"https:\\\/\\\/www.pack-verde.com\\\/blog\\\/ch-de\\\/verpackungsratgeber\\\/optimalen-karton-waehlen\\\/\",\"name\":\"[Guide] So w\u00e4hlen Sie den optimalen Karton f\u00fcr Ihre Zwecke - packVerde\",\"isPartOf\":{\"@id\":\"https:\\\/\\\/www.pack-verde.com\\\/blog\\\/ch-de\\\/#website\"},\"primaryImageOfPage\":{\"@id\":\"https:\\\/\\\/www.pack-verde.com\\\/blog\\\/ch-de\\\/verpackungsratgeber\\\/optimalen-karton-waehlen\\\/#primaryimage\"},\"image\":{\"@id\":\"https:\\\/\\\/www.pack-verde.com\\\/blog\\\/ch-de\\\/verpackungsratgeber\\\/optimalen-karton-waehlen\\\/#primaryimage\"},\"thumbnailUrl\":\"https:\\\/\\\/www.pack-verde.com\\\/blog\\\/wp-content\\\/uploads\\\/2021\\\/07\\\/ratgeber-karton.png\",\"datePublished\":\"2019-11-20T23:00:00+00:00\",\"breadcrumb\":{\"@id\":\"https:\\\/\\\/www.pack-verde.com\\\/blog\\\/ch-de\\\/verpackungsratgeber\\\/optimalen-karton-waehlen\\\/#breadcrumb\"},\"inLanguage\":\"de-CH\",\"potentialAction\":[{\"@type\":\"ReadAction\",\"target\":[\"https:\\\/\\\/www.pack-verde.com\\\/blog\\\/ch-de\\\/verpackungsratgeber\\\/optimalen-karton-waehlen\\\/\"]}]},{\"@type\":\"ImageObject\",\"inLanguage\":\"de-CH\",\"@id\":\"https:\\\/\\\/www.pack-verde.com\\\/blog\\\/ch-de\\\/verpackungsratgeber\\\/optimalen-karton-waehlen\\\/#primaryimage\",\"url\":\"https:\\\/\\\/www.pack-verde.com\\\/blog\\\/wp-content\\\/uploads\\\/2021\\\/07\\\/ratgeber-karton.png\",\"contentUrl\":\"https:\\\/\\\/www.pack-verde.com\\\/blog\\\/wp-content\\\/uploads\\\/2021\\\/07\\\/ratgeber-karton.png\",\"width\":720,\"height\":481,\"caption\":\"ratgeber karton\"},{\"@type\":\"BreadcrumbList\",\"@id\":\"https:\\\/\\\/www.pack-verde.com\\\/blog\\\/ch-de\\\/verpackungsratgeber\\\/optimalen-karton-waehlen\\\/#breadcrumb\",\"itemListElement\":[{\"@type\":\"ListItem\",\"position\":1,\"name\":\"Startseite\",\"item\":\"https:\\\/\\\/www.pack-verde.com\\\/blog\\\/ch-de\\\/\"},{\"@type\":\"ListItem\",\"position\":2,\"name\":\"[Guide] So w\u00e4hlen Sie den optimalen Karton f\u00fcr Ihre Zwecke\"}]},{\"@type\":\"WebSite\",\"@id\":\"https:\\\/\\\/www.pack-verde.com\\\/blog\\\/ch-de\\\/#website\",\"url\":\"https:\\\/\\\/www.pack-verde.com\\\/blog\\\/ch-de\\\/\",\"name\":\"packVerde\",\"description\":\"achtsam verpackt\",\"publisher\":{\"@id\":\"https:\\\/\\\/www.pack-verde.com\\\/blog\\\/ch-de\\\/#organization\"},\"potentialAction\":[{\"@type\":\"SearchAction\",\"target\":{\"@type\":\"EntryPoint\",\"urlTemplate\":\"https:\\\/\\\/www.pack-verde.com\\\/blog\\\/ch-de\\\/?s={search_term_string}\"},\"query-input\":{\"@type\":\"PropertyValueSpecification\",\"valueRequired\":true,\"valueName\":\"search_term_string\"}}],\"inLanguage\":\"de-CH\"},{\"@type\":\"Organization\",\"@id\":\"https:\\\/\\\/www.pack-verde.com\\\/blog\\\/ch-de\\\/#organization\",\"name\":\"packVerde Blog\",\"url\":\"https:\\\/\\\/www.pack-verde.com\\\/blog\\\/ch-de\\\/\",\"logo\":{\"@type\":\"ImageObject\",\"inLanguage\":\"de-CH\",\"@id\":\"https:\\\/\\\/www.pack-verde.com\\\/blog\\\/ch-de\\\/#\\\/schema\\\/logo\\\/image\\\/\",\"url\":\"https:\\\/\\\/www.pack-verde.com\\\/blog\\\/wp-content\\\/uploads\\\/2021\\\/03\\\/packVerde-logo-150w.png\",\"contentUrl\":\"https:\\\/\\\/www.pack-verde.com\\\/blog\\\/wp-content\\\/uploads\\\/2021\\\/03\\\/packVerde-logo-150w.png\",\"width\":150,\"height\":90,\"caption\":\"packVerde Blog\"},\"image\":{\"@id\":\"https:\\\/\\\/www.pack-verde.com\\\/blog\\\/ch-de\\\/#\\\/schema\\\/logo\\\/image\\\/\"},\"sameAs\":[\"https:\\\/\\\/www.facebook.com\\\/packVerdeVerpackungen\",\"https:\\\/\\\/www.linkedin.com\\\/company\\\/packverde\\\/\"]},{\"@type\":\"Person\",\"@id\":\"https:\\\/\\\/www.pack-verde.com\\\/blog\\\/ch-de\\\/#\\\/schema\\\/person\\\/10905245ae36fcc6dab8c5f4216929c4\",\"name\":\"Andreas M\u00fcller\",\"image\":{\"@type\":\"ImageObject\",\"inLanguage\":\"de-CH\",\"@id\":\"https:\\\/\\\/secure.gravatar.com\\\/avatar\\\/541f778ee667975c0ba1747a69b15f0e000df6bfad80139825efdd6c0bec2b05?s=96&d=mm&r=g\",\"url\":\"https:\\\/\\\/secure.gravatar.com\\\/avatar\\\/541f778ee667975c0ba1747a69b15f0e000df6bfad80139825efdd6c0bec2b05?s=96&d=mm&r=g\",\"contentUrl\":\"https:\\\/\\\/secure.gravatar.com\\\/avatar\\\/541f778ee667975c0ba1747a69b15f0e000df6bfad80139825efdd6c0bec2b05?s=96&d=mm&r=g\",\"caption\":\"Andreas M\u00fcller\"}}]}<\/script>\n<!-- \/ Yoast SEO plugin. -->","yoast_head_json":{"title":"[Guide] So w\u00e4hlen Sie den optimalen Karton f\u00fcr Ihre Zwecke - packVerde","robots":{"index":"index","follow":"follow","max-snippet":"max-snippet:-1","max-image-preview":"max-image-preview:large","max-video-preview":"max-video-preview:-1"},"canonical":"https:\/\/www.pack-verde.com\/blog\/ch-de\/verpackungsratgeber\/optimalen-karton-waehlen\/","og_locale":"de_DE","og_type":"article","og_title":"[Guide] So w\u00e4hlen Sie den optimalen Karton f\u00fcr Ihre Zwecke - packVerde","og_description":"Nachhaltig und funktional \u2013 Verpackungen aus Wellpappe sind echte Allrounder! Bei der Vielzahl an Faltschachteln haben Verpacker jedoch die Qual der Wahl. Wir zeigen Ihnen, wie Sie den optimalen Karton f\u00fcr Ihre Zwecke finden!","og_url":"https:\/\/www.pack-verde.com\/blog\/ch-de\/verpackungsratgeber\/optimalen-karton-waehlen\/","og_site_name":"packVerde","article_publisher":"https:\/\/www.facebook.com\/packVerdeVerpackungen","article_published_time":"2019-11-20T23:00:00+00:00","og_image":[{"width":720,"height":481,"url":"https:\/\/www.pack-verde.com\/blog\/wp-content\/uploads\/2021\/07\/ratgeber-karton.png","type":"image\/png"}],"author":"Andreas M\u00fcller","twitter_card":"summary_large_image","twitter_misc":{"Geschrieben von":"Andreas M\u00fcller","Gesch\u00e4tzte Lesezeit":"7\u00a0Minuten"},"schema":{"@context":"https:\/\/schema.org","@graph":[{"@type":"Article","@id":"https:\/\/www.pack-verde.com\/blog\/ch-de\/verpackungsratgeber\/optimalen-karton-waehlen\/#article","isPartOf":{"@id":"https:\/\/www.pack-verde.com\/blog\/ch-de\/verpackungsratgeber\/optimalen-karton-waehlen\/"},"author":{"name":"Andreas M\u00fcller","@id":"https:\/\/www.pack-verde.com\/blog\/ch-de\/#\/schema\/person\/10905245ae36fcc6dab8c5f4216929c4"},"headline":"[Guide] So w\u00e4hlen Sie den optimalen Karton f\u00fcr Ihre Zwecke","datePublished":"2019-11-20T23:00:00+00:00","mainEntityOfPage":{"@id":"https:\/\/www.pack-verde.com\/blog\/ch-de\/verpackungsratgeber\/optimalen-karton-waehlen\/"},"wordCount":1385,"commentCount":0,"publisher":{"@id":"https:\/\/www.pack-verde.com\/blog\/ch-de\/#organization"},"image":{"@id":"https:\/\/www.pack-verde.com\/blog\/ch-de\/verpackungsratgeber\/optimalen-karton-waehlen\/#primaryimage"},"thumbnailUrl":"https:\/\/www.pack-verde.com\/blog\/wp-content\/uploads\/2021\/07\/ratgeber-karton.png","articleSection":["Verpackungsratgeber"],"inLanguage":"de-CH","potentialAction":[{"@type":"CommentAction","name":"Comment","target":["https:\/\/www.pack-verde.com\/blog\/ch-de\/verpackungsratgeber\/optimalen-karton-waehlen\/#respond"]}]},{"@type":"WebPage","@id":"https:\/\/www.pack-verde.com\/blog\/ch-de\/verpackungsratgeber\/optimalen-karton-waehlen\/","url":"https:\/\/www.pack-verde.com\/blog\/ch-de\/verpackungsratgeber\/optimalen-karton-waehlen\/","name":"[Guide] So w\u00e4hlen Sie den optimalen Karton f\u00fcr Ihre Zwecke - packVerde","isPartOf":{"@id":"https:\/\/www.pack-verde.com\/blog\/ch-de\/#website"},"primaryImageOfPage":{"@id":"https:\/\/www.pack-verde.com\/blog\/ch-de\/verpackungsratgeber\/optimalen-karton-waehlen\/#primaryimage"},"image":{"@id":"https:\/\/www.pack-verde.com\/blog\/ch-de\/verpackungsratgeber\/optimalen-karton-waehlen\/#primaryimage"},"thumbnailUrl":"https:\/\/www.pack-verde.com\/blog\/wp-content\/uploads\/2021\/07\/ratgeber-karton.png","datePublished":"2019-11-20T23:00:00+00:00","breadcrumb":{"@id":"https:\/\/www.pack-verde.com\/blog\/ch-de\/verpackungsratgeber\/optimalen-karton-waehlen\/#breadcrumb"},"inLanguage":"de-CH","potentialAction":[{"@type":"ReadAction","target":["https:\/\/www.pack-verde.com\/blog\/ch-de\/verpackungsratgeber\/optimalen-karton-waehlen\/"]}]},{"@type":"ImageObject","inLanguage":"de-CH","@id":"https:\/\/www.pack-verde.com\/blog\/ch-de\/verpackungsratgeber\/optimalen-karton-waehlen\/#primaryimage","url":"https:\/\/www.pack-verde.com\/blog\/wp-content\/uploads\/2021\/07\/ratgeber-karton.png","contentUrl":"https:\/\/www.pack-verde.com\/blog\/wp-content\/uploads\/2021\/07\/ratgeber-karton.png","width":720,"height":481,"caption":"ratgeber karton"},{"@type":"BreadcrumbList","@id":"https:\/\/www.pack-verde.com\/blog\/ch-de\/verpackungsratgeber\/optimalen-karton-waehlen\/#breadcrumb","itemListElement":[{"@type":"ListItem","position":1,"name":"Startseite","item":"https:\/\/www.pack-verde.com\/blog\/ch-de\/"},{"@type":"ListItem","position":2,"name":"[Guide] So w\u00e4hlen Sie den optimalen Karton f\u00fcr Ihre Zwecke"}]},{"@type":"WebSite","@id":"https:\/\/www.pack-verde.com\/blog\/ch-de\/#website","url":"https:\/\/www.pack-verde.com\/blog\/ch-de\/","name":"packVerde","description":"achtsam verpackt","publisher":{"@id":"https:\/\/www.pack-verde.com\/blog\/ch-de\/#organization"},"potentialAction":[{"@type":"SearchAction","target":{"@type":"EntryPoint","urlTemplate":"https:\/\/www.pack-verde.com\/blog\/ch-de\/?s={search_term_string}"},"query-input":{"@type":"PropertyValueSpecification","valueRequired":true,"valueName":"search_term_string"}}],"inLanguage":"de-CH"},{"@type":"Organization","@id":"https:\/\/www.pack-verde.com\/blog\/ch-de\/#organization","name":"packVerde Blog","url":"https:\/\/www.pack-verde.com\/blog\/ch-de\/","logo":{"@type":"ImageObject","inLanguage":"de-CH","@id":"https:\/\/www.pack-verde.com\/blog\/ch-de\/#\/schema\/logo\/image\/","url":"https:\/\/www.pack-verde.com\/blog\/wp-content\/uploads\/2021\/03\/packVerde-logo-150w.png","contentUrl":"https:\/\/www.pack-verde.com\/blog\/wp-content\/uploads\/2021\/03\/packVerde-logo-150w.png","width":150,"height":90,"caption":"packVerde Blog"},"image":{"@id":"https:\/\/www.pack-verde.com\/blog\/ch-de\/#\/schema\/logo\/image\/"},"sameAs":["https:\/\/www.facebook.com\/packVerdeVerpackungen","https:\/\/www.linkedin.com\/company\/packverde\/"]},{"@type":"Person","@id":"https:\/\/www.pack-verde.com\/blog\/ch-de\/#\/schema\/person\/10905245ae36fcc6dab8c5f4216929c4","name":"Andreas M\u00fcller","image":{"@type":"ImageObject","inLanguage":"de-CH","@id":"https:\/\/secure.gravatar.com\/avatar\/541f778ee667975c0ba1747a69b15f0e000df6bfad80139825efdd6c0bec2b05?s=96&d=mm&r=g","url":"https:\/\/secure.gravatar.com\/avatar\/541f778ee667975c0ba1747a69b15f0e000df6bfad80139825efdd6c0bec2b05?s=96&d=mm&r=g","contentUrl":"https:\/\/secure.gravatar.com\/avatar\/541f778ee667975c0ba1747a69b15f0e000df6bfad80139825efdd6c0bec2b05?s=96&d=mm&r=g","caption":"Andreas M\u00fcller"}}]}},"magento_index":false,"_links":{"self":[{"href":"https:\/\/www.pack-verde.com\/blog\/ch-de\/wp-json\/wp\/v2\/posts\/16597","targetHints":{"allow":["GET"]}}],"collection":[{"href":"https:\/\/www.pack-verde.com\/blog\/ch-de\/wp-json\/wp\/v2\/posts"}],"about":[{"href":"https:\/\/www.pack-verde.com\/blog\/ch-de\/wp-json\/wp\/v2\/types\/post"}],"author":[{"embeddable":true,"href":"https:\/\/www.pack-verde.com\/blog\/ch-de\/wp-json\/wp\/v2\/users\/7"}],"replies":[{"embeddable":true,"href":"https:\/\/www.pack-verde.com\/blog\/ch-de\/wp-json\/wp\/v2\/comments?post=16597"}],"version-history":[{"count":0,"href":"https:\/\/www.pack-verde.com\/blog\/ch-de\/wp-json\/wp\/v2\/posts\/16597\/revisions"}],"wp:featuredmedia":[{"embeddable":true,"href":"https:\/\/www.pack-verde.com\/blog\/ch-de\/wp-json\/wp\/v2\/media\/16162"}],"wp:attachment":[{"href":"https:\/\/www.pack-verde.com\/blog\/ch-de\/wp-json\/wp\/v2\/media?parent=16597"}],"wp:term":[{"taxonomy":"category","embeddable":true,"href":"https:\/\/www.pack-verde.com\/blog\/ch-de\/wp-json\/wp\/v2\/categories?post=16597"},{"taxonomy":"post_tag","embeddable":true,"href":"https:\/\/www.pack-verde.com\/blog\/ch-de\/wp-json\/wp\/v2\/tags?post=16597"},{"taxonomy":"m2-product-id","embeddable":true,"href":"https:\/\/www.pack-verde.com\/blog\/ch-de\/wp-json\/wp\/v2\/m2-product-id?post=16597"}],"curies":[{"name":"wp","href":"https:\/\/api.w.org\/{rel}","templated":true}]}}