{"id":16605,"date":"2020-12-07T00:00:00","date_gmt":"2020-12-06T23:00:00","guid":{"rendered":"https:\/\/www.pack-verde.com\/blog\/allgemein\/greenwashing-was-steckt-hinter-dem-phaenomen\/"},"modified":"2022-06-14T10:29:36","modified_gmt":"2022-06-14T08:29:36","slug":"greenwashing-was-steckt-hinter-dem-phaenomen","status":"publish","type":"post","link":"https:\/\/www.pack-verde.com\/blog\/ch-de\/nachhaltigkeit\/greenwashing-was-steckt-hinter-dem-phaenomen\/","title":{"rendered":"Greenwashing \u2013 was steckt hinter dem Ph\u00e4nomen?"},"content":{"rendered":"\n<p>Heute werben viele Unternehmen damit, dass sie \u201egr\u00fcn\u201c seien. Das suggeriert nicht nur \u00f6kologische Unternehmensverantwortung, sondern auch soziale Verantwortung \u2013 und kommt in Zeiten von \u201eFridays for Future\u201c und einem erh\u00f6hten Umweltbewusstsein in der Gesellschaft nat\u00fcrlich gut an. Greenwashing nennt sich dagegen die bewusste T\u00e4uschung von Verbraucherinnen und Verbrauchern in Bezug auf nachhaltige Unternehmensstandards.<\/p>\n\n\n\n<hr class=\"wp-block-separator has-css-opacity\"\/>\n\n\n\n<h2 class=\"wp-block-heading\">Greenwashing \u2013 oder: Wie poliert man ein schlechtes Image auf?<\/h2>\n\n\n\n<p>Viele Unternehmen legen bei Marketingkampagnen mittlerweile einen besonderen Fokus auf Nachhaltigkeit und Umweltvertr\u00e4glichkeit. Verantwortung f\u00fcr unsere Umwelt zu \u00fcbernehmen, ist in Mode und wird von Kunden gerne gesehen. <\/p>\n\n\n\n<p>Die Unternehmen wollen auf den gr\u00fcnen Trend aufspringen, aber bitte nur, wenn es nicht so viel Geld kostet und man daf\u00fcr keine grossen Ver\u00e4nderungen in Kauf nehmen muss. So oder so \u00e4hnlich l\u00e4sst sich Greenwashing \u2013 oder zumindest der Ursprung des Problems \u2013 wohl erkl\u00e4ren. Es handelt sich dabei um Prozesse und Methoden, die ein Unternehmen anwendet, um nach aussen hin nachhaltig und umweltbewusst zu erscheinen. Aber wie das Wort \u201eerscheinen\u201c schon andeutet, handelt es sich bei der Gr\u00fcnw\u00e4scherei um mehr Schein als Sein. Irref\u00fchrende Werbebotschaften, Kampagnen und Produktbeschreibungen lassen die Konsumenten in dem Glauben, ein umweltfreundliches Produkt gekauft zu haben, obwohl das gar nicht so ist. Und oftmals l\u00e4sst sich das Greenwashing gar nicht so leicht als solches identifizieren.<\/p>\n\n\n\n<blockquote class=\"wp-block-quote is-layout-flow wp-block-quote-is-layout-flow\"><p>Greenwashing ist der \u00dcberbegriff f\u00fcr Strategien, die von Unternehmen oder Institutionen genutzt werden, um anhand von Desinformationen ein sozial \u00f6kologisches nachhaltiges Image zu schaffen<\/p><\/blockquote>\n\n\n\n<hr class=\"wp-block-separator has-css-opacity\"\/>\n\n\n\n<h2 class=\"wp-block-heading\">Greenwashing vermeiden \u2013 so geht\u2019s besser!<\/h2>\n\n\n\n<p>Sie m\u00f6chten es in Ihrem Unternehmen besser machen und Greenwashing vermeiden? Dann gilt es, die folgenden Dinge zu beachten: <\/p>\n\n\n\n<ol class=\"wp-block-list\"><li>Setzen Sie sich ernsthaft mit der Thematik auseinander und bleiben Sie immer auf dem aktuellsten Stand. <br><br><\/li><li>Verwenden Sie f\u00fcr Ihre Produkte ausschliesslich offiziell anerkannte Siegel und Zertifizierungen. So schaffen Sie Transparenz durch klare Standards. <br><br><\/li><li>Vermeiden Sie die \u00fcbertriebene Darstellung positiver Aspekte. Echte Umweltfreundlichkeit ben\u00f6tigt keine \u00dcbertreibungen.<br><br><\/li><li>Lassen Sie wichtige Informationen nicht aus, auch wenn diese nicht immer positiv sind. Transparenz ist hier das Stichwort. <br><br><\/li><li>Nutzen Sie keine \u201eWerbung mit Selbstverst\u00e4ndlichkeit\u201c, sondern Werbung mit Innovation. <br><br><\/li><li>Lassen Sie Ihre Produkte und Ihre Website optisch nicht nat\u00fcrlicher und gr\u00fcner erscheinen als Sie tats\u00e4chlich sind. <\/li><\/ol>\n\n\n\n<p>Zusammenfassend l\u00e4sst sich also sagen, dass die Marketing-Botschaften eines Unternehmens stets <strong>relevant <\/strong>und vor allen Dingen <strong>\u00fcberpr\u00fcfbar <\/strong>sein m\u00fcssen. So l\u00e4sst sich Greenwashing effektiv vermeiden und das Ziel des tats\u00e4chlichen Umweltschutzes kann verfolgt werden. <\/p>\n\n\n\n<p>Folgende Beispiele f\u00fcr Greenwashing zeigen Ihnen, was sich Unternehmen einfallen lassen, um potenzielle Kundinnen und Kunden von umweltbelastenden Verhaltensweisen abzulenken.<\/p>\n\n\n\n<hr class=\"wp-block-separator has-css-opacity\"\/>\n\n\n\n<h2 class=\"wp-block-heading\">Beispiele f\u00fcr Greenwashing: Skandale und die Verpackungs- und Tierwohl-Augenwischerei<\/h2>\n\n\n\n<h3 class=\"wp-block-heading\">Die Machenschaften der Automobilhersteller<\/h3>\n\n\n\n<p>In einem Werbevideo eines Automobilherstellers, das Mitte September 2015 ver\u00f6ffentlicht wurde, fahren laut hupend und Gas gebend Laster, Autos und Mofas um einen Kreisverkehr in Hannover. Pl\u00f6tzlich passiert etwas: Nach und nach str\u00f6men von allen Seiten weisse Elektro-Autos in den Kreis und fahren in h\u00fcbschen Formationen um den Kreisverkehr, w\u00e4hrend ein Kinderchor mit weissen T-Shirts in der Mitte Depeche Modes \u201eEnjoy the Silence\u201c singt. Wie idyllisch! Genau so stellt man sich die Zukunft der privaten Mobilit\u00e4t vor: rein, leise und elektrisch. <\/p>\n\n\n\n<p>Perfektes Timing war es da nicht gerade, dass just in diesem Moment der Abgas-Skandal durch die Presse ging. Im September 2015 wurde n\u00e4mlich auch bekannt, dass der Automobilhersteller im grossen Stil Diesel- Fahrzeuge vor allem f\u00fcr den amerikanischen Markt mittels einer speziellen Abgas-Software manipuliert hatte. Davon waren Fahrzeuge im zweistelligen Millionenbereich betroffen, die vorher als \u201eClean Diesel\u201c beworben wurden. Unter dem Gesichtspunkt der absichtlichen Manipulation von Fahrzeugen, damit deren Umweltbilanz deutlich besser dasteht, als sie wirklich ist, wirkt der Werbespot f\u00fcr die Elektro-Autos (die es teilweise nur als Prototyp gibt) geradezu zynisch \u2013 genauso wie das Bild von Greta Thunberg, das eben dieser Automobilhersteller zu Werbezwecken im Herbst 2019 auf die Webseite gestellt hat. Dass im selben Jahr dann auch nur 140.000 E-Autos der Marke verkauft wurden, dagegen jedoch 10,8 Millionen Fahrzeuge mit Verbrennungsmotor, tut sein \u00dcbriges dazu.<\/p>\n\n\n\n<hr class=\"wp-block-separator has-css-opacity\"\/>\n\n\n\n<h3 class=\"wp-block-heading\">Fast-Food-Ketten und die Verbraucherblendung<\/h3>\n\n\n\n<p>In aufw\u00e4ndigen Brosch\u00fcren und mit vielen Bildern zeigt uns eine Fast-Food-Kette, dass sie besonderen Wert auf Tierwohl und gesunde Lebensmittel legen. F\u00fcr besseres Fleisch wurde eigens das BEST Beef- Programm ins Leben gerufen, mit dem Tierhaltungsbetriebe, die bestimmte Haltungsstandards umsetzen, bessere Schlachtpreise erhalten. Auch die Vermeidung von M\u00fcll, insbesondere Plastikm\u00fcll, will der Megakonzern angehen. Das Image als ungesunder Fastfood-Riese soll wirklich besser werden. <\/p>\n\n\n\n<p>Ein gr\u00fcnes Schild statt dem roten, viel Werbung \u00fcber gl\u00fcckliche K\u00fche und gesunden Salat sowie die Vermeidung von Verpackungsm\u00fcll \u2013 das alles vereint mit dem Umbau der Filialen vom amerikanischem Diner-Stil in moderne braun-beige \u00d6ko-Schnellrestaurants hat allerdings lange nicht so viel gebracht, wie suggeriert wurde. Gerade einmal vier Landwirte in Deutschland nehmen am BEST Beef-Programm teil, das leider nur 9 Cent pro Kilo Fleisch mehr bietet, was die teuren Haltungsnormen kaum finanzieren kann. Das Salatdressing hat nach wie vor mehr Kalorien als ein Hamburger. Die M\u00fcllvermeidung beschr\u00e4nkte sich bis 2019 auf kleinere Servietten und neue Spender, aus denen nur jeweils eine herausgenommen werden konnte. Wir sind gespannt, ob sich nach den letzten Ank\u00fcndigungen zum Thema M\u00fcllvermeidung jetzt etwas mehr bewegt. Zu allem \u00dcberfluss bezieht die Fast-Food-Kette seine veganen Burgerpatties nun auch noch von einem weltweit agierenden Nahrungsmittelkonzern, der nicht nur in Afrika wichtige Wasserquellen privatisiert, sondern vergangenes Jahr auch in Zusammenhang mit einem Shitstorm auf Landwirtschaftsministerin Julia Kl\u00f6ckner stand (wozu man nichts weiter sagen muss). <\/p>\n\n\n\n<p>Diese Beispiele sind nur zwei der Unternehmen, die im grossen Stil Greenwashing betreiben. Doch es gibt noch viele weitere, bei denen die Greenwashing-Kampagnen ans Licht kamen oder schon vorher bekannt war, dass es sich um Augenwischerei handelt.<\/p>\n\n\n\n<hr class=\"wp-block-separator has-css-opacity\"\/>\n\n\n\n<h2 class=\"wp-block-heading\">Wie kann man Greenwashing aufdecken und bek\u00e4mpfen?<\/h2>\n\n\n\n<p>Das ist gar nicht so einfach \u2013 und w\u00e4re es so leicht, g\u00e4be es das Konzept vermutlich gar nicht oder zumindest nicht in so grossem Stil. Unternehmen und Konzerne, die Greenwashing betreiben, vermarkten eigentlich keine L\u00fcgen. Sie haben nur eine gute Taktik, wie sie etwas Neutrales oder Negatives so anpreisen k\u00f6nnen, dass sie es letztendlich als etwas Positives verkaufen. Dabei k\u00f6nnen verschiedene Strategien entlarvt werden: <\/p>\n\n\n\n<ul class=\"wp-block-list\"><li>Anhand von <strong>unseri\u00f6sen und frei erfundenen Labels<\/strong> <strong>und Zertifikaten<\/strong> wird Greenwashing betrieben. Diese Labels haben meist ein besonders ansprechendes Design und \u00fcberzeugen mit positiven Slogans und nat\u00fcrlichen Farben, stehen aber nicht f\u00fcr festgelegte Standards. F\u00fcr Verbraucher wird es dadurch besonders schwer, da unseri\u00f6se Labels auf den ersten, und oft auch auf den zweiten Blick, nicht von seri\u00f6sen Labels zu unterscheiden sind. Nachhaltig arbeitende Unternehmen ben\u00f6tigen keine selbst erstellten Logos. Sie k\u00f6nnen ehrlich und ohne Greenwashing kommunizieren. <br><br><\/li><li>Eine weitere beliebte Taktik des Greenwashings ist es, einzelne umweltfreundliche Aspekte eines Produktes hervorzuheben, damit die weniger nachhaltigen Details gleichzeitig in den Hintergrund r\u00fccken. Oder aber, Dinge anzupreisen, die selbsterkl\u00e4rend sind. So ist zum Beispiel der Stoff FCKW bereits seit 1991 gesetzlich verboten, dennoch bewerben auch heute vereinzelte Hersteller ihre Produkte noch als \u201eFCKW-frei\u201c. Diese Strategie wird <strong>\u201eWerbung mit Selbstverst\u00e4ndlichkeit\u201c<\/strong> genannt. <br><br><\/li><li>Aber auch unauff\u00e4llige <strong>Marketingstrategien <\/strong>wie Logos und Verpackungen in<strong> Gr\u00fcn- oder Braunt\u00f6nen<\/strong> sowie Fotos von gl\u00fccklichen Tieren in freier Natur geh\u00f6ren dazu. Optische Eindr\u00fccke wie diese beeinflussen die Verbraucher oft st\u00e4rker, als man vermuten w\u00fcrde und k\u00f6nnen somit als unterschwellige Einflussnahme gesehen werden. Auch sind Begriffe wie \u201eklimafreundlich\u201c, \u201eumweltschonend\u201c, \u201enat\u00fcrlich\u201c und \u201eregional\u201c nicht konkret definiert und dadurch auch nicht rechtlich gesch\u00fctzt. Unternehmen k\u00f6nnen diese positiven Eigenschaften also problemlos f\u00fcr ihr Marketing nutzen und den Verbrauchern somit etwas vorgaukeln was nicht tats\u00e4chlicher Nachhaltigkeit entspricht.<\/li><\/ul>\n\n\n\n<hr class=\"wp-block-separator has-css-opacity\"\/>\n\n\n\n<h2 class=\"wp-block-heading\">packVerde und Sie \u2013 gemeinsam stark gegen Greenwashing!<\/h2>\n\n\n\n<p>Der Ruf eines Unternehmens h\u00e4ngt zu einem wesentlichen Teil von seinem sozialen und \u00f6kologischen Engagement ab. Es ist also nachvollziehbar, dass immer mehr Firmen Nachhaltigkeit in ihr Tagesgesch\u00e4ft aufnehmen. Sobald dabei allerdings der \u201egr\u00fcne\u201c Ruf und der damit verbundene Profit als der tats\u00e4chliche Umwelt-Gedanke in den Vordergrund r\u00fcckt, ist weder der Umwelt noch den Menschen geholfen. Da Umweltschutz und Greenwashing aktuell weit verbreitete Themen in der Politik, den Medien und in den K\u00f6pfen vieler Menschen sind, kommen diese Greenwashing-Strategien fr\u00fcher oder sp\u00e4ter meist ohnehin ans Licht. Dies wiederum schadet der Firmen-Reputation auch auf lange Sicht erheblich. Verzichten Sie also von Anfang an auf Greenwashing. <\/p>\n\n\n\n<p>Ob Sie als Unternehmen eigene Produkte verkaufen oder es lediglich Ihre Aussendarstellung betrifft \u2013 mit unseren Hilfestellungen gegen Greenwashing und unseren 10 Tipps f\u00fcr Nachhaltigkeit im Unternehmen sind Sie bestens informiert \u00fcber umweltfreundliches Wirtschaften. Sie m\u00f6chten als Unternehmen \u2013 sei es im Lebensmittelbereich, in der Logistik oder in anderen Bereichen \u2013 auf nachhaltige Verpackungen setzen oder das n\u00e4chste Firmenevent mit umweltfreundlichen Produkten feiern? In unserem Sortiment finden Sie von Geschirr \u00fcber Verpackungen bis hin zu Hygienepapier alles, was Sie in Ihrem Unternehmen ben\u00f6tigen \u2013 und das in umweltfreundlicher Qualit\u00e4t. Nachweisen k\u00f6nnen wir die Qualit\u00e4t anhand von Zertifikaten wie PEFC TM oder FSC\u00ae. Diese erlauben absolute Transparenz, da der gesamte Produktionsweg der Produkte zur\u00fcckverfolgt und auf soziale und \u00f6kologische Aspekte gepr\u00fcft werden kann. Bei weiteren Fragen zu nachhaltigen Verpackungen und Geschirr stehen wir Ihnen gerne auch pers\u00f6nlich zur Verf\u00fcgung.<\/p>\n\n\n\n<hr class=\"wp-block-separator has-css-opacity\"\/>\n\n\n\n<p>Entdecken Sie unser <a href=\"https:\/\/www.pack-verde.com\/ch-de\"><strong>nachhaltiges Sortiment<\/strong><\/a><\/p>\n\n\n\n<p>Erfahren Sie mehr \u00fcber die <strong><a href=\"https:\/\/www.pack-verde.com\/ch-de\/cms\/unsere-zertifizierungen\">packVerde Qualit\u00e4t<\/a><\/strong><\/p>\n","protected":false},"excerpt":{"rendered":"<p>Heute werben viele Unternehmen damit, dass sie \u201egr\u00fcn\u201c seien. Das suggeriert nicht nur \u00f6kologische Unternehmensverantwortung, sondern auch soziale Verantwortung \u2013 und kommt in Zeiten von \u201eFridays for Future\u201c und einem erh\u00f6hten Umweltbewusstsein in der Gesellschaft nat\u00fcrlich gut an. Greenwashing nennt sich dagegen die bewusste T\u00e4uschung von Verbraucherinnen und Verbrauchern in Bezug auf nachhaltige Unternehmensstandards. Greenwashing&hellip;<\/p>\n","protected":false},"author":7,"featured_media":16248,"comment_status":"open","ping_status":"open","sticky":false,"template":"","format":"standard","meta":{"footnotes":""},"categories":[109],"tags":[],"m2-product-id":[],"class_list":["post-16605","post","type-post","status-publish","format-standard","has-post-thumbnail","hentry","category-nachhaltigkeit","category-109","description-off"],"yoast_head":"<!-- This site is optimized with the Yoast SEO plugin v27.4 - https:\/\/yoast.com\/product\/yoast-seo-wordpress\/ -->\n<title>Greenwashing \u2013 was steckt hinter dem Ph\u00e4nomen? - packVerde<\/title>\n<meta name=\"description\" content=\"Was ist Greenwashing? Wie erkennt man die Strategien? Worauf m\u00fcssen Unternehmen achten? Erfahren Sie alles Wichtige bei packVerde!\" \/>\n<meta name=\"robots\" content=\"index, follow, max-snippet:-1, max-image-preview:large, max-video-preview:-1\" \/>\n<link rel=\"canonical\" href=\"https:\/\/www.pack-verde.com\/blog\/ch-de\/nachhaltigkeit-im-unternehmen\/greenwashing-was-steckt-hinter-dem-phaenomen\/\" \/>\n<meta property=\"og:locale\" content=\"de_DE\" \/>\n<meta property=\"og:type\" content=\"article\" \/>\n<meta property=\"og:title\" content=\"Greenwashing \u2013 was steckt hinter dem Ph\u00e4nomen? - packVerde\" \/>\n<meta property=\"og:description\" content=\"Was ist Greenwashing? Wie erkennt man die Strategien? Worauf m\u00fcssen Unternehmen achten? Erfahren Sie alles Wichtige bei packVerde!\" \/>\n<meta property=\"og:url\" content=\"https:\/\/www.pack-verde.com\/blog\/ch-de\/nachhaltigkeit-im-unternehmen\/greenwashing-was-steckt-hinter-dem-phaenomen\/\" \/>\n<meta property=\"og:site_name\" content=\"packVerde\" \/>\n<meta property=\"article:publisher\" content=\"https:\/\/www.facebook.com\/packVerdeVerpackungen\" \/>\n<meta property=\"article:published_time\" content=\"2020-12-06T23:00:00+00:00\" \/>\n<meta property=\"article:modified_time\" content=\"2022-06-14T08:29:36+00:00\" \/>\n<meta property=\"og:image\" content=\"https:\/\/www.pack-verde.com\/blog\/wp-content\/uploads\/2021\/07\/Greenwashing_HB.jpg\" \/>\n\t<meta property=\"og:image:width\" content=\"720\" \/>\n\t<meta property=\"og:image:height\" content=\"486\" \/>\n\t<meta property=\"og:image:type\" content=\"image\/jpeg\" \/>\n<meta name=\"author\" content=\"Andreas M\u00fcller\" \/>\n<meta name=\"twitter:card\" content=\"summary_large_image\" \/>\n<meta name=\"twitter:label1\" content=\"Geschrieben von\" \/>\n\t<meta name=\"twitter:data1\" content=\"Andreas M\u00fcller\" \/>\n\t<meta name=\"twitter:label2\" content=\"Gesch\u00e4tzte Lesezeit\" \/>\n\t<meta name=\"twitter:data2\" content=\"9\u00a0Minuten\" \/>\n<script type=\"application\/ld+json\" class=\"yoast-schema-graph\">{\"@context\":\"https:\\\/\\\/schema.org\",\"@graph\":[{\"@type\":\"Article\",\"@id\":\"https:\\\/\\\/www.pack-verde.com\\\/blog\\\/ch-de\\\/nachhaltigkeit-im-unternehmen\\\/greenwashing-was-steckt-hinter-dem-phaenomen\\\/#article\",\"isPartOf\":{\"@id\":\"https:\\\/\\\/www.pack-verde.com\\\/blog\\\/ch-de\\\/nachhaltigkeit\\\/greenwashing-was-steckt-hinter-dem-phaenomen\\\/\"},\"author\":{\"name\":\"Andreas M\u00fcller\",\"@id\":\"https:\\\/\\\/www.pack-verde.com\\\/blog\\\/ch-de\\\/#\\\/schema\\\/person\\\/10905245ae36fcc6dab8c5f4216929c4\"},\"headline\":\"Greenwashing \u2013 was steckt hinter dem Ph\u00e4nomen?\",\"datePublished\":\"2020-12-06T23:00:00+00:00\",\"dateModified\":\"2022-06-14T08:29:36+00:00\",\"mainEntityOfPage\":{\"@id\":\"https:\\\/\\\/www.pack-verde.com\\\/blog\\\/ch-de\\\/nachhaltigkeit\\\/greenwashing-was-steckt-hinter-dem-phaenomen\\\/\"},\"wordCount\":1551,\"commentCount\":0,\"publisher\":{\"@id\":\"https:\\\/\\\/www.pack-verde.com\\\/blog\\\/ch-de\\\/#organization\"},\"image\":{\"@id\":\"https:\\\/\\\/www.pack-verde.com\\\/blog\\\/ch-de\\\/nachhaltigkeit-im-unternehmen\\\/greenwashing-was-steckt-hinter-dem-phaenomen\\\/#primaryimage\"},\"thumbnailUrl\":\"https:\\\/\\\/www.pack-verde.com\\\/blog\\\/wp-content\\\/uploads\\\/2021\\\/07\\\/Greenwashing_HB.jpg\",\"articleSection\":[\"Nachhaltigkeit\"],\"inLanguage\":\"de-CH\",\"potentialAction\":[{\"@type\":\"CommentAction\",\"name\":\"Comment\",\"target\":[\"https:\\\/\\\/www.pack-verde.com\\\/blog\\\/ch-de\\\/nachhaltigkeit-im-unternehmen\\\/greenwashing-was-steckt-hinter-dem-phaenomen\\\/#respond\"]}]},{\"@type\":\"WebPage\",\"@id\":\"https:\\\/\\\/www.pack-verde.com\\\/blog\\\/ch-de\\\/nachhaltigkeit\\\/greenwashing-was-steckt-hinter-dem-phaenomen\\\/\",\"url\":\"https:\\\/\\\/www.pack-verde.com\\\/blog\\\/ch-de\\\/nachhaltigkeit-im-unternehmen\\\/greenwashing-was-steckt-hinter-dem-phaenomen\\\/\",\"name\":\"Greenwashing \u2013 was steckt hinter dem Ph\u00e4nomen? - packVerde\",\"isPartOf\":{\"@id\":\"https:\\\/\\\/www.pack-verde.com\\\/blog\\\/ch-de\\\/#website\"},\"primaryImageOfPage\":{\"@id\":\"https:\\\/\\\/www.pack-verde.com\\\/blog\\\/ch-de\\\/nachhaltigkeit-im-unternehmen\\\/greenwashing-was-steckt-hinter-dem-phaenomen\\\/#primaryimage\"},\"image\":{\"@id\":\"https:\\\/\\\/www.pack-verde.com\\\/blog\\\/ch-de\\\/nachhaltigkeit-im-unternehmen\\\/greenwashing-was-steckt-hinter-dem-phaenomen\\\/#primaryimage\"},\"thumbnailUrl\":\"https:\\\/\\\/www.pack-verde.com\\\/blog\\\/wp-content\\\/uploads\\\/2021\\\/07\\\/Greenwashing_HB.jpg\",\"datePublished\":\"2020-12-06T23:00:00+00:00\",\"dateModified\":\"2022-06-14T08:29:36+00:00\",\"description\":\"Was ist Greenwashing? Wie erkennt man die Strategien? Worauf m\u00fcssen Unternehmen achten? Erfahren Sie alles Wichtige bei packVerde!\",\"breadcrumb\":{\"@id\":\"https:\\\/\\\/www.pack-verde.com\\\/blog\\\/ch-de\\\/nachhaltigkeit-im-unternehmen\\\/greenwashing-was-steckt-hinter-dem-phaenomen\\\/#breadcrumb\"},\"inLanguage\":\"de-CH\",\"potentialAction\":[{\"@type\":\"ReadAction\",\"target\":[\"https:\\\/\\\/www.pack-verde.com\\\/blog\\\/ch-de\\\/nachhaltigkeit-im-unternehmen\\\/greenwashing-was-steckt-hinter-dem-phaenomen\\\/\"]}]},{\"@type\":\"ImageObject\",\"inLanguage\":\"de-CH\",\"@id\":\"https:\\\/\\\/www.pack-verde.com\\\/blog\\\/ch-de\\\/nachhaltigkeit-im-unternehmen\\\/greenwashing-was-steckt-hinter-dem-phaenomen\\\/#primaryimage\",\"url\":\"https:\\\/\\\/www.pack-verde.com\\\/blog\\\/wp-content\\\/uploads\\\/2021\\\/07\\\/Greenwashing_HB.jpg\",\"contentUrl\":\"https:\\\/\\\/www.pack-verde.com\\\/blog\\\/wp-content\\\/uploads\\\/2021\\\/07\\\/Greenwashing_HB.jpg\",\"width\":720,\"height\":486,\"caption\":\"Greenwashing HB\"},{\"@type\":\"BreadcrumbList\",\"@id\":\"https:\\\/\\\/www.pack-verde.com\\\/blog\\\/ch-de\\\/nachhaltigkeit-im-unternehmen\\\/greenwashing-was-steckt-hinter-dem-phaenomen\\\/#breadcrumb\",\"itemListElement\":[{\"@type\":\"ListItem\",\"position\":1,\"name\":\"Startseite\",\"item\":\"https:\\\/\\\/www.pack-verde.com\\\/blog\\\/ch-de\\\/\"},{\"@type\":\"ListItem\",\"position\":2,\"name\":\"Greenwashing \u2013 was steckt hinter dem Ph\u00e4nomen?\"}]},{\"@type\":\"WebSite\",\"@id\":\"https:\\\/\\\/www.pack-verde.com\\\/blog\\\/ch-de\\\/#website\",\"url\":\"https:\\\/\\\/www.pack-verde.com\\\/blog\\\/ch-de\\\/\",\"name\":\"packVerde\",\"description\":\"achtsam verpackt\",\"publisher\":{\"@id\":\"https:\\\/\\\/www.pack-verde.com\\\/blog\\\/ch-de\\\/#organization\"},\"potentialAction\":[{\"@type\":\"SearchAction\",\"target\":{\"@type\":\"EntryPoint\",\"urlTemplate\":\"https:\\\/\\\/www.pack-verde.com\\\/blog\\\/ch-de\\\/?s={search_term_string}\"},\"query-input\":{\"@type\":\"PropertyValueSpecification\",\"valueRequired\":true,\"valueName\":\"search_term_string\"}}],\"inLanguage\":\"de-CH\"},{\"@type\":\"Organization\",\"@id\":\"https:\\\/\\\/www.pack-verde.com\\\/blog\\\/ch-de\\\/#organization\",\"name\":\"packVerde Blog\",\"url\":\"https:\\\/\\\/www.pack-verde.com\\\/blog\\\/ch-de\\\/\",\"logo\":{\"@type\":\"ImageObject\",\"inLanguage\":\"de-CH\",\"@id\":\"https:\\\/\\\/www.pack-verde.com\\\/blog\\\/ch-de\\\/#\\\/schema\\\/logo\\\/image\\\/\",\"url\":\"https:\\\/\\\/www.pack-verde.com\\\/blog\\\/wp-content\\\/uploads\\\/2021\\\/03\\\/packVerde-logo-150w.png\",\"contentUrl\":\"https:\\\/\\\/www.pack-verde.com\\\/blog\\\/wp-content\\\/uploads\\\/2021\\\/03\\\/packVerde-logo-150w.png\",\"width\":150,\"height\":90,\"caption\":\"packVerde Blog\"},\"image\":{\"@id\":\"https:\\\/\\\/www.pack-verde.com\\\/blog\\\/ch-de\\\/#\\\/schema\\\/logo\\\/image\\\/\"},\"sameAs\":[\"https:\\\/\\\/www.facebook.com\\\/packVerdeVerpackungen\",\"https:\\\/\\\/www.linkedin.com\\\/company\\\/packverde\\\/\"]},{\"@type\":\"Person\",\"@id\":\"https:\\\/\\\/www.pack-verde.com\\\/blog\\\/ch-de\\\/#\\\/schema\\\/person\\\/10905245ae36fcc6dab8c5f4216929c4\",\"name\":\"Andreas M\u00fcller\",\"image\":{\"@type\":\"ImageObject\",\"inLanguage\":\"de-CH\",\"@id\":\"https:\\\/\\\/secure.gravatar.com\\\/avatar\\\/541f778ee667975c0ba1747a69b15f0e000df6bfad80139825efdd6c0bec2b05?s=96&d=mm&r=g\",\"url\":\"https:\\\/\\\/secure.gravatar.com\\\/avatar\\\/541f778ee667975c0ba1747a69b15f0e000df6bfad80139825efdd6c0bec2b05?s=96&d=mm&r=g\",\"contentUrl\":\"https:\\\/\\\/secure.gravatar.com\\\/avatar\\\/541f778ee667975c0ba1747a69b15f0e000df6bfad80139825efdd6c0bec2b05?s=96&d=mm&r=g\",\"caption\":\"Andreas M\u00fcller\"}}]}<\/script>\n<!-- \/ Yoast SEO plugin. -->","yoast_head_json":{"title":"Greenwashing \u2013 was steckt hinter dem Ph\u00e4nomen? - packVerde","description":"Was ist Greenwashing? Wie erkennt man die Strategien? Worauf m\u00fcssen Unternehmen achten? Erfahren Sie alles Wichtige bei packVerde!","robots":{"index":"index","follow":"follow","max-snippet":"max-snippet:-1","max-image-preview":"max-image-preview:large","max-video-preview":"max-video-preview:-1"},"canonical":"https:\/\/www.pack-verde.com\/blog\/ch-de\/nachhaltigkeit-im-unternehmen\/greenwashing-was-steckt-hinter-dem-phaenomen\/","og_locale":"de_DE","og_type":"article","og_title":"Greenwashing \u2013 was steckt hinter dem Ph\u00e4nomen? - packVerde","og_description":"Was ist Greenwashing? Wie erkennt man die Strategien? Worauf m\u00fcssen Unternehmen achten? Erfahren Sie alles Wichtige bei packVerde!","og_url":"https:\/\/www.pack-verde.com\/blog\/ch-de\/nachhaltigkeit-im-unternehmen\/greenwashing-was-steckt-hinter-dem-phaenomen\/","og_site_name":"packVerde","article_publisher":"https:\/\/www.facebook.com\/packVerdeVerpackungen","article_published_time":"2020-12-06T23:00:00+00:00","article_modified_time":"2022-06-14T08:29:36+00:00","og_image":[{"width":720,"height":486,"url":"https:\/\/www.pack-verde.com\/blog\/wp-content\/uploads\/2021\/07\/Greenwashing_HB.jpg","type":"image\/jpeg"}],"author":"Andreas M\u00fcller","twitter_card":"summary_large_image","twitter_misc":{"Geschrieben von":"Andreas M\u00fcller","Gesch\u00e4tzte Lesezeit":"9\u00a0Minuten"},"schema":{"@context":"https:\/\/schema.org","@graph":[{"@type":"Article","@id":"https:\/\/www.pack-verde.com\/blog\/ch-de\/nachhaltigkeit-im-unternehmen\/greenwashing-was-steckt-hinter-dem-phaenomen\/#article","isPartOf":{"@id":"https:\/\/www.pack-verde.com\/blog\/ch-de\/nachhaltigkeit\/greenwashing-was-steckt-hinter-dem-phaenomen\/"},"author":{"name":"Andreas M\u00fcller","@id":"https:\/\/www.pack-verde.com\/blog\/ch-de\/#\/schema\/person\/10905245ae36fcc6dab8c5f4216929c4"},"headline":"Greenwashing \u2013 was steckt hinter dem Ph\u00e4nomen?","datePublished":"2020-12-06T23:00:00+00:00","dateModified":"2022-06-14T08:29:36+00:00","mainEntityOfPage":{"@id":"https:\/\/www.pack-verde.com\/blog\/ch-de\/nachhaltigkeit\/greenwashing-was-steckt-hinter-dem-phaenomen\/"},"wordCount":1551,"commentCount":0,"publisher":{"@id":"https:\/\/www.pack-verde.com\/blog\/ch-de\/#organization"},"image":{"@id":"https:\/\/www.pack-verde.com\/blog\/ch-de\/nachhaltigkeit-im-unternehmen\/greenwashing-was-steckt-hinter-dem-phaenomen\/#primaryimage"},"thumbnailUrl":"https:\/\/www.pack-verde.com\/blog\/wp-content\/uploads\/2021\/07\/Greenwashing_HB.jpg","articleSection":["Nachhaltigkeit"],"inLanguage":"de-CH","potentialAction":[{"@type":"CommentAction","name":"Comment","target":["https:\/\/www.pack-verde.com\/blog\/ch-de\/nachhaltigkeit-im-unternehmen\/greenwashing-was-steckt-hinter-dem-phaenomen\/#respond"]}]},{"@type":"WebPage","@id":"https:\/\/www.pack-verde.com\/blog\/ch-de\/nachhaltigkeit\/greenwashing-was-steckt-hinter-dem-phaenomen\/","url":"https:\/\/www.pack-verde.com\/blog\/ch-de\/nachhaltigkeit-im-unternehmen\/greenwashing-was-steckt-hinter-dem-phaenomen\/","name":"Greenwashing \u2013 was steckt hinter dem Ph\u00e4nomen? - packVerde","isPartOf":{"@id":"https:\/\/www.pack-verde.com\/blog\/ch-de\/#website"},"primaryImageOfPage":{"@id":"https:\/\/www.pack-verde.com\/blog\/ch-de\/nachhaltigkeit-im-unternehmen\/greenwashing-was-steckt-hinter-dem-phaenomen\/#primaryimage"},"image":{"@id":"https:\/\/www.pack-verde.com\/blog\/ch-de\/nachhaltigkeit-im-unternehmen\/greenwashing-was-steckt-hinter-dem-phaenomen\/#primaryimage"},"thumbnailUrl":"https:\/\/www.pack-verde.com\/blog\/wp-content\/uploads\/2021\/07\/Greenwashing_HB.jpg","datePublished":"2020-12-06T23:00:00+00:00","dateModified":"2022-06-14T08:29:36+00:00","description":"Was ist Greenwashing? Wie erkennt man die Strategien? Worauf m\u00fcssen Unternehmen achten? Erfahren Sie alles Wichtige bei packVerde!","breadcrumb":{"@id":"https:\/\/www.pack-verde.com\/blog\/ch-de\/nachhaltigkeit-im-unternehmen\/greenwashing-was-steckt-hinter-dem-phaenomen\/#breadcrumb"},"inLanguage":"de-CH","potentialAction":[{"@type":"ReadAction","target":["https:\/\/www.pack-verde.com\/blog\/ch-de\/nachhaltigkeit-im-unternehmen\/greenwashing-was-steckt-hinter-dem-phaenomen\/"]}]},{"@type":"ImageObject","inLanguage":"de-CH","@id":"https:\/\/www.pack-verde.com\/blog\/ch-de\/nachhaltigkeit-im-unternehmen\/greenwashing-was-steckt-hinter-dem-phaenomen\/#primaryimage","url":"https:\/\/www.pack-verde.com\/blog\/wp-content\/uploads\/2021\/07\/Greenwashing_HB.jpg","contentUrl":"https:\/\/www.pack-verde.com\/blog\/wp-content\/uploads\/2021\/07\/Greenwashing_HB.jpg","width":720,"height":486,"caption":"Greenwashing HB"},{"@type":"BreadcrumbList","@id":"https:\/\/www.pack-verde.com\/blog\/ch-de\/nachhaltigkeit-im-unternehmen\/greenwashing-was-steckt-hinter-dem-phaenomen\/#breadcrumb","itemListElement":[{"@type":"ListItem","position":1,"name":"Startseite","item":"https:\/\/www.pack-verde.com\/blog\/ch-de\/"},{"@type":"ListItem","position":2,"name":"Greenwashing \u2013 was steckt hinter dem Ph\u00e4nomen?"}]},{"@type":"WebSite","@id":"https:\/\/www.pack-verde.com\/blog\/ch-de\/#website","url":"https:\/\/www.pack-verde.com\/blog\/ch-de\/","name":"packVerde","description":"achtsam verpackt","publisher":{"@id":"https:\/\/www.pack-verde.com\/blog\/ch-de\/#organization"},"potentialAction":[{"@type":"SearchAction","target":{"@type":"EntryPoint","urlTemplate":"https:\/\/www.pack-verde.com\/blog\/ch-de\/?s={search_term_string}"},"query-input":{"@type":"PropertyValueSpecification","valueRequired":true,"valueName":"search_term_string"}}],"inLanguage":"de-CH"},{"@type":"Organization","@id":"https:\/\/www.pack-verde.com\/blog\/ch-de\/#organization","name":"packVerde Blog","url":"https:\/\/www.pack-verde.com\/blog\/ch-de\/","logo":{"@type":"ImageObject","inLanguage":"de-CH","@id":"https:\/\/www.pack-verde.com\/blog\/ch-de\/#\/schema\/logo\/image\/","url":"https:\/\/www.pack-verde.com\/blog\/wp-content\/uploads\/2021\/03\/packVerde-logo-150w.png","contentUrl":"https:\/\/www.pack-verde.com\/blog\/wp-content\/uploads\/2021\/03\/packVerde-logo-150w.png","width":150,"height":90,"caption":"packVerde Blog"},"image":{"@id":"https:\/\/www.pack-verde.com\/blog\/ch-de\/#\/schema\/logo\/image\/"},"sameAs":["https:\/\/www.facebook.com\/packVerdeVerpackungen","https:\/\/www.linkedin.com\/company\/packverde\/"]},{"@type":"Person","@id":"https:\/\/www.pack-verde.com\/blog\/ch-de\/#\/schema\/person\/10905245ae36fcc6dab8c5f4216929c4","name":"Andreas M\u00fcller","image":{"@type":"ImageObject","inLanguage":"de-CH","@id":"https:\/\/secure.gravatar.com\/avatar\/541f778ee667975c0ba1747a69b15f0e000df6bfad80139825efdd6c0bec2b05?s=96&d=mm&r=g","url":"https:\/\/secure.gravatar.com\/avatar\/541f778ee667975c0ba1747a69b15f0e000df6bfad80139825efdd6c0bec2b05?s=96&d=mm&r=g","contentUrl":"https:\/\/secure.gravatar.com\/avatar\/541f778ee667975c0ba1747a69b15f0e000df6bfad80139825efdd6c0bec2b05?s=96&d=mm&r=g","caption":"Andreas M\u00fcller"}}]}},"magento_index":true,"_links":{"self":[{"href":"https:\/\/www.pack-verde.com\/blog\/ch-de\/wp-json\/wp\/v2\/posts\/16605","targetHints":{"allow":["GET"]}}],"collection":[{"href":"https:\/\/www.pack-verde.com\/blog\/ch-de\/wp-json\/wp\/v2\/posts"}],"about":[{"href":"https:\/\/www.pack-verde.com\/blog\/ch-de\/wp-json\/wp\/v2\/types\/post"}],"author":[{"embeddable":true,"href":"https:\/\/www.pack-verde.com\/blog\/ch-de\/wp-json\/wp\/v2\/users\/7"}],"replies":[{"embeddable":true,"href":"https:\/\/www.pack-verde.com\/blog\/ch-de\/wp-json\/wp\/v2\/comments?post=16605"}],"version-history":[{"count":2,"href":"https:\/\/www.pack-verde.com\/blog\/ch-de\/wp-json\/wp\/v2\/posts\/16605\/revisions"}],"predecessor-version":[{"id":17831,"href":"https:\/\/www.pack-verde.com\/blog\/ch-de\/wp-json\/wp\/v2\/posts\/16605\/revisions\/17831"}],"wp:featuredmedia":[{"embeddable":true,"href":"https:\/\/www.pack-verde.com\/blog\/ch-de\/wp-json\/wp\/v2\/media\/16248"}],"wp:attachment":[{"href":"https:\/\/www.pack-verde.com\/blog\/ch-de\/wp-json\/wp\/v2\/media?parent=16605"}],"wp:term":[{"taxonomy":"category","embeddable":true,"href":"https:\/\/www.pack-verde.com\/blog\/ch-de\/wp-json\/wp\/v2\/categories?post=16605"},{"taxonomy":"post_tag","embeddable":true,"href":"https:\/\/www.pack-verde.com\/blog\/ch-de\/wp-json\/wp\/v2\/tags?post=16605"},{"taxonomy":"m2-product-id","embeddable":true,"href":"https:\/\/www.pack-verde.com\/blog\/ch-de\/wp-json\/wp\/v2\/m2-product-id?post=16605"}],"curies":[{"name":"wp","href":"https:\/\/api.w.org\/{rel}","templated":true}]}}