{"id":17022,"date":"2021-10-07T12:00:00","date_gmt":"2021-10-07T10:00:00","guid":{"rendered":"https:\/\/www.pack-verde.com\/blog\/?p=17022"},"modified":"2025-11-24T11:50:32","modified_gmt":"2025-11-24T10:50:32","slug":"green-friday-die-nachhaltige-alternative-zum-black-friday","status":"publish","type":"post","link":"https:\/\/www.pack-verde.com\/blog\/ch-de\/nachhaltigkeit\/green-friday-die-nachhaltige-alternative-zum-black-friday\/","title":{"rendered":"Green Friday \u2013 die nachhaltige Alternative zum Black Friday?"},"content":{"rendered":"\n<p>Jedes Jahr Ende November ist es so weit \u2013 es ist Black Friday: Tausende Schn\u00e4ppchenj\u00e4ger st\u00fcrzen sich vor allem im Internet auf stark reduzierte Artikel. Nat\u00fcrlich freuen sich Online-H\u00e4ndler \u00fcber klingelnde Kassen durch den zus\u00e4tzlichen Umsatz so kurz vor dem grossen Weihnachtsgesch\u00e4ft. Was dabei aber nicht vernachl\u00e4ssigt werden darf, ist die Tatsache, dass der Black Friday auch ein erh\u00f6htes Versand- und Retourenvolumen nach sich zieht \u2013 was auch mit einem erh\u00f6hten CO<sub>2<\/sub>-Fussabdruck verbunden ist. Aus diesem Grund haben einige Unternehmen eine gr\u00fcne Alternative, den Green Friday, ins Leben gerufen. Wollen wir uns diesen Tag also genauer ansehen.<\/p>\n\n\n\n<div style=\"height:35px\" aria-hidden=\"true\" class=\"wp-block-spacer\"><\/div>\n\n\n\n<h2 class=\"wp-block-heading\"><meta charset=\"utf-8\"><strong>Black Friday: Ein Konsumtag, der alles andere als nachhaltig ist<\/strong><\/h2>\n\n\n\n<div style=\"height:25px\" aria-hidden=\"true\" class=\"wp-block-spacer\"><\/div>\n\n\n\n<p>Wie so h\u00e4ufig, wenn es um Konsum geht, hat auch der Black Friday seine Wurzeln in den USA. Dort hat der Einzelhandel vor einigen Jahren diesen Tag eingef\u00fchrt, um die Shoppinglaune der Konsumenten vor Weihnachten anzuheizen. Jedes Jahr am Freitag nach Thanksgiving wird also der Black Friday eingel\u00e4utet.<\/p>\n\n\n\n<div class=\"wp-block-columns is-layout-flex wp-container-core-columns-is-layout-9d6595d7 wp-block-columns-is-layout-flex\">\n<div class=\"wp-block-column is-layout-flow wp-block-column-is-layout-flow\">\n<figure class=\"wp-block-image size-large is-resized\"><img decoding=\"async\" width=\"1024\" height=\"683\" src=\"https:\/\/www.pack-verde.com\/blog\/wp-content\/uploads\/2021\/10\/pexels-anastasia-shuraeva-5705102-1024x683.jpg\" alt=\"\" class=\"wp-image-19696\" style=\"width:359px;height:auto\" srcset=\"https:\/\/www.pack-verde.com\/blog\/wp-content\/uploads\/2021\/10\/pexels-anastasia-shuraeva-5705102-1024x683.jpg 1024w, https:\/\/www.pack-verde.com\/blog\/wp-content\/uploads\/2021\/10\/pexels-anastasia-shuraeva-5705102-300x200.jpg 300w, https:\/\/www.pack-verde.com\/blog\/wp-content\/uploads\/2021\/10\/pexels-anastasia-shuraeva-5705102-768x512.jpg 768w, https:\/\/www.pack-verde.com\/blog\/wp-content\/uploads\/2021\/10\/pexels-anastasia-shuraeva-5705102-1536x1024.jpg 1536w, https:\/\/www.pack-verde.com\/blog\/wp-content\/uploads\/2021\/10\/pexels-anastasia-shuraeva-5705102-2048x1365.jpg 2048w, https:\/\/www.pack-verde.com\/blog\/wp-content\/uploads\/2021\/10\/pexels-anastasia-shuraeva-5705102-480x320.jpg 480w\" sizes=\"(max-width: 1024px) 100vw, 1024px\" \/><\/figure>\n<\/div>\n\n\n\n<div class=\"wp-block-column is-layout-flow wp-block-column-is-layout-flow\">\n<p>An diesem Tag bieten sowohl station\u00e4re also auch Online-H\u00e4ndler besonders hohe Rabatte auf ihre Produkte \u2013 mit dem Ziel, den Verkauf anzukurbeln. Mittlerweile hat sich der Black Friday in den USA zum umsatzst\u00e4rksten Tag des Jahres entwickelt \u2013 mit von Jahr zu Jahr steigenden Ums\u00e4tzen. Seit den 2010er-Jahren gibt es den Black Friday auch in Europa bzw. in der Schweiz. Mittlerweile wurde der Rabatttag noch um den \u201eCyber Monday\u201c erg\u00e4nzt. <\/p>\n<\/div>\n<\/div>\n\n\n\n<div style=\"height:27px\" aria-hidden=\"true\" class=\"wp-block-spacer\"><\/div>\n\n\n\n<p>Der Unterschied: An dem auf den Black Friday folgenden Montag sind lediglich online Schn\u00e4ppchen zu ergattern. Eines haben sie auf jeden Fall gemein: Sie erfreuen sich immer gr\u00f6sserer Beliebtheit, schliesslich sind Online-Aktionen sehr schnell und mit wenig Aufwand umsetzbar.<\/p>\n\n\n\n<p>Jedes Jahr werden an diesen Tagen unz\u00e4hlige Pakete auf die Reise gebracht. Gute Vorbereitung seitens der H\u00e4ndler ist auch hier die halbe Miete: So werden schon Monate im Voraus Artikel-St\u00fcckzahlen aufger\u00fcstet und Versandkartons in rauen Mengen vorbestellt, um der grossen Nachfrage gerecht zu werden.<br>\nUnd genau dieser Konsumrausch f\u00fchrt im Zusammenspiel mit Online-Shopping dazu, dass Kunden Dinge kaufen, die sie eigentlich gar nicht brauchen bzw. ein Bedarf durch die Rabatte geweckt wird, den es vorher nicht gab. Das hat zur Folge, dass nicht nur eine Menge Produkte am Black Friday das Lager verlassen, sondern auch im Nachgang retourniert werden. Millionen Produkte gehen wieder zur\u00fcck zu den H\u00e4ndlern. Dadurch entstehen CO<sub>2<\/sub>-Emissionen, die vermutlich ohne den Black Friday in dieser H\u00f6he nicht entstanden w\u00e4ren.<\/p>\n\n\n\n<div style=\"height:35px\" aria-hidden=\"true\" class=\"wp-block-spacer\"><\/div>\n\n\n\n<h2 class=\"wp-block-heading\"><strong>Konsumieren &amp; an die Umwelt denken: Der Green Friday<\/strong><\/h2>\n\n\n\n<div style=\"height:25px\" aria-hidden=\"true\" class=\"wp-block-spacer\"><\/div>\n\n\n\n<div class=\"wp-block-columns is-layout-flex wp-container-core-columns-is-layout-9d6595d7 wp-block-columns-is-layout-flex\">\n<div class=\"wp-block-column is-layout-flow wp-block-column-is-layout-flow\">\n<p>Nachhaltig ist also anders. Das haben in den letzten Jahren auch einige Unternehmen und H\u00e4ndler erkannt und nach Initiativen gesucht. Diese sollen bewirken, dass am Black Friday nicht nur Konsumenten voll auf ihre Kosten kommen, sondern auch die Umwelt profitiert. Und genau diese Massnahmen erweckten den Green Friday ins Leben.<\/p>\n<\/div>\n\n\n\n<div class=\"wp-block-column is-layout-flow wp-block-column-is-layout-flow\">\n<figure class=\"wp-block-image size-large is-resized\"><img decoding=\"async\" width=\"1024\" height=\"683\" src=\"https:\/\/www.pack-verde.com\/blog\/wp-content\/uploads\/2021\/10\/pexels-markusspiske-2559749-1024x683.jpg\" alt=\"\" class=\"wp-image-19693\" style=\"width:365px;height:auto\" srcset=\"https:\/\/www.pack-verde.com\/blog\/wp-content\/uploads\/2021\/10\/pexels-markusspiske-2559749-1024x683.jpg 1024w, https:\/\/www.pack-verde.com\/blog\/wp-content\/uploads\/2021\/10\/pexels-markusspiske-2559749-300x200.jpg 300w, https:\/\/www.pack-verde.com\/blog\/wp-content\/uploads\/2021\/10\/pexels-markusspiske-2559749-768x512.jpg 768w, https:\/\/www.pack-verde.com\/blog\/wp-content\/uploads\/2021\/10\/pexels-markusspiske-2559749-1536x1024.jpg 1536w, https:\/\/www.pack-verde.com\/blog\/wp-content\/uploads\/2021\/10\/pexels-markusspiske-2559749-2048x1365.jpg 2048w, https:\/\/www.pack-verde.com\/blog\/wp-content\/uploads\/2021\/10\/pexels-markusspiske-2559749-480x320.jpg 480w\" sizes=\"(max-width: 1024px) 100vw, 1024px\" \/><\/figure>\n<\/div>\n<\/div>\n\n\n\n<div style=\"height:20px\" aria-hidden=\"true\" class=\"wp-block-spacer\"><\/div>\n\n\n\n<p>Nachhaltig ist also anders. Das haben in den letzten Jahren auch einige Unternehmen und H\u00e4ndler erkannt und nach Initiativen gesucht. Diese sollen bewirken, dass am Black Friday nicht nur Konsumenten voll auf ihre Kosten kommen, sondern auch die Umwelt profitiert. Und genau diese Massnahmen erweckten den Green Friday ins Leben.<\/p>\n\n\n\n<div style=\"height:35px\" aria-hidden=\"true\" class=\"wp-block-spacer\"><\/div>\n\n\n\n<h3 class=\"wp-block-heading\"><strong>Was bedeutet \u201eGreen Friday\u201c?<\/strong><\/h3>\n\n\n\n<div style=\"height:25px\" aria-hidden=\"true\" class=\"wp-block-spacer\"><\/div>\n\n\n\n<p>Kurz gesagt ist der \u201egr\u00fcne Freitag\u201c ein nachhaltiges, alternatives Shopping-Event zum Black Friday. H\u00e4ndler \u201ekompensieren\u201c an diesem Tag einen Teil ihres Gewinns, um der Umwelt etwas Gutes zu tun. Es geht also nicht darum, auf Konsum zu verzichten, sondern mit dem Konsum etwas Positives zu bewirken.<\/p>\n\n\n\n<p>Manche Unternehmen pflanzen z.B. B\u00e4ume f\u00fcr den CO<sub>2<\/sub>-Ausgleich, andere spenden einen Teil ihrer Einnahmen w\u00e4hrend des Green Fridays an gemeinn\u00fctzige Umweltorganisationen. Wieder andere nutzen den Green Friday jedoch, um auf die Themen \u201eNachhaltigkeit\u201c und \u201eressourcenschonenden Konsum\u201c aufmerksam zu machen. H\u00e4ufig stehen diese Unternehmen auch nicht nur an diesem einen Tag f\u00fcr Nachhaltigkeit ein, sondern verfolgen mit ihrer Marke bereits eine Unternehmenskultur, die den nachhaltigen Umgang mit nat\u00fcrlichen Ressourcen als oberstes Ziel hat.<\/p>\n\n\n\n<div style=\"height:35px\" aria-hidden=\"true\" class=\"wp-block-spacer\"><\/div>\n\n\n\n<h3 class=\"wp-block-heading\"><strong>Unternehmen, die am Green Friday teilnehmen<\/strong><\/h3>\n\n\n\n<div style=\"height:25px\" aria-hidden=\"true\" class=\"wp-block-spacer\"><\/div>\n\n\n\n<p>Bis jetzt ist die umweltschonende Alternative noch nicht so etabliert wie der Black Friday. Dennoch nahmen 2020 sowohl in Amerika als auch in der DACH-Region einige bekannte Marken teil \u2013 auch 2024\/2025 sind einige Marken beim Green Friday dabei:<\/p>\n\n\n\n<ul class=\"wp-block-list\">\n<li><a href=\"https:\/\/www.rituals.com\/de-de\/lp\/black-friday\">Let&#8217;s turn Black Friday Green!<\/a> So wirbt Rituals auf ihrer Homepage und setzt dabei auch ein Zeichen f\u00fcr Nachhaltigkeit. Hier haben Kunden die M\u00f6glichkeit, Produkte in Nachf\u00fcllverpackungen zu einem besonderen Preis zu erwerben.<\/li>\n\n\n\n<li>Die Plattform \u201eRefurbed\u201c f\u00fcr Second Hand-Eletronik hat auch 2025 zum Sparen mit dem Green Friday animiert und bietet dadurch Qualit\u00e4t und Nachhaltigkeit in einem an.<\/li>\n<\/ul>\n\n\n\n<p>An den Erfolg und Aktivismus des letztens Jahres wollen viele Unternehmen ankn\u00fcpfen. 2025 findet der Green Friday am selben Tag wie auch der Black Friday statt \u2013 also am Freitag, 28. November 2025.<\/p>\n\n\n\n<div style=\"height:35px\" aria-hidden=\"true\" class=\"wp-block-spacer\"><\/div>\n\n\n\n<h2 class=\"wp-block-heading\"><strong>Weitere Alternativ-Events zum Black-Friday<\/strong><\/h2>\n\n\n\n<div style=\"height:25px\" aria-hidden=\"true\" class=\"wp-block-spacer\"><\/div>\n\n\n\n<p>Neben dem Green Friday gibt es noch weitere Initiativen von H\u00e4ndlern, um das Thema Nachhaltigkeit mit Konsum in Einklang zu bringen.<\/p>\n\n\n\n<p>So hat der Online-Marktplatz ebay Kleinanzeigen den <a href=\"https:\/\/magazin.ebay-kleinanzeigen.de\/gebrauchte-sachen-kaufen-und-verkaufen\/\" target=\"_blank\" rel=\"noopener\">\u201eGreen Sunday\u201c<\/a> ins Leben gerufen. An diesem Sonntag sollen dann mehr gebrauchte Produkte gekauft werden, um so zur Nachhaltigkeit beizutragen.<\/p>\n\n\n\n<p>Das M\u00f6belhaus Ikea hat 2020 erstmalig den \u201eBuyback Friday\u201c ausgerufen. An diesem Tag konnten Kunden ihre alten M\u00f6bel wieder an das M\u00f6belhaus zur\u00fcckverkaufen.<\/p>\n\n\n\n<p>Der H\u00e4ndler \u201eLoveco\u201c hat im Zuge seines \u201e<a href=\"https:\/\/loveco-shop.de\/fairfriday\/\" target=\"_blank\" rel=\"noopener\">Fair Fridays<\/a>\u201c seinen gesamten Gewinn der <a href=\"https:\/\/saubere-kleidung.de\/\" target=\"_blank\" rel=\"noopener\">Kampagne \u201eSaubere Kleidung\u201c<\/a>&nbsp; zukommen lassen.<\/p>\n\n\n\n<p>Der <a href=\"https:\/\/www.re-use-hessen.de\/event\/circular-monday-2025\/\">Circular Monday<\/a> findet 2025 zum ersten Mal offiziell in \u00d6sterreich statt. Mehrere Organisationen b\u00fcndeln daf\u00fcr Aktionen und Events, um Kreislaufwirtschaft und nachhaltigen Konsum sichtbar zu machen.<\/p>\n\n\n\n<div style=\"height:35px\" aria-hidden=\"true\" class=\"wp-block-spacer\"><\/div>\n\n\n\n<h2 class=\"wp-block-heading\"><strong>Ist der Green Friday nicht einfach nur Greenwashing?<\/strong><\/h2>\n\n\n\n<div style=\"height:25px\" aria-hidden=\"true\" class=\"wp-block-spacer\"><\/div>\n\n\n\n<p>So gut sich der \u201egr\u00fcne Freitag\u201c im ersten Moment anf\u00fchlt, so wenig gehaltvoll sind viele Aktionen, die im Rahmen des Tags durchgef\u00fchrt werden. So ist z.B. fraglich, ob es wirklich nachhaltig ist, wenn eine Airline f\u00fcr jedes gekaufte Ticket am Green Friday die doppelte CO<sub>2<\/sub>-Kompensation an B\u00e4umen auslobt und dadurch aber nicht den klimasch\u00e4dlichen Flugverkehr reduziert. M\u00fcssen wir uns also fragen, ob Konsum und Nachhaltigkeit in Einklang gebracht werden k\u00f6nnen? Beim Green Friday bleibt leider der fahle Nachgeschmack des <a href=\"https:\/\/www.pack-verde.com\/blog\/ch-de\/nachhaltigkeit\/greenwashing-was-steckt-hinter-dem-phaenomen\/\" target=\"_blank\" rel=\"noopener\">Greenwashings<\/a> bei vielen Unternehmen zur\u00fcck.<\/p>\n\n\n\n<p>Denn letztlich l\u00e4sst sich Nachhaltigkeit nicht einfach an- und ausschalten wie eine Maschine. Nachhaltiges Denken ist ein gelebter Wert, der in unser Denken und Handeln \u00fcbergeht. Und so kann man dem Green Friday auf jeden Fall etwas Positives abgewinnen: <strong>Der Green Friday als eine Art \u201eLearning by doing\u201c. Indem Konsumenten bewusster einkaufen, lernen sie, nachhaltiger zu handeln.<\/strong><\/p>\n\n\n\n<div style=\"height:35px\" aria-hidden=\"true\" class=\"wp-block-spacer\"><\/div>\n\n\n\n<h2 class=\"wp-block-heading\"><strong>Braucht es \u00fcberhaupt einen Green Friday: So funktioniert nachhaltiges Verkaufen<\/strong><\/h2>\n\n\n\n<div style=\"height:25px\" aria-hidden=\"true\" class=\"wp-block-spacer\"><\/div>\n\n\n\n<p>Vermutlich wird der Green Friday genauso wenig wie der Black Friday ben\u00f6tigt. Schliesslich sollte das Thema Nachhaltigkeit beim Konsum das ganze Jahr \u00fcber ein gr\u00f6sseres Gewicht erhalten \u2013 nicht nur an einem bestimmten Tag.<\/p>\n\n\n\n<p>Was k\u00f6nnen wir als Verk\u00e4ufer also tun?<\/p>\n\n\n\n<ul class=\"wp-block-list\">\n<li><a href=\"https:\/\/www.pack-verde.com\/blog\/ch-de\/verpackungsratgeber\/e-commerce-verpackungen-mit-umweltbewusstsein-fuer-den-onlinehandel\/\" target=\"_blank\" rel=\"noopener\">Waren sicher &amp; umweltbewusst verpacken<\/a>:\n<ul class=\"wp-block-list\">\n<li>Wenn Sie Online-H\u00e4ndler sind, k\u00f6nnen Sie jeden Tag zum Green Friday machen, indem Sie z.B. auf eine <a href=\"https:\/\/www.pack-verde.com\/ch-de\/R\/versandverpackungen\/Versandverpackungen.html\" target=\"_blank\" rel=\"noreferrer noopener\">nachhaltige Versandverpackung<\/a> setzen.<\/li>\n\n\n\n<li>Nachhaltiger E-Commerce bedeutet auch, Waren so zu verpacken, dass diese auch heil beim Kunden ankommen und dadurch Retouren durch Besch\u00e4digungen auf ein Minimum reduziert werden. Verwenden Sie z.B. <a href=\"https:\/\/www.pack-verde.com\/ch-de\/S\/versandverpackungen\/fuellmaterial\/Fuellmaterial.html\" target=\"_blank\" rel=\"noopener\">nachhaltiges F\u00fcllmaterial<\/a>.<\/li>\n\n\n\n<li>Und nicht nur das richtige Material ist ausschlaggebend, auch die richtige Gr\u00f6sse der Verpackung. Achten Sie darauf, Ihre <a href=\"https:\/\/www.pack-verde.com\/blog\/ch-de\/nachhaltigkeit\/weniger-ist-mehr\/\" target=\"_blank\" rel=\"noopener\">Produkte effizient zu verpacken<\/a>, um Material zu sparen und im Idealfall direkt Hohlr\u00e4ume zu vermeiden.<\/li>\n<\/ul>\n<\/li>\n\n\n\n<li>Kunden f\u00fcr das Thema sensibilisieren: Es braucht nicht nur einen einzigen Tag, um auf nachhaltiges Handeln aufmerksam zu machen. Wir bei packVerde tun das t\u00e4glich in der Kommunikation mit unseren Kunden oder auch hier im Blog ?<\/li>\n<\/ul>\n\n\n\n<div style=\"height:35px\" aria-hidden=\"true\" class=\"wp-block-spacer\"><\/div>\n\n\n\n<h2 class=\"wp-block-heading\"><strong>Was bedeutet das f\u00fcr uns als H\u00e4ndler?<\/strong><\/h2>\n\n\n\n<div style=\"height:25px\" aria-hidden=\"true\" class=\"wp-block-spacer\"><\/div>\n\n\n\n<p>Konsum wird niemals enden. Der verkaufsstarke Freitag Ende November ist auch f\u00fcr Verbraucher in der Schweiz l\u00e4ngst nicht mehr unbekannt. Vielmehr wird diesem Tag entgegengefiebert, um die das ganze Jahr \u00fcber gef\u00fcllte Wunschliste endlich in den Warenkorb legen zu k\u00f6nnen und Geld zu sparen. Denn Konsumenten erwarten inzwischen, dass H\u00e4ndler Ihnen am Black Friday besondere Angebote machen. Ob Sie sich diesen Rabattaktionen anschliessen oder nicht, bleibt Ihnen \u00fcberlassen. Aber falls ja, so sollten Sie sich in der Verantwortung sehen und dem Black Friday einen gr\u00fcnen Stempel aufdr\u00fccken, indem Sie <a href=\"https:\/\/www.pack-verde.com\/ch-de\" target=\"_blank\" rel=\"noopener\">umweltfreundlich verpackte<\/a> Produkte verkaufen. So k\u00f6nnen Sie auch bei Ihrer Kundschaft das Bewusstsein f\u00fcr Nachhaltigkeit st\u00e4rken. Und um mit einem Zitat von Erich K\u00e4stner zu erg\u00e4nzen: \u201eMan tut nichts Gutes, ausser man tut es!\u201c<\/p>\n","protected":false},"excerpt":{"rendered":"<p>Jedes Jahr Ende November ist es so weit \u2013 es ist Black Friday: Tausende Schn\u00e4ppchenj\u00e4ger st\u00fcrzen sich vor allem im Internet auf stark reduzierte Artikel. Nat\u00fcrlich freuen sich Online-H\u00e4ndler \u00fcber klingelnde Kassen durch den zus\u00e4tzlichen Umsatz so kurz vor dem grossen Weihnachtsgesch\u00e4ft. Was dabei aber nicht vernachl\u00e4ssigt werden darf, ist die Tatsache, dass der Black&hellip;<\/p>\n","protected":false},"author":10,"featured_media":19147,"comment_status":"open","ping_status":"open","sticky":false,"template":"","format":"standard","meta":{"footnotes":""},"categories":[109],"tags":[],"m2-product-id":[],"class_list":["post-17022","post","type-post","status-publish","format-standard","has-post-thumbnail","hentry","category-nachhaltigkeit","category-109","description-off"],"yoast_head":"<!-- This site is optimized with the Yoast SEO plugin v27.4 - https:\/\/yoast.com\/product\/yoast-seo-wordpress\/ -->\n<title>Green Friday: der nachhaltigere Black Friday? | packVerde Blog<\/title>\n<meta name=\"description\" content=\"Der Green Friday findet 2021 auch im November statt. Ist er der nachhaltigere Black Friday? Antworten finden Sie im Blog von packVerde.\" \/>\n<meta name=\"robots\" content=\"index, follow, max-snippet:-1, max-image-preview:large, max-video-preview:-1\" \/>\n<link rel=\"canonical\" href=\"https:\/\/www.pack-verde.com\/blog\/ch-de\/nachhaltigkeit\/green-friday-die-nachhaltige-alternative-zum-black-friday\/\" \/>\n<meta property=\"og:locale\" content=\"de_DE\" \/>\n<meta property=\"og:type\" content=\"article\" \/>\n<meta property=\"og:title\" content=\"Green Friday: der nachhaltigere Black Friday? | packVerde Blog\" \/>\n<meta property=\"og:description\" content=\"Der Green Friday findet 2021 auch im November statt. Ist er der nachhaltigere Black Friday? Antworten finden Sie im Blog von packVerde.\" \/>\n<meta property=\"og:url\" content=\"https:\/\/www.pack-verde.com\/blog\/ch-de\/nachhaltigkeit\/green-friday-die-nachhaltige-alternative-zum-black-friday\/\" \/>\n<meta property=\"og:site_name\" content=\"packVerde\" \/>\n<meta property=\"article:publisher\" content=\"https:\/\/www.facebook.com\/packVerdeVerpackungen\" \/>\n<meta property=\"article:published_time\" content=\"2021-10-07T10:00:00+00:00\" \/>\n<meta property=\"article:modified_time\" content=\"2025-11-24T10:50:32+00:00\" \/>\n<meta property=\"og:image\" content=\"https:\/\/www.pack-verde.com\/blog\/wp-content\/uploads\/2021\/10\/pexels-karolina-grabowska-5632378-scaled.jpg\" \/>\n\t<meta property=\"og:image:width\" content=\"2560\" \/>\n\t<meta property=\"og:image:height\" content=\"1707\" \/>\n\t<meta property=\"og:image:type\" content=\"image\/jpeg\" \/>\n<meta name=\"author\" content=\"Philipp Roos\" \/>\n<meta name=\"twitter:card\" content=\"summary_large_image\" \/>\n<meta name=\"twitter:label1\" content=\"Geschrieben von\" \/>\n\t<meta name=\"twitter:data1\" content=\"Philipp Roos\" \/>\n\t<meta name=\"twitter:label2\" content=\"Gesch\u00e4tzte Lesezeit\" \/>\n\t<meta name=\"twitter:data2\" content=\"6\u00a0Minuten\" \/>\n<script type=\"application\/ld+json\" class=\"yoast-schema-graph\">{\"@context\":\"https:\\\/\\\/schema.org\",\"@graph\":[{\"@type\":\"Article\",\"@id\":\"https:\\\/\\\/www.pack-verde.com\\\/blog\\\/ch-de\\\/nachhaltigkeit\\\/green-friday-die-nachhaltige-alternative-zum-black-friday\\\/#article\",\"isPartOf\":{\"@id\":\"https:\\\/\\\/www.pack-verde.com\\\/blog\\\/ch-de\\\/nachhaltigkeit\\\/green-friday-die-nachhaltige-alternative-zum-black-friday\\\/\"},\"author\":{\"name\":\"Philipp Roos\",\"@id\":\"https:\\\/\\\/www.pack-verde.com\\\/blog\\\/ch-de\\\/#\\\/schema\\\/person\\\/f5e0bf0d881e9f8cbfb45fab8cfeed88\"},\"headline\":\"Green Friday \u2013 die nachhaltige Alternative zum Black Friday?\",\"datePublished\":\"2021-10-07T10:00:00+00:00\",\"dateModified\":\"2025-11-24T10:50:32+00:00\",\"mainEntityOfPage\":{\"@id\":\"https:\\\/\\\/www.pack-verde.com\\\/blog\\\/ch-de\\\/nachhaltigkeit\\\/green-friday-die-nachhaltige-alternative-zum-black-friday\\\/\"},\"wordCount\":1421,\"commentCount\":0,\"publisher\":{\"@id\":\"https:\\\/\\\/www.pack-verde.com\\\/blog\\\/ch-de\\\/#organization\"},\"image\":{\"@id\":\"https:\\\/\\\/www.pack-verde.com\\\/blog\\\/ch-de\\\/nachhaltigkeit\\\/green-friday-die-nachhaltige-alternative-zum-black-friday\\\/#primaryimage\"},\"thumbnailUrl\":\"https:\\\/\\\/www.pack-verde.com\\\/blog\\\/wp-content\\\/uploads\\\/2021\\\/10\\\/pexels-karolina-grabowska-5632378-scaled.jpg\",\"articleSection\":[\"Nachhaltigkeit\"],\"inLanguage\":\"de-CH\",\"potentialAction\":[{\"@type\":\"CommentAction\",\"name\":\"Comment\",\"target\":[\"https:\\\/\\\/www.pack-verde.com\\\/blog\\\/ch-de\\\/nachhaltigkeit\\\/green-friday-die-nachhaltige-alternative-zum-black-friday\\\/#respond\"]}]},{\"@type\":\"WebPage\",\"@id\":\"https:\\\/\\\/www.pack-verde.com\\\/blog\\\/ch-de\\\/nachhaltigkeit\\\/green-friday-die-nachhaltige-alternative-zum-black-friday\\\/\",\"url\":\"https:\\\/\\\/www.pack-verde.com\\\/blog\\\/ch-de\\\/nachhaltigkeit\\\/green-friday-die-nachhaltige-alternative-zum-black-friday\\\/\",\"name\":\"Green Friday: der nachhaltigere Black Friday? | packVerde Blog\",\"isPartOf\":{\"@id\":\"https:\\\/\\\/www.pack-verde.com\\\/blog\\\/ch-de\\\/#website\"},\"primaryImageOfPage\":{\"@id\":\"https:\\\/\\\/www.pack-verde.com\\\/blog\\\/ch-de\\\/nachhaltigkeit\\\/green-friday-die-nachhaltige-alternative-zum-black-friday\\\/#primaryimage\"},\"image\":{\"@id\":\"https:\\\/\\\/www.pack-verde.com\\\/blog\\\/ch-de\\\/nachhaltigkeit\\\/green-friday-die-nachhaltige-alternative-zum-black-friday\\\/#primaryimage\"},\"thumbnailUrl\":\"https:\\\/\\\/www.pack-verde.com\\\/blog\\\/wp-content\\\/uploads\\\/2021\\\/10\\\/pexels-karolina-grabowska-5632378-scaled.jpg\",\"datePublished\":\"2021-10-07T10:00:00+00:00\",\"dateModified\":\"2025-11-24T10:50:32+00:00\",\"description\":\"Der Green Friday findet 2021 auch im November statt. Ist er der nachhaltigere Black Friday? Antworten finden Sie im Blog von packVerde.\",\"breadcrumb\":{\"@id\":\"https:\\\/\\\/www.pack-verde.com\\\/blog\\\/ch-de\\\/nachhaltigkeit\\\/green-friday-die-nachhaltige-alternative-zum-black-friday\\\/#breadcrumb\"},\"inLanguage\":\"de-CH\",\"potentialAction\":[{\"@type\":\"ReadAction\",\"target\":[\"https:\\\/\\\/www.pack-verde.com\\\/blog\\\/ch-de\\\/nachhaltigkeit\\\/green-friday-die-nachhaltige-alternative-zum-black-friday\\\/\"]}]},{\"@type\":\"ImageObject\",\"inLanguage\":\"de-CH\",\"@id\":\"https:\\\/\\\/www.pack-verde.com\\\/blog\\\/ch-de\\\/nachhaltigkeit\\\/green-friday-die-nachhaltige-alternative-zum-black-friday\\\/#primaryimage\",\"url\":\"https:\\\/\\\/www.pack-verde.com\\\/blog\\\/wp-content\\\/uploads\\\/2021\\\/10\\\/pexels-karolina-grabowska-5632378-scaled.jpg\",\"contentUrl\":\"https:\\\/\\\/www.pack-verde.com\\\/blog\\\/wp-content\\\/uploads\\\/2021\\\/10\\\/pexels-karolina-grabowska-5632378-scaled.jpg\",\"width\":2560,\"height\":1707},{\"@type\":\"BreadcrumbList\",\"@id\":\"https:\\\/\\\/www.pack-verde.com\\\/blog\\\/ch-de\\\/nachhaltigkeit\\\/green-friday-die-nachhaltige-alternative-zum-black-friday\\\/#breadcrumb\",\"itemListElement\":[{\"@type\":\"ListItem\",\"position\":1,\"name\":\"Startseite\",\"item\":\"https:\\\/\\\/www.pack-verde.com\\\/blog\\\/ch-de\\\/\"},{\"@type\":\"ListItem\",\"position\":2,\"name\":\"Green Friday \u2013 die nachhaltige Alternative zum Black Friday?\"}]},{\"@type\":\"WebSite\",\"@id\":\"https:\\\/\\\/www.pack-verde.com\\\/blog\\\/ch-de\\\/#website\",\"url\":\"https:\\\/\\\/www.pack-verde.com\\\/blog\\\/ch-de\\\/\",\"name\":\"packVerde\",\"description\":\"achtsam verpackt\",\"publisher\":{\"@id\":\"https:\\\/\\\/www.pack-verde.com\\\/blog\\\/ch-de\\\/#organization\"},\"potentialAction\":[{\"@type\":\"SearchAction\",\"target\":{\"@type\":\"EntryPoint\",\"urlTemplate\":\"https:\\\/\\\/www.pack-verde.com\\\/blog\\\/ch-de\\\/?s={search_term_string}\"},\"query-input\":{\"@type\":\"PropertyValueSpecification\",\"valueRequired\":true,\"valueName\":\"search_term_string\"}}],\"inLanguage\":\"de-CH\"},{\"@type\":\"Organization\",\"@id\":\"https:\\\/\\\/www.pack-verde.com\\\/blog\\\/ch-de\\\/#organization\",\"name\":\"packVerde Blog\",\"url\":\"https:\\\/\\\/www.pack-verde.com\\\/blog\\\/ch-de\\\/\",\"logo\":{\"@type\":\"ImageObject\",\"inLanguage\":\"de-CH\",\"@id\":\"https:\\\/\\\/www.pack-verde.com\\\/blog\\\/ch-de\\\/#\\\/schema\\\/logo\\\/image\\\/\",\"url\":\"https:\\\/\\\/www.pack-verde.com\\\/blog\\\/wp-content\\\/uploads\\\/2021\\\/03\\\/packVerde-logo-150w.png\",\"contentUrl\":\"https:\\\/\\\/www.pack-verde.com\\\/blog\\\/wp-content\\\/uploads\\\/2021\\\/03\\\/packVerde-logo-150w.png\",\"width\":150,\"height\":90,\"caption\":\"packVerde Blog\"},\"image\":{\"@id\":\"https:\\\/\\\/www.pack-verde.com\\\/blog\\\/ch-de\\\/#\\\/schema\\\/logo\\\/image\\\/\"},\"sameAs\":[\"https:\\\/\\\/www.facebook.com\\\/packVerdeVerpackungen\",\"https:\\\/\\\/www.linkedin.com\\\/company\\\/packverde\\\/\"]},{\"@type\":\"Person\",\"@id\":\"https:\\\/\\\/www.pack-verde.com\\\/blog\\\/ch-de\\\/#\\\/schema\\\/person\\\/f5e0bf0d881e9f8cbfb45fab8cfeed88\",\"name\":\"Philipp Roos\",\"image\":{\"@type\":\"ImageObject\",\"inLanguage\":\"de-CH\",\"@id\":\"https:\\\/\\\/secure.gravatar.com\\\/avatar\\\/79562893b7af60e6276d4b1127bcb65a7f67aee66f11cb680013a10e68cc3e9b?s=96&d=mm&r=g\",\"url\":\"https:\\\/\\\/secure.gravatar.com\\\/avatar\\\/79562893b7af60e6276d4b1127bcb65a7f67aee66f11cb680013a10e68cc3e9b?s=96&d=mm&r=g\",\"contentUrl\":\"https:\\\/\\\/secure.gravatar.com\\\/avatar\\\/79562893b7af60e6276d4b1127bcb65a7f67aee66f11cb680013a10e68cc3e9b?s=96&d=mm&r=g\",\"caption\":\"Philipp Roos\"}}]}<\/script>\n<!-- \/ Yoast SEO plugin. -->","yoast_head_json":{"title":"Green Friday: der nachhaltigere Black Friday? | packVerde Blog","description":"Der Green Friday findet 2021 auch im November statt. Ist er der nachhaltigere Black Friday? Antworten finden Sie im Blog von packVerde.","robots":{"index":"index","follow":"follow","max-snippet":"max-snippet:-1","max-image-preview":"max-image-preview:large","max-video-preview":"max-video-preview:-1"},"canonical":"https:\/\/www.pack-verde.com\/blog\/ch-de\/nachhaltigkeit\/green-friday-die-nachhaltige-alternative-zum-black-friday\/","og_locale":"de_DE","og_type":"article","og_title":"Green Friday: der nachhaltigere Black Friday? | packVerde Blog","og_description":"Der Green Friday findet 2021 auch im November statt. Ist er der nachhaltigere Black Friday? Antworten finden Sie im Blog von packVerde.","og_url":"https:\/\/www.pack-verde.com\/blog\/ch-de\/nachhaltigkeit\/green-friday-die-nachhaltige-alternative-zum-black-friday\/","og_site_name":"packVerde","article_publisher":"https:\/\/www.facebook.com\/packVerdeVerpackungen","article_published_time":"2021-10-07T10:00:00+00:00","article_modified_time":"2025-11-24T10:50:32+00:00","og_image":[{"width":2560,"height":1707,"url":"https:\/\/www.pack-verde.com\/blog\/wp-content\/uploads\/2021\/10\/pexels-karolina-grabowska-5632378-scaled.jpg","type":"image\/jpeg"}],"author":"Philipp Roos","twitter_card":"summary_large_image","twitter_misc":{"Geschrieben von":"Philipp Roos","Gesch\u00e4tzte Lesezeit":"6\u00a0Minuten"},"schema":{"@context":"https:\/\/schema.org","@graph":[{"@type":"Article","@id":"https:\/\/www.pack-verde.com\/blog\/ch-de\/nachhaltigkeit\/green-friday-die-nachhaltige-alternative-zum-black-friday\/#article","isPartOf":{"@id":"https:\/\/www.pack-verde.com\/blog\/ch-de\/nachhaltigkeit\/green-friday-die-nachhaltige-alternative-zum-black-friday\/"},"author":{"name":"Philipp Roos","@id":"https:\/\/www.pack-verde.com\/blog\/ch-de\/#\/schema\/person\/f5e0bf0d881e9f8cbfb45fab8cfeed88"},"headline":"Green Friday \u2013 die nachhaltige Alternative zum Black Friday?","datePublished":"2021-10-07T10:00:00+00:00","dateModified":"2025-11-24T10:50:32+00:00","mainEntityOfPage":{"@id":"https:\/\/www.pack-verde.com\/blog\/ch-de\/nachhaltigkeit\/green-friday-die-nachhaltige-alternative-zum-black-friday\/"},"wordCount":1421,"commentCount":0,"publisher":{"@id":"https:\/\/www.pack-verde.com\/blog\/ch-de\/#organization"},"image":{"@id":"https:\/\/www.pack-verde.com\/blog\/ch-de\/nachhaltigkeit\/green-friday-die-nachhaltige-alternative-zum-black-friday\/#primaryimage"},"thumbnailUrl":"https:\/\/www.pack-verde.com\/blog\/wp-content\/uploads\/2021\/10\/pexels-karolina-grabowska-5632378-scaled.jpg","articleSection":["Nachhaltigkeit"],"inLanguage":"de-CH","potentialAction":[{"@type":"CommentAction","name":"Comment","target":["https:\/\/www.pack-verde.com\/blog\/ch-de\/nachhaltigkeit\/green-friday-die-nachhaltige-alternative-zum-black-friday\/#respond"]}]},{"@type":"WebPage","@id":"https:\/\/www.pack-verde.com\/blog\/ch-de\/nachhaltigkeit\/green-friday-die-nachhaltige-alternative-zum-black-friday\/","url":"https:\/\/www.pack-verde.com\/blog\/ch-de\/nachhaltigkeit\/green-friday-die-nachhaltige-alternative-zum-black-friday\/","name":"Green Friday: der nachhaltigere Black Friday? | packVerde Blog","isPartOf":{"@id":"https:\/\/www.pack-verde.com\/blog\/ch-de\/#website"},"primaryImageOfPage":{"@id":"https:\/\/www.pack-verde.com\/blog\/ch-de\/nachhaltigkeit\/green-friday-die-nachhaltige-alternative-zum-black-friday\/#primaryimage"},"image":{"@id":"https:\/\/www.pack-verde.com\/blog\/ch-de\/nachhaltigkeit\/green-friday-die-nachhaltige-alternative-zum-black-friday\/#primaryimage"},"thumbnailUrl":"https:\/\/www.pack-verde.com\/blog\/wp-content\/uploads\/2021\/10\/pexels-karolina-grabowska-5632378-scaled.jpg","datePublished":"2021-10-07T10:00:00+00:00","dateModified":"2025-11-24T10:50:32+00:00","description":"Der Green Friday findet 2021 auch im November statt. Ist er der nachhaltigere Black Friday? Antworten finden Sie im Blog von packVerde.","breadcrumb":{"@id":"https:\/\/www.pack-verde.com\/blog\/ch-de\/nachhaltigkeit\/green-friday-die-nachhaltige-alternative-zum-black-friday\/#breadcrumb"},"inLanguage":"de-CH","potentialAction":[{"@type":"ReadAction","target":["https:\/\/www.pack-verde.com\/blog\/ch-de\/nachhaltigkeit\/green-friday-die-nachhaltige-alternative-zum-black-friday\/"]}]},{"@type":"ImageObject","inLanguage":"de-CH","@id":"https:\/\/www.pack-verde.com\/blog\/ch-de\/nachhaltigkeit\/green-friday-die-nachhaltige-alternative-zum-black-friday\/#primaryimage","url":"https:\/\/www.pack-verde.com\/blog\/wp-content\/uploads\/2021\/10\/pexels-karolina-grabowska-5632378-scaled.jpg","contentUrl":"https:\/\/www.pack-verde.com\/blog\/wp-content\/uploads\/2021\/10\/pexels-karolina-grabowska-5632378-scaled.jpg","width":2560,"height":1707},{"@type":"BreadcrumbList","@id":"https:\/\/www.pack-verde.com\/blog\/ch-de\/nachhaltigkeit\/green-friday-die-nachhaltige-alternative-zum-black-friday\/#breadcrumb","itemListElement":[{"@type":"ListItem","position":1,"name":"Startseite","item":"https:\/\/www.pack-verde.com\/blog\/ch-de\/"},{"@type":"ListItem","position":2,"name":"Green Friday \u2013 die nachhaltige Alternative zum Black Friday?"}]},{"@type":"WebSite","@id":"https:\/\/www.pack-verde.com\/blog\/ch-de\/#website","url":"https:\/\/www.pack-verde.com\/blog\/ch-de\/","name":"packVerde","description":"achtsam verpackt","publisher":{"@id":"https:\/\/www.pack-verde.com\/blog\/ch-de\/#organization"},"potentialAction":[{"@type":"SearchAction","target":{"@type":"EntryPoint","urlTemplate":"https:\/\/www.pack-verde.com\/blog\/ch-de\/?s={search_term_string}"},"query-input":{"@type":"PropertyValueSpecification","valueRequired":true,"valueName":"search_term_string"}}],"inLanguage":"de-CH"},{"@type":"Organization","@id":"https:\/\/www.pack-verde.com\/blog\/ch-de\/#organization","name":"packVerde Blog","url":"https:\/\/www.pack-verde.com\/blog\/ch-de\/","logo":{"@type":"ImageObject","inLanguage":"de-CH","@id":"https:\/\/www.pack-verde.com\/blog\/ch-de\/#\/schema\/logo\/image\/","url":"https:\/\/www.pack-verde.com\/blog\/wp-content\/uploads\/2021\/03\/packVerde-logo-150w.png","contentUrl":"https:\/\/www.pack-verde.com\/blog\/wp-content\/uploads\/2021\/03\/packVerde-logo-150w.png","width":150,"height":90,"caption":"packVerde Blog"},"image":{"@id":"https:\/\/www.pack-verde.com\/blog\/ch-de\/#\/schema\/logo\/image\/"},"sameAs":["https:\/\/www.facebook.com\/packVerdeVerpackungen","https:\/\/www.linkedin.com\/company\/packverde\/"]},{"@type":"Person","@id":"https:\/\/www.pack-verde.com\/blog\/ch-de\/#\/schema\/person\/f5e0bf0d881e9f8cbfb45fab8cfeed88","name":"Philipp Roos","image":{"@type":"ImageObject","inLanguage":"de-CH","@id":"https:\/\/secure.gravatar.com\/avatar\/79562893b7af60e6276d4b1127bcb65a7f67aee66f11cb680013a10e68cc3e9b?s=96&d=mm&r=g","url":"https:\/\/secure.gravatar.com\/avatar\/79562893b7af60e6276d4b1127bcb65a7f67aee66f11cb680013a10e68cc3e9b?s=96&d=mm&r=g","contentUrl":"https:\/\/secure.gravatar.com\/avatar\/79562893b7af60e6276d4b1127bcb65a7f67aee66f11cb680013a10e68cc3e9b?s=96&d=mm&r=g","caption":"Philipp Roos"}}]}},"magento_index":true,"_links":{"self":[{"href":"https:\/\/www.pack-verde.com\/blog\/ch-de\/wp-json\/wp\/v2\/posts\/17022","targetHints":{"allow":["GET"]}}],"collection":[{"href":"https:\/\/www.pack-verde.com\/blog\/ch-de\/wp-json\/wp\/v2\/posts"}],"about":[{"href":"https:\/\/www.pack-verde.com\/blog\/ch-de\/wp-json\/wp\/v2\/types\/post"}],"author":[{"embeddable":true,"href":"https:\/\/www.pack-verde.com\/blog\/ch-de\/wp-json\/wp\/v2\/users\/10"}],"replies":[{"embeddable":true,"href":"https:\/\/www.pack-verde.com\/blog\/ch-de\/wp-json\/wp\/v2\/comments?post=17022"}],"version-history":[{"count":4,"href":"https:\/\/www.pack-verde.com\/blog\/ch-de\/wp-json\/wp\/v2\/posts\/17022\/revisions"}],"predecessor-version":[{"id":19703,"href":"https:\/\/www.pack-verde.com\/blog\/ch-de\/wp-json\/wp\/v2\/posts\/17022\/revisions\/19703"}],"wp:featuredmedia":[{"embeddable":true,"href":"https:\/\/www.pack-verde.com\/blog\/ch-de\/wp-json\/wp\/v2\/media\/19147"}],"wp:attachment":[{"href":"https:\/\/www.pack-verde.com\/blog\/ch-de\/wp-json\/wp\/v2\/media?parent=17022"}],"wp:term":[{"taxonomy":"category","embeddable":true,"href":"https:\/\/www.pack-verde.com\/blog\/ch-de\/wp-json\/wp\/v2\/categories?post=17022"},{"taxonomy":"post_tag","embeddable":true,"href":"https:\/\/www.pack-verde.com\/blog\/ch-de\/wp-json\/wp\/v2\/tags?post=17022"},{"taxonomy":"m2-product-id","embeddable":true,"href":"https:\/\/www.pack-verde.com\/blog\/ch-de\/wp-json\/wp\/v2\/m2-product-id?post=17022"}],"curies":[{"name":"wp","href":"https:\/\/api.w.org\/{rel}","templated":true}]}}