{"id":18880,"date":"2024-01-19T10:21:55","date_gmt":"2024-01-19T09:21:55","guid":{"rendered":"https:\/\/www.pack-verde.com\/blog\/?p=18880"},"modified":"2024-01-22T16:46:05","modified_gmt":"2024-01-22T15:46:05","slug":"nachhaltige-verpackungen-im-rampenlicht-b2b-trends-fuer-das-jahr-2024","status":"publish","type":"post","link":"https:\/\/www.pack-verde.com\/blog\/ch-de\/inspiration-trends\/nachhaltige-verpackungen-im-rampenlicht-b2b-trends-fuer-das-jahr-2024\/","title":{"rendered":"Nachhaltige Verpackungen im Rampenlicht: B2B-Trends f\u00fcr das Jahr 2024"},"content":{"rendered":"\n<p>Das Jahr ist frisch gestartet, und mit ihm nehmen nicht nur neue, sondern auch bereits etablierte Verpackungstrends Fahrt auf. Das Bewusstsein der Konsumenten f\u00fcr Nachhaltigkeit erreicht dabei neue H\u00f6hen, speziell im E-Commerce r\u00fcckt es sehr stark in den Vordergrund. &nbsp;Verbraucher legen immer mehr Wert auf <strong>nachhaltige und biologisch abbaubare Verpackungen<\/strong> \u2013 ein Signal, dass der Umweltschutz mehr als nur eine Modeerscheinung ist. Wenn Sie sich auf unserem Web-Shop \/ Blog befinden, haben Sie bereits den ersten Schritt in die richtige Richtung getan. Unser <strong>umfangreiches Sortiment umfasst \u00fcber 2.000 nachhaltige Verpackungsl\u00f6sungen<\/strong>, die nicht nur den aktuellen Standards entsprechen, sondern auch den Weg f\u00fcr zuk\u00fcnftige Entwicklungen weisen.<\/p>\n\n\n\n<div style=\"height:22px\" aria-hidden=\"true\" class=\"wp-block-spacer\"><\/div>\n\n\n\n<p>Mit dieser Grundlage im Hintergrund pr\u00e4sentieren wir Ihnen nun die folgenden Verpackungstrends, die wir im Folgenden f\u00fcr Sie zusammengefasst haben:<\/p>\n\n\n\n<div style=\"height:22px\" aria-hidden=\"true\" class=\"wp-block-spacer\"><\/div>\n\n\n\n<h2 class=\"wp-block-heading\">1. Kostenersparnis durch Materialeinsparung<\/h2>\n\n\n\n<p>Bei unserem Ansatz geht es nicht darum, einfach auf Material zu verzichten, sondern vielmehr nach unserem packVerde Leitsatz zu handeln:<strong> \u201eSo viel Schutz und Funktion wie m\u00f6glich, mit so wenig nachhaltigem Verpackungsmaterial wie n\u00f6tig.\u201c<\/strong> Viele Onlineh\u00e4ndler setzen bereits auf m\u00f6glichst kleine und portooptimierte Verpackung. Diese zeichnen sich durch ihre Passgenauigkeit aus und erfordern weniger Hohlraumf\u00fcllung. Das prim\u00e4re Ziel besteht nicht nur darin, Transportvolumen und Wellpappverbrauch zu reduzieren, sondern auch die Versandkosten erheblich zu minimieren. Wenn Sie erfahren m\u00f6chten, welche g\u00e4ngigen Paketgr\u00f6ssen es bei Paketdienstleistern gibt und worauf es im portooptimierten Versand ankommt, dann werfen Sie gerne einen Blick in unseren Blogbeitrag \u00ab<a href=\"https:\/\/www.pack-verde.com\/blog\/ch-de\/verpackungsratgeber\/portooptimierung-fuer-sendungen-innerhalb-und-aus-der-schweiz\/\">Portooptimierung f\u00fcr Unternehmen \u2013 ein \u00dcberblick \u00fcber Versanddienstleister und Verpackungsgr\u00f6\u00dfen in Deutschland<\/a>\u00bb vorbei.<\/p>\n\n\n\n<blockquote class=\"wp-block-quote is-layout-flow wp-block-quote-is-layout-flow\">\n<p><strong>Sind nachhaltige Verpackungen teurer? Im Gegenteil.<\/strong> Denn nachhaltige Unternehmen k\u00f6nnen langfristig sogar Kosten einsparen. Intelligente Verpackungsl\u00f6sungen k\u00f6nnen zum Beispiel dazu beitragen, Das Gesamtgewicht (und damit Porto) durch Materialeinsparung zu reduzieren.<\/p>\n<\/blockquote>\n\n\n\n<h2 class=\"wp-block-heading\">2. <strong>Qualit\u00e4t der Verpackung<\/strong><\/h2>\n\n\n\n<p>Bei all den Einsparungen ist es von entscheidender Bedeutung, dass die Qualit\u00e4t nicht auf der Strecke bleibt. Verpackungen, die den Versand nicht gut \u00fcberstehen, f\u00fchren zu vermehrten Retouren und zus\u00e4tzlicher Arbeit. Schliesslich sorgt besch\u00e4digte Ware bei Ankunft beim Kunden f\u00fcr erheblichen \u00c4rger und Unzufriedenheit. Damit Ihre Produkte ankommen, muss die Verpackungen deshalb in Form und Funktion zum Produkt passen. Wie bereits erw\u00e4hnt ist hier eine massgeschneiderte Verpackung die ideale L\u00f6sung. Falls Sie dennoch auf eine Standardverpackung zur\u00fcckgreifen m\u00f6chten, empfiehlt sich ein Karton mit minimalem Hohlraum. Dadurch wird sichergestellt, dass Ihr Produkt nicht w\u00e4hrend des Transports umher rutscht. Zus\u00e4tzlich wird der Karton nur mit einer minimalen Menge an F\u00fcllmaterial versehen. So erh\u00e4lt Ihr Kunde ein \u00fcberzeugendes Paket, sondern auch eine Verpackung, die leicht entsorgt werden kann, ohne \u00fcberfl\u00fcssigen M\u00fcll zu produzieren. Wenn es dennoch zu einer Retoure kommen sollte, w\u00fcnschen sich die meisten Kunden eine Verpackung, die sich f\u00fcr den R\u00fcckversand eignet. Ein bequemer R\u00fcckversand sorgt daf\u00fcr, dass Ihr Produkt schneller wieder bei Ihnen eintrifft und st\u00e4rkt die Kundenbindung.<\/p>\n\n\n\n<div style=\"height:54px\" aria-hidden=\"true\" class=\"wp-block-spacer\"><\/div>\n\n\n<div class=\"wp-block-image\">\n<figure class=\"aligncenter size-full\"><img decoding=\"async\" width=\"488\" height=\"325\" src=\"https:\/\/www.pack-verde.com\/blog\/wp-content\/uploads\/2024\/01\/Comfort-Box-Return-plus.jpg\" alt=\"Comfort Box Return plus\" class=\"wp-image-18854\" srcset=\"https:\/\/www.pack-verde.com\/blog\/wp-content\/uploads\/2024\/01\/Comfort-Box-Return-plus.jpg 488w, https:\/\/www.pack-verde.com\/blog\/wp-content\/uploads\/2024\/01\/Comfort-Box-Return-plus-300x200.jpg 300w\" sizes=\"(max-width: 488px) 100vw, 488px\" \/><figcaption class=\"wp-element-caption\"><strong>COMFORT-BOX RETURN wiederverschlie\u00dfbar<\/strong><\/figcaption><\/figure>\n<\/div>\n\n\n<h2 class=\"wp-block-heading\">3. <strong>Helfer im Versand<\/strong><\/h2>\n\n\n\n<ol class=\"wp-block-list\"><\/ol>\n\n\n\n<p>Jeder kennt das Sprichwort, Zeit ist gleich Geld. Besonders im Verpackungsprozess: einem Bereich mit einem erheblichen Einsparpotential im Betriebsbudget. Ein mobiler Packplatz erfordert daher mobile Hilfsmittel, die die Arbeit nicht nur vereinfachen, sondern auch einen Zeitgewinn bringt. Dies gilt insbesondere dann, wenn im Versandbereich wenig Arbeitskr\u00e4fte zur Verf\u00fcgung stehen und jede Minute effizient genutzt werden muss.<br>Hier sind <a href=\"https:\/\/www.pack-verde.com\/ch\/versandverpackungen\/fuellen-polstern-schuetzen\/fuellmaterial\/stopfpapier\/\">Spenderkartons<\/a> besonders hilfreich: Sie sind flexibel einsetzbar und stellen eine ideale L\u00f6sung f\u00fcr die Hohlraumf\u00fcllung dar. Als Alternative bietet sich das <a href=\"https:\/\/www.pack-verde.com\/ch\/speedman-pro-papierfuell-system\">SpeedMan\u00ae Pro Papierf\u00fcll-System<\/a> an. Es produziert umweltfreundliche Papierstr\u00e4nge zur schnellen Hohlraumf\u00fcllung und l\u00e4sst sich optimal an jede Packsituation anpassen. Einfach den Versandkarton aufrichten, Ihre Produkte einlegen, mit minimalem F\u00fcllmaterial polstern und das Paket versandfertig verschlie\u00dfen.<\/p>\n\n\nSHORTCODE in REST Request entfernt\n\n\n\n<div style=\"height:55px\" aria-hidden=\"true\" class=\"wp-block-spacer\"><\/div>\n\n\n\n<h2 class=\"wp-block-heading\">4. Unboxing Effekt<\/h2>\n\n\n\n<p>Was genau bedeutet Unboxing? Es beschreibt den ersten Kontakt des Verbrauchers mit Ihrem Produkt &#8211; das Auspacken wird zu einem besonderen Erlebnis, was einen bleibenden Eindruck beim Kunden hinterl\u00e4sst. Dieses Konzept hat sich als \u00fcberzeugendes Marketinginstrument etabliert und wird von vielen Unternehmen als Hauptverkaufsargument genutzt. Ziel ist es, die Vorfreude der Kunden auf ihr P\u00e4ckchen zu steigern und eine emotionale Bindung zu schaffen.<\/p>\n\n\n\n<p>F\u00fcr ein gelungenes Unboxing wird das Produkt sorgf\u00e4ltig in einem ansprechenden Karton verpackt, umh\u00fcllt von Seidenpapier und dem notwendigen F\u00fcllmaterial f\u00fcr den Versand. Durch die Personalisierung mit individuellen Etiketten oder Botschaften wird eine besondere Note verliehen. In der \u00c4ra der sozialen Medien erfreuen sich genau so genannte Unboxing Videos grosser Beliebtheit. Verbraucher nehmen sich beim \u00d6ffnen ihrer Pakete auf, teilen ihre Freude mit den Abonnenten und schaffen so authentische Inhalte. Desto besser das Unboxing, desto mehr Interesse weckt es bei anderen Usern &#8211; Mit einem gelungenen Unboxing hat man also den Wiederkauf so gut wie garantiert und sowie potenziellen K\u00e4ufer dazugewonnen<strong>.<\/strong><\/p>\n\n\n\n<blockquote class=\"wp-block-quote is-layout-flow wp-block-quote-is-layout-flow\">\n<p><strong>ASMR<\/strong> (Autonomous Sensory Meridian Response) Videos erzielen besonders grosse Viralit\u00e4t. In diesen Videos wird durch akustische oder visuelle Reize, wie zum Beispiel sanftes Ber\u00fchren verschiedener Oberfl\u00e4chen, ein entspannendes und beruhigendes Gef\u00fchl ausgel\u00f6st. Daher empfiehlt es sich, beim Verpacken mit verschiedenen Materialien und Texturen zu arbeiten, um diesen Effekt und vor allem eine attraktive Ger\u00e4usch-Kulisse zu verst\u00e4rken.<\/p>\n<\/blockquote>\n\n\n\n<p>Wer also den Auspackmoment emotional richtig gestaltet,<\/p>\n\n\n\n<div class=\"wp-block-group\"><div class=\"wp-block-group__inner-container is-layout-constrained wp-block-group-is-layout-constrained\">\n<p>&#8230;verbessert das Markenerlebnis<\/p>\n\n\n\n<p>&#8230;st\u00e4rkt die Kundenbindung<\/p>\n\n\n\n<p>\u2026motiviert zum Wiederkauf<\/p>\n\n\n\n<p>\u2026vermittelt dem Konsumenten Wertsch\u00e4tzung<\/p>\n\n\n\n<p>\u2026senkt die Retourenquote<\/p>\n<\/div><\/div>\n\n\n\n<div style=\"height:57px\" aria-hidden=\"true\" class=\"wp-block-spacer\"><\/div>\n\n\n<div class=\"wp-block-image\">\n<figure class=\"aligncenter size-full\"><img decoding=\"async\" width=\"488\" height=\"325\" src=\"https:\/\/www.pack-verde.com\/blog\/wp-content\/uploads\/2024\/01\/COMFORT-BOX-mit-Motiv.jpg\" alt=\"COMFORT BOX mit Motiv\" class=\"wp-image-18867\" srcset=\"https:\/\/www.pack-verde.com\/blog\/wp-content\/uploads\/2024\/01\/COMFORT-BOX-mit-Motiv.jpg 488w, https:\/\/www.pack-verde.com\/blog\/wp-content\/uploads\/2024\/01\/COMFORT-BOX-mit-Motiv-300x200.jpg 300w\" sizes=\"(max-width: 488px) 100vw, 488px\" \/><figcaption class=\"wp-element-caption\">COMFORT BOX mit Motiv<\/figcaption><\/figure>\n<\/div>\n\n\n<h2 class=\"wp-block-heading\">5. Minimalismus<\/h2>\n\n\n\n<p>Auch 2024 lautet das Motto: Weniger ist mehr. Minimalistisches Design und biologisch abbaubare Materialien pr\u00e4gen die Verpackungstrends. Der Fokus liegt auf Einstoffmaterialien, um dem Kunden die Entsorgung zu erleichtern. Durch die Umsetzung dieser Trends, kombiniert mit den oben genannten Tipps, l\u00e4sst sich nicht nur der Ressourcenverbrauch minimieren, sondern auch beim Porto effizient einsparen. Minimalistische Verpackungen stehen f\u00fcr Transparenz und st\u00e4rken dar\u00fcber hinaus die Kundenbindung. Durch den sparsamen Einsatz von Verpackungsmaterial wird es dem Kunden erleichtert, die Verpackung nach Gebrauch umweltgerecht zu entsorgen. Dieser Trend erm\u00f6glicht nicht nur eine \u00e4sthetisch ansprechende Pr\u00e4sentation Ihrer Produkte, sondern setzt auch ein klares Statement in Richtung Nachhaltigkeit. Durch die gezielte Anwendung dieser Prinzipien k\u00f6nnen Sie nicht nur die Umweltbilanz verbessern, sondern auch den wirtschaftlichen Erfolg Ihres Unternehmens nachhaltig steigern.<\/p>\n\n\n\n<div style=\"height:53px\" aria-hidden=\"true\" class=\"wp-block-spacer\"><\/div>\n\n\n<div class=\"wp-block-image\">\n<figure class=\"aligncenter size-full is-resized\"><img decoding=\"async\" width=\"488\" height=\"325\" src=\"https:\/\/www.pack-verde.com\/blog\/wp-content\/uploads\/2024\/01\/GRAS-PAC-Stuelpschachtel.jpg\" alt=\"GRAS PAC Stuelpschachtel\" class=\"wp-image-18860\" style=\"width:488px;height:auto\" srcset=\"https:\/\/www.pack-verde.com\/blog\/wp-content\/uploads\/2024\/01\/GRAS-PAC-Stuelpschachtel.jpg 488w, https:\/\/www.pack-verde.com\/blog\/wp-content\/uploads\/2024\/01\/GRAS-PAC-Stuelpschachtel-300x200.jpg 300w\" sizes=\"(max-width: 488px) 100vw, 488px\" \/><figcaption class=\"wp-element-caption\">GRAS-PAC St\u00fclpdeckelkarton<\/figcaption><\/figure>\n<\/div>\n\n\n<div style=\"height:43px\" aria-hidden=\"true\" class=\"wp-block-spacer\"><\/div>\n\n\n\n<p>Sie m\u00f6chten weitere Tipps f\u00fcr eine optimale Kundenzufriedenheit erfahren oder m\u00f6chten von unseren Verpackungsspezialisten direkt beraten werden?<\/p>\n\n\n\n<p>Unsere Fachexperten helfen Ihnen gerne weiter und beantworten Ihre Fragen.<\/p>\n\n\n\n<div style=\"height:42px\" aria-hidden=\"true\" class=\"wp-block-spacer\"><\/div>\n\n\n\n<div class=\"wp-block-buttons is-content-justification-left is-layout-flex wp-container-core-buttons-is-layout-fdcfc74e wp-block-buttons-is-layout-flex\">\n<div class=\"wp-block-button\"><a class=\"wp-block-button__link has-text-align-center wp-element-button\" href=\"https:\/\/www.pack-verde.com\/ch\/contact\" target=\"_blank\" rel=\"noreferrer noopener\">Kontaktieren Sie unsere Verpackungsspezialisten<\/a><\/div>\n<\/div>\n","protected":false},"excerpt":{"rendered":"<p>Das Jahr ist frisch gestartet, und mit ihm nehmen nicht nur neue, sondern auch bereits etablierte Verpackungstrends Fahrt auf. Das Bewusstsein der Konsumenten f\u00fcr Nachhaltigkeit erreicht dabei neue H\u00f6hen, speziell im E-Commerce r\u00fcckt es sehr stark in den Vordergrund. &nbsp;Verbraucher legen immer mehr Wert auf nachhaltige und biologisch abbaubare Verpackungen \u2013 ein Signal, dass der&hellip;<\/p>\n","protected":false},"author":17,"featured_media":19141,"comment_status":"open","ping_status":"open","sticky":false,"template":"","format":"standard","meta":{"footnotes":""},"categories":[107],"tags":[],"m2-product-id":[],"class_list":["post-18880","post","type-post","status-publish","format-standard","has-post-thumbnail","hentry","category-inspiration-trends","category-107","description-off"],"yoast_head":"<!-- This site is optimized with the Yoast SEO plugin v27.4 - https:\/\/yoast.com\/product\/yoast-seo-wordpress\/ -->\n<title>Nachhaltige Verpackungen im Rampenlicht: B2B- Trends in 2024<\/title>\n<meta name=\"robots\" content=\"index, follow, max-snippet:-1, max-image-preview:large, max-video-preview:-1\" \/>\n<link rel=\"canonical\" href=\"https:\/\/www.pack-verde.com\/blog\/ch-de\/inspiration-trends\/nachhaltige-verpackungen-im-rampenlicht-b2b-trends-fuer-das-jahr-2024\/\" \/>\n<meta property=\"og:locale\" content=\"de_DE\" \/>\n<meta property=\"og:type\" content=\"article\" \/>\n<meta property=\"og:title\" content=\"Nachhaltige Verpackungen im Rampenlicht: B2B- Trends in 2024\" \/>\n<meta property=\"og:description\" content=\"Das Jahr ist frisch gestartet, und mit ihm nehmen nicht nur neue, sondern auch bereits etablierte Verpackungstrends Fahrt auf. Das Bewusstsein der Konsumenten f\u00fcr Nachhaltigkeit erreicht dabei neue H\u00f6hen, speziell im E-Commerce r\u00fcckt es sehr stark in den Vordergrund. &nbsp;Verbraucher legen immer mehr Wert auf nachhaltige und biologisch abbaubare Verpackungen \u2013 ein Signal, dass der&hellip;\" \/>\n<meta property=\"og:url\" content=\"https:\/\/www.pack-verde.com\/blog\/ch-de\/inspiration-trends\/nachhaltige-verpackungen-im-rampenlicht-b2b-trends-fuer-das-jahr-2024\/\" \/>\n<meta property=\"og:site_name\" content=\"packVerde\" \/>\n<meta property=\"article:publisher\" content=\"https:\/\/www.facebook.com\/packVerdeVerpackungen\" \/>\n<meta property=\"article:published_time\" content=\"2024-01-19T09:21:55+00:00\" \/>\n<meta property=\"article:modified_time\" content=\"2024-01-22T15:46:05+00:00\" \/>\n<meta property=\"og:image\" content=\"https:\/\/www.pack-verde.com\/blog\/wp-content\/uploads\/2024\/01\/titelbild.jpg\" \/>\n\t<meta property=\"og:image:width\" content=\"720\" \/>\n\t<meta property=\"og:image:height\" content=\"360\" \/>\n\t<meta property=\"og:image:type\" content=\"image\/jpeg\" \/>\n<meta name=\"author\" content=\"m.kuecuek\" \/>\n<meta name=\"twitter:card\" content=\"summary_large_image\" \/>\n<meta name=\"twitter:label1\" content=\"Geschrieben von\" \/>\n\t<meta name=\"twitter:data1\" content=\"m.kuecuek\" \/>\n\t<meta name=\"twitter:label2\" content=\"Gesch\u00e4tzte Lesezeit\" \/>\n\t<meta name=\"twitter:data2\" content=\"5\u00a0Minuten\" \/>\n<script type=\"application\/ld+json\" class=\"yoast-schema-graph\">{\"@context\":\"https:\\\/\\\/schema.org\",\"@graph\":[{\"@type\":\"Article\",\"@id\":\"https:\\\/\\\/www.pack-verde.com\\\/blog\\\/ch-de\\\/inspiration-trends\\\/nachhaltige-verpackungen-im-rampenlicht-b2b-trends-fuer-das-jahr-2024\\\/#article\",\"isPartOf\":{\"@id\":\"https:\\\/\\\/www.pack-verde.com\\\/blog\\\/ch-de\\\/inspiration-trends\\\/nachhaltige-verpackungen-im-rampenlicht-b2b-trends-fuer-das-jahr-2024\\\/\"},\"author\":{\"name\":\"m.kuecuek\",\"@id\":\"https:\\\/\\\/www.pack-verde.com\\\/blog\\\/ch-de\\\/#\\\/schema\\\/person\\\/5cbcb261f6058158585083f252c0c5b9\"},\"headline\":\"Nachhaltige Verpackungen im Rampenlicht: B2B-Trends f\u00fcr das Jahr 2024\",\"datePublished\":\"2024-01-19T09:21:55+00:00\",\"dateModified\":\"2024-01-22T15:46:05+00:00\",\"mainEntityOfPage\":{\"@id\":\"https:\\\/\\\/www.pack-verde.com\\\/blog\\\/ch-de\\\/inspiration-trends\\\/nachhaltige-verpackungen-im-rampenlicht-b2b-trends-fuer-das-jahr-2024\\\/\"},\"wordCount\":1071,\"commentCount\":0,\"publisher\":{\"@id\":\"https:\\\/\\\/www.pack-verde.com\\\/blog\\\/ch-de\\\/#organization\"},\"image\":{\"@id\":\"https:\\\/\\\/www.pack-verde.com\\\/blog\\\/ch-de\\\/inspiration-trends\\\/nachhaltige-verpackungen-im-rampenlicht-b2b-trends-fuer-das-jahr-2024\\\/#primaryimage\"},\"thumbnailUrl\":\"https:\\\/\\\/www.pack-verde.com\\\/blog\\\/wp-content\\\/uploads\\\/2024\\\/01\\\/titelbild.jpg\",\"articleSection\":[\"Inspiration &amp; Trends\"],\"inLanguage\":\"de-CH\",\"potentialAction\":[{\"@type\":\"CommentAction\",\"name\":\"Comment\",\"target\":[\"https:\\\/\\\/www.pack-verde.com\\\/blog\\\/ch-de\\\/inspiration-trends\\\/nachhaltige-verpackungen-im-rampenlicht-b2b-trends-fuer-das-jahr-2024\\\/#respond\"]}]},{\"@type\":\"WebPage\",\"@id\":\"https:\\\/\\\/www.pack-verde.com\\\/blog\\\/ch-de\\\/inspiration-trends\\\/nachhaltige-verpackungen-im-rampenlicht-b2b-trends-fuer-das-jahr-2024\\\/\",\"url\":\"https:\\\/\\\/www.pack-verde.com\\\/blog\\\/ch-de\\\/inspiration-trends\\\/nachhaltige-verpackungen-im-rampenlicht-b2b-trends-fuer-das-jahr-2024\\\/\",\"name\":\"Nachhaltige Verpackungen im Rampenlicht: B2B- Trends in 2024\",\"isPartOf\":{\"@id\":\"https:\\\/\\\/www.pack-verde.com\\\/blog\\\/ch-de\\\/#website\"},\"primaryImageOfPage\":{\"@id\":\"https:\\\/\\\/www.pack-verde.com\\\/blog\\\/ch-de\\\/inspiration-trends\\\/nachhaltige-verpackungen-im-rampenlicht-b2b-trends-fuer-das-jahr-2024\\\/#primaryimage\"},\"image\":{\"@id\":\"https:\\\/\\\/www.pack-verde.com\\\/blog\\\/ch-de\\\/inspiration-trends\\\/nachhaltige-verpackungen-im-rampenlicht-b2b-trends-fuer-das-jahr-2024\\\/#primaryimage\"},\"thumbnailUrl\":\"https:\\\/\\\/www.pack-verde.com\\\/blog\\\/wp-content\\\/uploads\\\/2024\\\/01\\\/titelbild.jpg\",\"datePublished\":\"2024-01-19T09:21:55+00:00\",\"dateModified\":\"2024-01-22T15:46:05+00:00\",\"breadcrumb\":{\"@id\":\"https:\\\/\\\/www.pack-verde.com\\\/blog\\\/ch-de\\\/inspiration-trends\\\/nachhaltige-verpackungen-im-rampenlicht-b2b-trends-fuer-das-jahr-2024\\\/#breadcrumb\"},\"inLanguage\":\"de-CH\",\"potentialAction\":[{\"@type\":\"ReadAction\",\"target\":[\"https:\\\/\\\/www.pack-verde.com\\\/blog\\\/ch-de\\\/inspiration-trends\\\/nachhaltige-verpackungen-im-rampenlicht-b2b-trends-fuer-das-jahr-2024\\\/\"]}]},{\"@type\":\"ImageObject\",\"inLanguage\":\"de-CH\",\"@id\":\"https:\\\/\\\/www.pack-verde.com\\\/blog\\\/ch-de\\\/inspiration-trends\\\/nachhaltige-verpackungen-im-rampenlicht-b2b-trends-fuer-das-jahr-2024\\\/#primaryimage\",\"url\":\"https:\\\/\\\/www.pack-verde.com\\\/blog\\\/wp-content\\\/uploads\\\/2024\\\/01\\\/titelbild.jpg\",\"contentUrl\":\"https:\\\/\\\/www.pack-verde.com\\\/blog\\\/wp-content\\\/uploads\\\/2024\\\/01\\\/titelbild.jpg\",\"width\":720,\"height\":360},{\"@type\":\"BreadcrumbList\",\"@id\":\"https:\\\/\\\/www.pack-verde.com\\\/blog\\\/ch-de\\\/inspiration-trends\\\/nachhaltige-verpackungen-im-rampenlicht-b2b-trends-fuer-das-jahr-2024\\\/#breadcrumb\",\"itemListElement\":[{\"@type\":\"ListItem\",\"position\":1,\"name\":\"Startseite\",\"item\":\"https:\\\/\\\/www.pack-verde.com\\\/blog\\\/ch-de\\\/\"},{\"@type\":\"ListItem\",\"position\":2,\"name\":\"Nachhaltige Verpackungen im Rampenlicht: B2B-Trends f\u00fcr das Jahr 2024\"}]},{\"@type\":\"WebSite\",\"@id\":\"https:\\\/\\\/www.pack-verde.com\\\/blog\\\/ch-de\\\/#website\",\"url\":\"https:\\\/\\\/www.pack-verde.com\\\/blog\\\/ch-de\\\/\",\"name\":\"packVerde\",\"description\":\"achtsam verpackt\",\"publisher\":{\"@id\":\"https:\\\/\\\/www.pack-verde.com\\\/blog\\\/ch-de\\\/#organization\"},\"potentialAction\":[{\"@type\":\"SearchAction\",\"target\":{\"@type\":\"EntryPoint\",\"urlTemplate\":\"https:\\\/\\\/www.pack-verde.com\\\/blog\\\/ch-de\\\/?s={search_term_string}\"},\"query-input\":{\"@type\":\"PropertyValueSpecification\",\"valueRequired\":true,\"valueName\":\"search_term_string\"}}],\"inLanguage\":\"de-CH\"},{\"@type\":\"Organization\",\"@id\":\"https:\\\/\\\/www.pack-verde.com\\\/blog\\\/ch-de\\\/#organization\",\"name\":\"packVerde Blog\",\"url\":\"https:\\\/\\\/www.pack-verde.com\\\/blog\\\/ch-de\\\/\",\"logo\":{\"@type\":\"ImageObject\",\"inLanguage\":\"de-CH\",\"@id\":\"https:\\\/\\\/www.pack-verde.com\\\/blog\\\/ch-de\\\/#\\\/schema\\\/logo\\\/image\\\/\",\"url\":\"https:\\\/\\\/www.pack-verde.com\\\/blog\\\/wp-content\\\/uploads\\\/2021\\\/03\\\/packVerde-logo-150w.png\",\"contentUrl\":\"https:\\\/\\\/www.pack-verde.com\\\/blog\\\/wp-content\\\/uploads\\\/2021\\\/03\\\/packVerde-logo-150w.png\",\"width\":150,\"height\":90,\"caption\":\"packVerde Blog\"},\"image\":{\"@id\":\"https:\\\/\\\/www.pack-verde.com\\\/blog\\\/ch-de\\\/#\\\/schema\\\/logo\\\/image\\\/\"},\"sameAs\":[\"https:\\\/\\\/www.facebook.com\\\/packVerdeVerpackungen\",\"https:\\\/\\\/www.linkedin.com\\\/company\\\/packverde\\\/\"]},{\"@type\":\"Person\",\"@id\":\"https:\\\/\\\/www.pack-verde.com\\\/blog\\\/ch-de\\\/#\\\/schema\\\/person\\\/5cbcb261f6058158585083f252c0c5b9\",\"name\":\"m.kuecuek\",\"image\":{\"@type\":\"ImageObject\",\"inLanguage\":\"de-CH\",\"@id\":\"https:\\\/\\\/secure.gravatar.com\\\/avatar\\\/ff96deba25fe7a9a09beb0409fa293d5d5f92d6cea10caedfd6e82a8c4010122?s=96&d=mm&r=g\",\"url\":\"https:\\\/\\\/secure.gravatar.com\\\/avatar\\\/ff96deba25fe7a9a09beb0409fa293d5d5f92d6cea10caedfd6e82a8c4010122?s=96&d=mm&r=g\",\"contentUrl\":\"https:\\\/\\\/secure.gravatar.com\\\/avatar\\\/ff96deba25fe7a9a09beb0409fa293d5d5f92d6cea10caedfd6e82a8c4010122?s=96&d=mm&r=g\",\"caption\":\"m.kuecuek\"}}]}<\/script>\n<!-- \/ Yoast SEO plugin. -->","yoast_head_json":{"title":"Nachhaltige Verpackungen im Rampenlicht: B2B- Trends in 2024","robots":{"index":"index","follow":"follow","max-snippet":"max-snippet:-1","max-image-preview":"max-image-preview:large","max-video-preview":"max-video-preview:-1"},"canonical":"https:\/\/www.pack-verde.com\/blog\/ch-de\/inspiration-trends\/nachhaltige-verpackungen-im-rampenlicht-b2b-trends-fuer-das-jahr-2024\/","og_locale":"de_DE","og_type":"article","og_title":"Nachhaltige Verpackungen im Rampenlicht: B2B- Trends in 2024","og_description":"Das Jahr ist frisch gestartet, und mit ihm nehmen nicht nur neue, sondern auch bereits etablierte Verpackungstrends Fahrt auf. Das Bewusstsein der Konsumenten f\u00fcr Nachhaltigkeit erreicht dabei neue H\u00f6hen, speziell im E-Commerce r\u00fcckt es sehr stark in den Vordergrund. &nbsp;Verbraucher legen immer mehr Wert auf nachhaltige und biologisch abbaubare Verpackungen \u2013 ein Signal, dass der&hellip;","og_url":"https:\/\/www.pack-verde.com\/blog\/ch-de\/inspiration-trends\/nachhaltige-verpackungen-im-rampenlicht-b2b-trends-fuer-das-jahr-2024\/","og_site_name":"packVerde","article_publisher":"https:\/\/www.facebook.com\/packVerdeVerpackungen","article_published_time":"2024-01-19T09:21:55+00:00","article_modified_time":"2024-01-22T15:46:05+00:00","og_image":[{"width":720,"height":360,"url":"https:\/\/www.pack-verde.com\/blog\/wp-content\/uploads\/2024\/01\/titelbild.jpg","type":"image\/jpeg"}],"author":"m.kuecuek","twitter_card":"summary_large_image","twitter_misc":{"Geschrieben von":"m.kuecuek","Gesch\u00e4tzte Lesezeit":"5\u00a0Minuten"},"schema":{"@context":"https:\/\/schema.org","@graph":[{"@type":"Article","@id":"https:\/\/www.pack-verde.com\/blog\/ch-de\/inspiration-trends\/nachhaltige-verpackungen-im-rampenlicht-b2b-trends-fuer-das-jahr-2024\/#article","isPartOf":{"@id":"https:\/\/www.pack-verde.com\/blog\/ch-de\/inspiration-trends\/nachhaltige-verpackungen-im-rampenlicht-b2b-trends-fuer-das-jahr-2024\/"},"author":{"name":"m.kuecuek","@id":"https:\/\/www.pack-verde.com\/blog\/ch-de\/#\/schema\/person\/5cbcb261f6058158585083f252c0c5b9"},"headline":"Nachhaltige Verpackungen im Rampenlicht: B2B-Trends f\u00fcr das Jahr 2024","datePublished":"2024-01-19T09:21:55+00:00","dateModified":"2024-01-22T15:46:05+00:00","mainEntityOfPage":{"@id":"https:\/\/www.pack-verde.com\/blog\/ch-de\/inspiration-trends\/nachhaltige-verpackungen-im-rampenlicht-b2b-trends-fuer-das-jahr-2024\/"},"wordCount":1071,"commentCount":0,"publisher":{"@id":"https:\/\/www.pack-verde.com\/blog\/ch-de\/#organization"},"image":{"@id":"https:\/\/www.pack-verde.com\/blog\/ch-de\/inspiration-trends\/nachhaltige-verpackungen-im-rampenlicht-b2b-trends-fuer-das-jahr-2024\/#primaryimage"},"thumbnailUrl":"https:\/\/www.pack-verde.com\/blog\/wp-content\/uploads\/2024\/01\/titelbild.jpg","articleSection":["Inspiration &amp; Trends"],"inLanguage":"de-CH","potentialAction":[{"@type":"CommentAction","name":"Comment","target":["https:\/\/www.pack-verde.com\/blog\/ch-de\/inspiration-trends\/nachhaltige-verpackungen-im-rampenlicht-b2b-trends-fuer-das-jahr-2024\/#respond"]}]},{"@type":"WebPage","@id":"https:\/\/www.pack-verde.com\/blog\/ch-de\/inspiration-trends\/nachhaltige-verpackungen-im-rampenlicht-b2b-trends-fuer-das-jahr-2024\/","url":"https:\/\/www.pack-verde.com\/blog\/ch-de\/inspiration-trends\/nachhaltige-verpackungen-im-rampenlicht-b2b-trends-fuer-das-jahr-2024\/","name":"Nachhaltige Verpackungen im Rampenlicht: B2B- Trends in 2024","isPartOf":{"@id":"https:\/\/www.pack-verde.com\/blog\/ch-de\/#website"},"primaryImageOfPage":{"@id":"https:\/\/www.pack-verde.com\/blog\/ch-de\/inspiration-trends\/nachhaltige-verpackungen-im-rampenlicht-b2b-trends-fuer-das-jahr-2024\/#primaryimage"},"image":{"@id":"https:\/\/www.pack-verde.com\/blog\/ch-de\/inspiration-trends\/nachhaltige-verpackungen-im-rampenlicht-b2b-trends-fuer-das-jahr-2024\/#primaryimage"},"thumbnailUrl":"https:\/\/www.pack-verde.com\/blog\/wp-content\/uploads\/2024\/01\/titelbild.jpg","datePublished":"2024-01-19T09:21:55+00:00","dateModified":"2024-01-22T15:46:05+00:00","breadcrumb":{"@id":"https:\/\/www.pack-verde.com\/blog\/ch-de\/inspiration-trends\/nachhaltige-verpackungen-im-rampenlicht-b2b-trends-fuer-das-jahr-2024\/#breadcrumb"},"inLanguage":"de-CH","potentialAction":[{"@type":"ReadAction","target":["https:\/\/www.pack-verde.com\/blog\/ch-de\/inspiration-trends\/nachhaltige-verpackungen-im-rampenlicht-b2b-trends-fuer-das-jahr-2024\/"]}]},{"@type":"ImageObject","inLanguage":"de-CH","@id":"https:\/\/www.pack-verde.com\/blog\/ch-de\/inspiration-trends\/nachhaltige-verpackungen-im-rampenlicht-b2b-trends-fuer-das-jahr-2024\/#primaryimage","url":"https:\/\/www.pack-verde.com\/blog\/wp-content\/uploads\/2024\/01\/titelbild.jpg","contentUrl":"https:\/\/www.pack-verde.com\/blog\/wp-content\/uploads\/2024\/01\/titelbild.jpg","width":720,"height":360},{"@type":"BreadcrumbList","@id":"https:\/\/www.pack-verde.com\/blog\/ch-de\/inspiration-trends\/nachhaltige-verpackungen-im-rampenlicht-b2b-trends-fuer-das-jahr-2024\/#breadcrumb","itemListElement":[{"@type":"ListItem","position":1,"name":"Startseite","item":"https:\/\/www.pack-verde.com\/blog\/ch-de\/"},{"@type":"ListItem","position":2,"name":"Nachhaltige Verpackungen im Rampenlicht: B2B-Trends f\u00fcr das Jahr 2024"}]},{"@type":"WebSite","@id":"https:\/\/www.pack-verde.com\/blog\/ch-de\/#website","url":"https:\/\/www.pack-verde.com\/blog\/ch-de\/","name":"packVerde","description":"achtsam verpackt","publisher":{"@id":"https:\/\/www.pack-verde.com\/blog\/ch-de\/#organization"},"potentialAction":[{"@type":"SearchAction","target":{"@type":"EntryPoint","urlTemplate":"https:\/\/www.pack-verde.com\/blog\/ch-de\/?s={search_term_string}"},"query-input":{"@type":"PropertyValueSpecification","valueRequired":true,"valueName":"search_term_string"}}],"inLanguage":"de-CH"},{"@type":"Organization","@id":"https:\/\/www.pack-verde.com\/blog\/ch-de\/#organization","name":"packVerde Blog","url":"https:\/\/www.pack-verde.com\/blog\/ch-de\/","logo":{"@type":"ImageObject","inLanguage":"de-CH","@id":"https:\/\/www.pack-verde.com\/blog\/ch-de\/#\/schema\/logo\/image\/","url":"https:\/\/www.pack-verde.com\/blog\/wp-content\/uploads\/2021\/03\/packVerde-logo-150w.png","contentUrl":"https:\/\/www.pack-verde.com\/blog\/wp-content\/uploads\/2021\/03\/packVerde-logo-150w.png","width":150,"height":90,"caption":"packVerde Blog"},"image":{"@id":"https:\/\/www.pack-verde.com\/blog\/ch-de\/#\/schema\/logo\/image\/"},"sameAs":["https:\/\/www.facebook.com\/packVerdeVerpackungen","https:\/\/www.linkedin.com\/company\/packverde\/"]},{"@type":"Person","@id":"https:\/\/www.pack-verde.com\/blog\/ch-de\/#\/schema\/person\/5cbcb261f6058158585083f252c0c5b9","name":"m.kuecuek","image":{"@type":"ImageObject","inLanguage":"de-CH","@id":"https:\/\/secure.gravatar.com\/avatar\/ff96deba25fe7a9a09beb0409fa293d5d5f92d6cea10caedfd6e82a8c4010122?s=96&d=mm&r=g","url":"https:\/\/secure.gravatar.com\/avatar\/ff96deba25fe7a9a09beb0409fa293d5d5f92d6cea10caedfd6e82a8c4010122?s=96&d=mm&r=g","contentUrl":"https:\/\/secure.gravatar.com\/avatar\/ff96deba25fe7a9a09beb0409fa293d5d5f92d6cea10caedfd6e82a8c4010122?s=96&d=mm&r=g","caption":"m.kuecuek"}}]}},"magento_index":true,"_links":{"self":[{"href":"https:\/\/www.pack-verde.com\/blog\/ch-de\/wp-json\/wp\/v2\/posts\/18880","targetHints":{"allow":["GET"]}}],"collection":[{"href":"https:\/\/www.pack-verde.com\/blog\/ch-de\/wp-json\/wp\/v2\/posts"}],"about":[{"href":"https:\/\/www.pack-verde.com\/blog\/ch-de\/wp-json\/wp\/v2\/types\/post"}],"author":[{"embeddable":true,"href":"https:\/\/www.pack-verde.com\/blog\/ch-de\/wp-json\/wp\/v2\/users\/17"}],"replies":[{"embeddable":true,"href":"https:\/\/www.pack-verde.com\/blog\/ch-de\/wp-json\/wp\/v2\/comments?post=18880"}],"version-history":[{"count":18,"href":"https:\/\/www.pack-verde.com\/blog\/ch-de\/wp-json\/wp\/v2\/posts\/18880\/revisions"}],"predecessor-version":[{"id":18939,"href":"https:\/\/www.pack-verde.com\/blog\/ch-de\/wp-json\/wp\/v2\/posts\/18880\/revisions\/18939"}],"wp:featuredmedia":[{"embeddable":true,"href":"https:\/\/www.pack-verde.com\/blog\/ch-de\/wp-json\/wp\/v2\/media\/19141"}],"wp:attachment":[{"href":"https:\/\/www.pack-verde.com\/blog\/ch-de\/wp-json\/wp\/v2\/media?parent=18880"}],"wp:term":[{"taxonomy":"category","embeddable":true,"href":"https:\/\/www.pack-verde.com\/blog\/ch-de\/wp-json\/wp\/v2\/categories?post=18880"},{"taxonomy":"post_tag","embeddable":true,"href":"https:\/\/www.pack-verde.com\/blog\/ch-de\/wp-json\/wp\/v2\/tags?post=18880"},{"taxonomy":"m2-product-id","embeddable":true,"href":"https:\/\/www.pack-verde.com\/blog\/ch-de\/wp-json\/wp\/v2\/m2-product-id?post=18880"}],"curies":[{"name":"wp","href":"https:\/\/api.w.org\/{rel}","templated":true}]}}