{"id":19103,"date":"2024-07-15T11:30:00","date_gmt":"2024-07-15T09:30:00","guid":{"rendered":"https:\/\/www.pack-verde.com\/blog\/?p=19103"},"modified":"2024-07-15T13:48:19","modified_gmt":"2024-07-15T11:48:19","slug":"die-welt-der-kaffeespezialitaeten","status":"publish","type":"post","link":"https:\/\/www.pack-verde.com\/blog\/ch-de\/inspiration-trends\/die-welt-der-kaffeespezialitaeten\/","title":{"rendered":"Die Welt der Kaffeespezialit\u00e4ten: Genuss, Kultur und Vielfalt"},"content":{"rendered":"\n<p style=\"font-size:16px\">Kaffee ist mehr als nur ein Getr\u00e4nk \u2013 es ist ein weltweites Kulturgut, das Menschen seit Jahrhunderten verbindet. Ob am Morgen zum Wachwerden, bei einem Treffen mit Freunden oder als kleine Auszeit zwischendurch \u2013 Kaffee begleitet uns durch den Tag und sorgt f\u00fcr unvergessliche Genussmomente. &nbsp;In diesem Blogbeitrag nehmen wir Sie mit auf eine Reise durch die faszinierende Welt der Kaffeespezialit\u00e4ten und zeigen Ihnen die Vielfalt dieses aromatischen Getr\u00e4nks.<\/p>\n\n\n\n<ul class=\"wp-block-list\">\n<li><a href=\"#wissenswertes-\u00fcber-kaffee\">Wissenswertes \u00fcber Kaffee<\/a><\/li>\n\n\n\n<li><a href=\"#trends\">Kaffee-Trends aus aller Welt<\/a><\/li>\n\n\n\n<li><a href=\"#coffee-to-go\">Coffee to-go: Genuss unterwegs schmecken<\/a><\/li>\n<\/ul>\n\n\n\n<div style=\"height:15px\" aria-hidden=\"true\" class=\"wp-block-spacer\"><\/div>\n\n\n\n<h2 class=\"wp-block-heading\" id=\"wissenswertes-\u00fcber-kaffee\"><strong>Wissenswertes \u00fcber Kaffee<\/strong><\/h2>\n\n\n\n<p style=\"font-size:16px\">Die Reise des Kaffees beginnt in den tropischen Regionen der Welt, wo die Kaffeepflanze gedeiht. \u00c4thiopien gilt als die Wiege des Kaffees, und noch heute werden dort einige der feinsten Bohnen produziert. Doch auch L\u00e4nder wie Brasilien, Kolumbien, Vietnam und Indonesien spielen eine zentrale Rolle in der globalen Kaffeeproduktion. Kaffeepflanzen werden vor allem rund um den \u00c4quator angebaut \u2013 im sogenannten Kaffeeg\u00fcrtel.&nbsp;<\/p>\n\n\n\n<p style=\"font-size:16px\">Die beiden wichtigsten Kaffeebohnensorten sind <strong>Arabica<\/strong> und <strong>Robusta<\/strong>:<\/p>\n\n\n\n<div class=\"wp-block-columns is-layout-flex wp-container-core-columns-is-layout-9d6595d7 wp-block-columns-is-layout-flex\">\n<div class=\"wp-block-column is-layout-flow wp-block-column-is-layout-flow\" style=\"flex-basis:66.66%\">\n<ul class=\"wp-block-list\">\n<li style=\"font-size:16px\"><strong>Arabica-Bohnen:<\/strong> Diese Bohnen machen etwa 60-70% der weltweiten Kaffeeproduktion aus. Arabica-Kaffee zeichnet sich durch einen milden, aromatischen Geschmack mit einer feinen S\u00e4ure und vielf\u00e4ltigen Aromen aus.<\/li>\n\n\n\n<li style=\"font-size:16px\"><strong>Robusta-Bohnen:<\/strong> Diese Bohnen sind widerstandsf\u00e4higer und k\u00f6nnen unter h\u00e4rteren Bedingungen wachsen. Robusta-Kaffee hat einen kr\u00e4ftigeren, oft erdigeren Geschmack mit einer h\u00f6heren Bitterkeit und mehr Koffein als Arabica. Diese Bohnen werden h\u00e4ufig in Espressomischungen verwendet, um eine dichtere Crema zu erzeugen.<\/li>\n<\/ul>\n<\/div>\n\n\n\n<div class=\"wp-block-column is-vertically-aligned-center is-layout-flow wp-block-column-is-layout-flow\" style=\"flex-basis:33.33%\">\n<figure class=\"wp-block-image size-large is-resized\"><img decoding=\"async\" width=\"1024\" height=\"1024\" src=\"https:\/\/www.pack-verde.com\/blog\/wp-content\/uploads\/2024\/07\/kaffeebohnen-freisteller-1024x1024.png\" alt=\"kaffeebohnen freisteller\" class=\"wp-image-19016\" style=\"width:229px;height:auto\" srcset=\"https:\/\/www.pack-verde.com\/blog\/wp-content\/uploads\/2024\/07\/kaffeebohnen-freisteller-1024x1024.png 1024w, https:\/\/www.pack-verde.com\/blog\/wp-content\/uploads\/2024\/07\/kaffeebohnen-freisteller-300x300.png 300w, https:\/\/www.pack-verde.com\/blog\/wp-content\/uploads\/2024\/07\/kaffeebohnen-freisteller-150x150.png 150w, https:\/\/www.pack-verde.com\/blog\/wp-content\/uploads\/2024\/07\/kaffeebohnen-freisteller-768x768.png 768w, https:\/\/www.pack-verde.com\/blog\/wp-content\/uploads\/2024\/07\/kaffeebohnen-freisteller.png 1080w\" sizes=\"(max-width: 1024px) 100vw, 1024px\" \/><\/figure>\n<\/div>\n<\/div>\n\n\n\n<div style=\"height:28px\" aria-hidden=\"true\" class=\"wp-block-spacer\"><\/div>\n\n\n\n<p style=\"font-size:16px\">Jede Anbauregion verleiht den Kaffeebohnen ihre einzigartigen Aromen und Geschmacksnuancen. Die Vielfalt der Herkunftsl\u00e4nder und deren spezifische Kulturen bereichern unser Kaffeeerlebnis und machen jede Tasse zu einer Entdeckungsreise.<\/p>\n\n\n\n<div style=\"height:46px\" aria-hidden=\"true\" class=\"wp-block-spacer\"><\/div>\n\n\n\n<div class=\"wp-block-group has-dark-gray-color has-text-color has-background has-link-color has-medium-font-size wp-elements-fc0bcc39dc9f2803550bc479862840b4\" style=\"background-color:#f8f1e9\"><div class=\"wp-block-group__inner-container is-layout-constrained wp-block-group-is-layout-constrained\">\n<div class=\"wp-block-columns is-layout-flex wp-container-core-columns-is-layout-9d6595d7 wp-block-columns-is-layout-flex\">\n<div class=\"wp-block-column is-layout-flow wp-block-column-is-layout-flow\" style=\"flex-basis:33.33%\">\n<figure class=\"wp-block-image size-full\"><img decoding=\"async\" width=\"380\" height=\"253\" src=\"https:\/\/www.pack-verde.com\/blog\/wp-content\/uploads\/2024\/07\/shutterstock_1962889246.jpg\" alt=\"shutterstock 1962889246\" class=\"wp-image-19045\" srcset=\"https:\/\/www.pack-verde.com\/blog\/wp-content\/uploads\/2024\/07\/shutterstock_1962889246.jpg 380w, https:\/\/www.pack-verde.com\/blog\/wp-content\/uploads\/2024\/07\/shutterstock_1962889246-300x200.jpg 300w\" sizes=\"(max-width: 380px) 100vw, 380px\" \/><\/figure>\n<\/div>\n\n\n\n<div class=\"wp-block-column is-layout-flow wp-block-column-is-layout-flow\" style=\"flex-basis:66.66%\">\n<p><\/p>\n\n\n\n<p class=\"has-text-align-left\"><strong>Viel Menge statt viel Vielfalt<\/strong><\/p>\n\n\n\n<p>Der ber\u00fchmte \u00abKafi zum Zmorge\u00bb ist f\u00fcr viele Schweizerinnen und Schweizer nicht mehr wegzudenken.<br>Im Schnitt lag der Kaffeekonsum in der Schweiz 2021 bei 1.069 Tassen pro Jahr, das entspricht knapp drei Tassen pro Tag.<\/p>\n<\/div>\n<\/div>\n<\/div><\/div>\n\n\n\n<div style=\"height:46px\" aria-hidden=\"true\" class=\"wp-block-spacer\"><\/div>\n\n\n\n<p class=\"has-dark-gray-color has-text-color has-link-color has-medium-font-size wp-elements-0722db4469702cf1c3961040342fc391\"><strong>Die Welt des Kaffees ist reich an unterschiedlichen Sorten und Zubereitungsarten.<\/strong><br><\/p>\n\n\n\n<p style=\"font-size:16px\">Zu den bekanntesten Klassikern geh\u00f6ren:<\/p>\n\n\n\n<ul class=\"wp-block-list\">\n<li style=\"font-size:16px\"><strong>Espresso<\/strong>: Ein kleiner, starker Kaffee mit intensivem Geschmack und dichter Crema, der die Basis f\u00fcr viele andere Kaffeespezialit\u00e4ten bildet.<\/li>\n\n\n\n<li style=\"font-size:16px\"><strong>Cappuccino<\/strong>: Ein Drittel Espresso, ein Drittel heisse Milch und ein Drittel Milchschaum \u2013 diese italienische K\u00f6stlichkeit erfreut sich weltweit grosser Beliebtheit.<\/li>\n\n\n\n<li style=\"font-size:16px\"><strong>Latte Macchiato<\/strong>: Besteht aus einem Glas heisser Milch, in das ein Espresso gegossen wird, wodurch sich sch\u00f6ne Schichten bilden.<\/li>\n\n\n\n<li style=\"font-size:16px\"><strong>Americano<\/strong>: Ein verl\u00e4ngerter Espresso mit heissem Wasser, der einen milderen Geschmack hat.<\/li>\n<\/ul>\n\n\n\n<div style=\"height:36px\" aria-hidden=\"true\" class=\"wp-block-spacer\"><\/div>\n\n\n\n<blockquote class=\"wp-block-quote is-style-default has-dark-gray-color has-white-background-color has-text-color has-background has-link-color wp-elements-f49bdaa78e44c7e3b50611b263213ec2 is-layout-flow wp-block-quote-is-layout-flow\">\n<p class=\"has-medium-font-size\"><strong>Was ist eine Kaffeekirsche?<\/strong><\/p>\n\n\n\n<div class=\"wp-block-columns is-layout-flex wp-container-core-columns-is-layout-9d6595d7 wp-block-columns-is-layout-flex\">\n<div class=\"wp-block-column is-layout-flow wp-block-column-is-layout-flow\">\n<p style=\"font-size:16px\"><strong>Kaffeebohnen<\/strong> wachsen an tropischen Kaffeepflanzen und sind im <strong>Prinzip die Samen-Kerne der daran wachsenden Frucht \u2013 der Kaffeekirsche<\/strong>. Sie sind reich an Antioxidantien und werden sogar zur Herstellung von Nahrungserg\u00e4nzungsmitteln verwendet.<\/p>\n<\/div>\n\n\n\n<div class=\"wp-block-column is-layout-flow wp-block-column-is-layout-flow\"><div class=\"wp-block-image\">\n<figure class=\"alignright size-large is-resized\"><img decoding=\"async\" width=\"1024\" height=\"752\" src=\"https:\/\/www.pack-verde.com\/blog\/wp-content\/uploads\/2024\/07\/coffee-345648_1280-1-1024x752.jpg\" alt=\"Kaffeepflanze\n\" class=\"wp-image-19025\" style=\"width:301px;height:auto\" srcset=\"https:\/\/www.pack-verde.com\/blog\/wp-content\/uploads\/2024\/07\/coffee-345648_1280-1-1024x752.jpg 1024w, https:\/\/www.pack-verde.com\/blog\/wp-content\/uploads\/2024\/07\/coffee-345648_1280-1-300x220.jpg 300w, https:\/\/www.pack-verde.com\/blog\/wp-content\/uploads\/2024\/07\/coffee-345648_1280-1-768x564.jpg 768w, https:\/\/www.pack-verde.com\/blog\/wp-content\/uploads\/2024\/07\/coffee-345648_1280-1.jpg 1280w\" sizes=\"(max-width: 1024px) 100vw, 1024px\" \/><\/figure>\n<\/div><\/div>\n<\/div>\n<\/blockquote>\n\n\n\n<div style=\"height:36px\" aria-hidden=\"true\" class=\"wp-block-spacer\"><\/div>\n\n\n\n<h2 class=\"wp-block-heading\" id=\"trends\"><strong>Kaffee-Trends aus aller Welt<\/strong><\/h2>\n\n\n\n<div style=\"height:33px\" aria-hidden=\"true\" class=\"wp-block-spacer\"><\/div>\n\n\n\n<div class=\"wp-block-columns is-layout-flex wp-container-core-columns-is-layout-9d6595d7 wp-block-columns-is-layout-flex\">\n<div class=\"wp-block-column is-layout-flow wp-block-column-is-layout-flow\" style=\"flex-basis:66.66%\">\n<p style=\"font-size:16px\">1. <strong>T\u00fcrkischer Mokka:\u00a0 <\/strong>ein starkes Kaffeegetr\u00e4nk, das traditionell in kleinen Kaffeet\u00e4sschen serviert wird. Zubereitet wird es in einem speziellen Kaffeekocher (Cezve). Dabei wird fein gemahlener Kaffee wird zusammen mit Zucker und Wasser in diesem K\u00e4nnchen aufgekocht, bis sich ein dicker Schaum bildet. Daraufhin wird der Mokka begleitet von einem Glas Wasser und einem St\u00fcck t\u00fcrkischem Delight.<\/p>\n<\/div>\n\n\n\n<div class=\"wp-block-column is-vertically-aligned-center is-layout-flow wp-block-column-is-layout-flow\" style=\"flex-basis:33.33%\"><div class=\"wp-block-image\">\n<figure class=\"aligncenter size-full is-resized\"><img decoding=\"async\" width=\"350\" height=\"525\" src=\"https:\/\/www.pack-verde.com\/blog\/wp-content\/uploads\/2024\/07\/turkish-mokka.jpg\" alt=\"turkish mokka\" class=\"wp-image-19062\" style=\"width:175px\" srcset=\"https:\/\/www.pack-verde.com\/blog\/wp-content\/uploads\/2024\/07\/turkish-mokka.jpg 350w, https:\/\/www.pack-verde.com\/blog\/wp-content\/uploads\/2024\/07\/turkish-mokka-200x300.jpg 200w\" sizes=\"(max-width: 350px) 100vw, 350px\" \/><\/figure>\n<\/div><\/div>\n<\/div>\n\n\n\n<div style=\"height:43px\" aria-hidden=\"true\" class=\"wp-block-spacer\"><\/div>\n\n\n\n<p style=\"font-size:16px\">2.<strong> Dalgona Kaffee: <\/strong>Das virale Social Media Getr\u00e4nk aus S\u00fcdkorea, bei dem Instantkaffee, Zucker und heisses Wasser zu einem luftigen, cremigen Schaum aufgeschlagen und auf kalte oder heisse Milch gegeben werden. Es entstand, w\u00e4hrend der COVID-19-Pandemie in S\u00fcdkorea und gewann schnell weltweit an Popularit\u00e4t. Der Kaffee ist nicht nur f\u00fcr seinen Geschmack, sondern auch f\u00fcr seine ansprechende Optik bekannt.<\/p>\n\n\n\n<div style=\"height:26px\" aria-hidden=\"true\" class=\"wp-block-spacer\"><\/div>\n\n\n\n<div class=\"wp-block-columns is-layout-flex wp-container-core-columns-is-layout-9d6595d7 wp-block-columns-is-layout-flex\">\n<div class=\"wp-block-column is-vertically-aligned-center is-layout-flow wp-block-column-is-layout-flow\" style=\"flex-basis:33.33%\"><div class=\"wp-block-image\">\n<figure class=\"aligncenter size-full is-resized\"><img decoding=\"async\" width=\"350\" height=\"525\" src=\"https:\/\/www.pack-verde.com\/blog\/wp-content\/uploads\/2024\/07\/matcha-latte.jpg\" alt=\"matcha latte\" class=\"wp-image-19065\" style=\"width:175px;height:auto\" srcset=\"https:\/\/www.pack-verde.com\/blog\/wp-content\/uploads\/2024\/07\/matcha-latte.jpg 350w, https:\/\/www.pack-verde.com\/blog\/wp-content\/uploads\/2024\/07\/matcha-latte-200x300.jpg 200w\" sizes=\"(max-width: 350px) 100vw, 350px\" \/><\/figure>\n<\/div><\/div>\n\n\n\n<div class=\"wp-block-column is-layout-flow wp-block-column-is-layout-flow\" style=\"flex-basis:66.66%\">\n<p><\/p>\n\n\n\n<p style=\"font-size:16px\">3. <strong>Matcha Latte: <\/strong>Dieses Getr\u00e4nk besteht aus fein gemahlenem Matcha-Pulver, das mit heisser oder aufgesch\u00e4umter Milch vermischt wird. Es enth\u00e4lt wertvolle Antioxidantien und L-Theanin, eine beruhigende Aminos\u00e4ure, die Stress abbaut. Matcha Latte ist daher nicht nur ein schmackhaftes, sondern auch f\u00fcr viele Gesundheitsbewusste, ein absolutes Muss zum Ausprobieren.<\/p>\n<\/div>\n<\/div>\n\n\n\n<div style=\"height:43px\" aria-hidden=\"true\" class=\"wp-block-spacer\"><\/div>\n\n\n\n<p style=\"font-size:16px\">4. <strong>Cold Brew: <\/strong>Grob gemahlener Kaffee, der \u00fcber mehrere Stunden in kaltem Wasser zieht, ergibt ein erfrischendes und sanftes Getr\u00e4nk, das besonders an warmen Tagen beliebt ist. Dieses beliebte Erfrischungsgetr\u00e4nk hat seinen Ursprung bereits im 17. Jahrhundert in Kyoto, Japan, wo es traditionell als &#171;Kaffee im Kyoto-Stil&#187; bekannt ist.<\/p>\n\n\n\n<div style=\"height:53px\" aria-hidden=\"true\" class=\"wp-block-spacer\"><\/div>\n\n\n\n<h2 class=\"wp-block-heading\" id=\"coffee-to-go\"><strong>Coffee-to-go: das Lifestylegetr\u00e4nk<\/strong><\/h2>\n\n\n\n<p style=\"font-size:16px\"><\/p>\n\n\n\n<div class=\"wp-block-columns is-layout-flex wp-container-core-columns-is-layout-9d6595d7 wp-block-columns-is-layout-flex\">\n<div class=\"wp-block-column is-layout-flow wp-block-column-is-layout-flow\" style=\"flex-basis:66.66%\">\n<p style=\"font-size:16px\">Der Kaffee ist l\u00e4ngst kein reiner Koffeinlieferant mehr. Heute gilt das Heissgetr\u00e4nk viel eher als allt\u00e4gliches Genussmittel und ist, unter anderem durch die sozialen Medien, zunehmend zu einem echten Lifestyleprodukt geworden. Insbesondere Coffee-to-go symbolisiert f\u00fcr viele Menschen, egal ob jung oder alt, einen Lebensstil. Vom erfolgreichen Gesch\u00e4ftsmann bis zum aufstrebenden Start-up-Gr\u00fcnder leben sie alle nach dem Motto: \u201e<strong>But first coffee<\/strong>\u201c. Am liebsten zelebrieren sie ihren ersten Kaffee mit einer Instagram-Story #coffeetogo.<\/p>\n<\/div>\n\n\n\n<div class=\"wp-block-column is-layout-flow wp-block-column-is-layout-flow\" style=\"flex-basis:33.33%\">\n<figure class=\"wp-block-image size-full\"><img decoding=\"async\" width=\"488\" height=\"325\" src=\"https:\/\/www.pack-verde.com\/blog\/wp-content\/uploads\/2024\/07\/millenial-story.jpg\" alt=\"millenial story\" class=\"wp-image-19080\" srcset=\"https:\/\/www.pack-verde.com\/blog\/wp-content\/uploads\/2024\/07\/millenial-story.jpg 488w, https:\/\/www.pack-verde.com\/blog\/wp-content\/uploads\/2024\/07\/millenial-story-300x200.jpg 300w, https:\/\/www.pack-verde.com\/blog\/wp-content\/uploads\/2024\/07\/millenial-story-480x320.jpg 480w\" sizes=\"(max-width: 488px) 100vw, 488px\" \/><figcaption class=\"wp-element-caption\"> #butfirstcoffee<\/figcaption><\/figure>\n<\/div>\n<\/div>\n\n\n\n<div style=\"height:58px\" aria-hidden=\"true\" class=\"wp-block-spacer\"><\/div>\n\n\n\n<div class=\"wp-block-columns is-layout-flex wp-container-core-columns-is-layout-9d6595d7 wp-block-columns-is-layout-flex\">\n<div class=\"wp-block-column is-layout-flow wp-block-column-is-layout-flow\" style=\"flex-basis:33.32%\">\n<figure class=\"wp-block-image size-large is-resized\"><img decoding=\"async\" width=\"1024\" height=\"615\" src=\"https:\/\/www.pack-verde.com\/blog\/wp-content\/uploads\/2024\/07\/215A39-L_AM_01-1024x615.jpg\" alt=\"215A39 L AM 01\" class=\"wp-image-19013\" style=\"aspect-ratio:1;object-fit:cover;width:417px;height:auto\" srcset=\"https:\/\/www.pack-verde.com\/blog\/wp-content\/uploads\/2024\/07\/215A39-L_AM_01-1024x615.jpg 1024w, https:\/\/www.pack-verde.com\/blog\/wp-content\/uploads\/2024\/07\/215A39-L_AM_01-300x180.jpg 300w, https:\/\/www.pack-verde.com\/blog\/wp-content\/uploads\/2024\/07\/215A39-L_AM_01-768x461.jpg 768w\" sizes=\"(max-width: 1024px) 100vw, 1024px\" \/><figcaption class=\"wp-element-caption\">Mehrwegbecher Eco<\/figcaption><\/figure>\n<\/div>\n\n\n\n<div class=\"wp-block-column is-layout-flow wp-block-column-is-layout-flow\" style=\"flex-basis:66.68%\">\n<p class=\"has-accent-color has-text-color has-link-color wp-elements-1b02da71eabcedb95868552209a4eb55\" style=\"font-size:16px\"><strong>Mehrwegbecher: Ein Zeichen f\u00fcr mehr Nachhaltigkeit<\/strong><\/p>\n\n\n\n<p style=\"font-size:16px\">Der Markt f\u00fcr Coffee-to-go boomt unaufhaltsam: Jeder vierte Mensch h\u00e4lt einen Kaffeebecher in der Hand und genie\u00dft seinen Kaffee unterwegs. In fast jedem Caf\u00e9 oder Restaurant wird das beliebte Heissgetr\u00e4nk angeboten. Doch ein entscheidender Faktor spielt dabei eine immer wichtigere Rolle: Nachhaltigkeit. Neben umweltfreundlichen Pappbechern bieten Mehrwegbecher eine stilvolle Alternative. Sie sind robust, sp\u00fclmaschinenfest und wiederverwendbar. Seit der Einf\u00fchrung des neuen Verpackungsgesetzes 2023 sind sie sogar gesetzlich vorgeschrieben.<\/p>\n<\/div>\n<\/div>\n\n\n\n<div style=\"height:30px\" aria-hidden=\"true\" class=\"wp-block-spacer\"><\/div>\n\n\nSHORTCODE in REST Request entfernt\n\n\n\n<div style=\"height:30px\" aria-hidden=\"true\" class=\"wp-block-spacer\"><\/div>\n\n\n\n<p style=\"font-size:16px\"><strong>Individuell gestaltbar mit Ihrem Logo:<\/strong> Mehrwegbecher sind in einer Vielzahl von Farben und Designs erh\u00e4ltlich und lassen sich einfach personalisieren. Nutzen Sie die kostenlose Werbefl\u00e4che und machen Sie auch unterwegs Ihr Unternehmen sichtbar.<\/p>\n\n\n\n<div style=\"height:71px\" aria-hidden=\"true\" class=\"wp-block-spacer\"><\/div>\n\n\n\n<div class=\"wp-block-columns is-layout-flex wp-container-core-columns-is-layout-9d6595d7 wp-block-columns-is-layout-flex\">\n<div class=\"wp-block-column is-layout-flow wp-block-column-is-layout-flow\">\n<p class=\"has-accent-color has-text-color has-link-color wp-elements-0de0e62c79ed28ca56c43c3156c7ed27\" style=\"font-size:16px\"><strong>Sie bieten Coffee-to-go an und m\u00f6chten mehr \u00fcber unsere nachhaltigen Heissgetr\u00e4nkebecher erfahren?<\/strong><\/p>\n\n\n\n<p style=\"font-size:16px\">Dann schauen Sie gerne auf unserem Shop vorbei oder lassen Sie sich direkt von unseren Verpackungsspezialisten beraten.<\/p>\n<\/div>\n\n\n\n<div class=\"wp-block-column is-vertically-aligned-bottom is-layout-flow wp-block-column-is-layout-flow\">\n<div class=\"wp-block-buttons is-layout-flex wp-block-buttons-is-layout-flex\">\n<div class=\"wp-block-button\"><a class=\"wp-block-button__link has-accent-background-color has-background wp-element-button\" href=\"https:\/\/www.pack-verde.com\/ch\/contact\">Jetzt kontaktieren<\/a><\/div>\n\n\n\n<div class=\"wp-block-button\"><a class=\"wp-block-button__link has-accent-background-color has-background wp-element-button\" href=\"https:\/\/www.pack-verde.com\/ch\/lebensmittelverpackungen\/getraenkebecher\/to-go-becher\/\" target=\"_blank\" rel=\"noreferrer noopener\">Kategorie: To-Go Becher entdecken<\/a><\/div>\n<\/div>\n<\/div>\n<\/div>\n","protected":false},"excerpt":{"rendered":"<p>Kaffee ist mehr als nur ein Getr\u00e4nk \u2013 es ist ein weltweites Kulturgut, das Menschen seit Jahrhunderten verbindet. Ob am Morgen zum Wachwerden, bei einem Treffen mit Freunden oder als kleine Auszeit zwischendurch \u2013 Kaffee begleitet uns durch den Tag und sorgt f\u00fcr unvergessliche Genussmomente. &nbsp;In diesem Blogbeitrag nehmen wir Sie mit auf eine Reise&hellip;<\/p>\n","protected":false},"author":17,"featured_media":19034,"comment_status":"open","ping_status":"open","sticky":false,"template":"","format":"standard","meta":{"footnotes":""},"categories":[107],"tags":[],"m2-product-id":[],"class_list":["post-19103","post","type-post","status-publish","format-standard","has-post-thumbnail","hentry","category-inspiration-trends","category-107","description-off"],"yoast_head":"<!-- This site is optimized with the Yoast SEO plugin v27.4 - https:\/\/yoast.com\/product\/yoast-seo-wordpress\/ -->\n<title>Die Welt der Kaffeespezialit\u00e4ten: Genuss, Kultur und Vielfalt<\/title>\n<meta name=\"robots\" content=\"index, follow, max-snippet:-1, max-image-preview:large, max-video-preview:-1\" \/>\n<link rel=\"canonical\" href=\"https:\/\/www.pack-verde.com\/blog\/ch-de\/inspiration-trends\/die-welt-der-kaffeespezialitaeten\/\" \/>\n<meta property=\"og:locale\" content=\"de_DE\" \/>\n<meta property=\"og:type\" content=\"article\" \/>\n<meta property=\"og:title\" content=\"Die Welt der Kaffeespezialit\u00e4ten: Genuss, Kultur und Vielfalt\" \/>\n<meta property=\"og:description\" content=\"Kaffee ist mehr als nur ein Getr\u00e4nk \u2013 es ist ein weltweites Kulturgut, das Menschen seit Jahrhunderten verbindet. Ob am Morgen zum Wachwerden, bei einem Treffen mit Freunden oder als kleine Auszeit zwischendurch \u2013 Kaffee begleitet uns durch den Tag und sorgt f\u00fcr unvergessliche Genussmomente. &nbsp;In diesem Blogbeitrag nehmen wir Sie mit auf eine Reise&hellip;\" \/>\n<meta property=\"og:url\" content=\"https:\/\/www.pack-verde.com\/blog\/ch-de\/inspiration-trends\/die-welt-der-kaffeespezialitaeten\/\" \/>\n<meta property=\"og:site_name\" content=\"packVerde\" \/>\n<meta property=\"article:publisher\" content=\"https:\/\/www.facebook.com\/packVerdeVerpackungen\" \/>\n<meta property=\"article:published_time\" content=\"2024-07-15T09:30:00+00:00\" \/>\n<meta property=\"article:modified_time\" content=\"2024-07-15T11:48:19+00:00\" \/>\n<meta property=\"og:image\" content=\"https:\/\/www.pack-verde.com\/blog\/wp-content\/uploads\/2024\/06\/shutterstock_2327592477-scaled.jpg\" \/>\n\t<meta property=\"og:image:width\" content=\"2560\" \/>\n\t<meta property=\"og:image:height\" content=\"1357\" \/>\n\t<meta property=\"og:image:type\" content=\"image\/jpeg\" \/>\n<meta name=\"author\" content=\"m.kuecuek\" \/>\n<meta name=\"twitter:card\" content=\"summary_large_image\" \/>\n<meta name=\"twitter:label1\" content=\"Geschrieben von\" \/>\n\t<meta name=\"twitter:data1\" content=\"m.kuecuek\" \/>\n\t<meta name=\"twitter:label2\" content=\"Gesch\u00e4tzte Lesezeit\" \/>\n\t<meta name=\"twitter:data2\" content=\"5\u00a0Minuten\" \/>\n<script type=\"application\/ld+json\" class=\"yoast-schema-graph\">{\"@context\":\"https:\\\/\\\/schema.org\",\"@graph\":[{\"@type\":\"Article\",\"@id\":\"https:\\\/\\\/www.pack-verde.com\\\/blog\\\/ch-de\\\/inspiration-trends\\\/die-welt-der-kaffeespezialitaeten\\\/#article\",\"isPartOf\":{\"@id\":\"https:\\\/\\\/www.pack-verde.com\\\/blog\\\/ch-de\\\/inspiration-trends\\\/die-welt-der-kaffeespezialitaeten\\\/\"},\"author\":{\"name\":\"m.kuecuek\",\"@id\":\"https:\\\/\\\/www.pack-verde.com\\\/blog\\\/ch-de\\\/#\\\/schema\\\/person\\\/5cbcb261f6058158585083f252c0c5b9\"},\"headline\":\"Die Welt der Kaffeespezialit\u00e4ten: Genuss, Kultur und Vielfalt\",\"datePublished\":\"2024-07-15T09:30:00+00:00\",\"dateModified\":\"2024-07-15T11:48:19+00:00\",\"mainEntityOfPage\":{\"@id\":\"https:\\\/\\\/www.pack-verde.com\\\/blog\\\/ch-de\\\/inspiration-trends\\\/die-welt-der-kaffeespezialitaeten\\\/\"},\"wordCount\":918,\"commentCount\":0,\"publisher\":{\"@id\":\"https:\\\/\\\/www.pack-verde.com\\\/blog\\\/ch-de\\\/#organization\"},\"image\":{\"@id\":\"https:\\\/\\\/www.pack-verde.com\\\/blog\\\/ch-de\\\/inspiration-trends\\\/die-welt-der-kaffeespezialitaeten\\\/#primaryimage\"},\"thumbnailUrl\":\"https:\\\/\\\/www.pack-verde.com\\\/blog\\\/wp-content\\\/uploads\\\/2024\\\/06\\\/shutterstock_2327592477-scaled.jpg\",\"articleSection\":[\"Inspiration &amp; Trends\"],\"inLanguage\":\"de-CH\",\"potentialAction\":[{\"@type\":\"CommentAction\",\"name\":\"Comment\",\"target\":[\"https:\\\/\\\/www.pack-verde.com\\\/blog\\\/ch-de\\\/inspiration-trends\\\/die-welt-der-kaffeespezialitaeten\\\/#respond\"]}]},{\"@type\":\"WebPage\",\"@id\":\"https:\\\/\\\/www.pack-verde.com\\\/blog\\\/ch-de\\\/inspiration-trends\\\/die-welt-der-kaffeespezialitaeten\\\/\",\"url\":\"https:\\\/\\\/www.pack-verde.com\\\/blog\\\/ch-de\\\/inspiration-trends\\\/die-welt-der-kaffeespezialitaeten\\\/\",\"name\":\"Die Welt der Kaffeespezialit\u00e4ten: Genuss, Kultur und Vielfalt\",\"isPartOf\":{\"@id\":\"https:\\\/\\\/www.pack-verde.com\\\/blog\\\/ch-de\\\/#website\"},\"primaryImageOfPage\":{\"@id\":\"https:\\\/\\\/www.pack-verde.com\\\/blog\\\/ch-de\\\/inspiration-trends\\\/die-welt-der-kaffeespezialitaeten\\\/#primaryimage\"},\"image\":{\"@id\":\"https:\\\/\\\/www.pack-verde.com\\\/blog\\\/ch-de\\\/inspiration-trends\\\/die-welt-der-kaffeespezialitaeten\\\/#primaryimage\"},\"thumbnailUrl\":\"https:\\\/\\\/www.pack-verde.com\\\/blog\\\/wp-content\\\/uploads\\\/2024\\\/06\\\/shutterstock_2327592477-scaled.jpg\",\"datePublished\":\"2024-07-15T09:30:00+00:00\",\"dateModified\":\"2024-07-15T11:48:19+00:00\",\"breadcrumb\":{\"@id\":\"https:\\\/\\\/www.pack-verde.com\\\/blog\\\/ch-de\\\/inspiration-trends\\\/die-welt-der-kaffeespezialitaeten\\\/#breadcrumb\"},\"inLanguage\":\"de-CH\",\"potentialAction\":[{\"@type\":\"ReadAction\",\"target\":[\"https:\\\/\\\/www.pack-verde.com\\\/blog\\\/ch-de\\\/inspiration-trends\\\/die-welt-der-kaffeespezialitaeten\\\/\"]}]},{\"@type\":\"ImageObject\",\"inLanguage\":\"de-CH\",\"@id\":\"https:\\\/\\\/www.pack-verde.com\\\/blog\\\/ch-de\\\/inspiration-trends\\\/die-welt-der-kaffeespezialitaeten\\\/#primaryimage\",\"url\":\"https:\\\/\\\/www.pack-verde.com\\\/blog\\\/wp-content\\\/uploads\\\/2024\\\/06\\\/shutterstock_2327592477-scaled.jpg\",\"contentUrl\":\"https:\\\/\\\/www.pack-verde.com\\\/blog\\\/wp-content\\\/uploads\\\/2024\\\/06\\\/shutterstock_2327592477-scaled.jpg\",\"width\":2560,\"height\":1357},{\"@type\":\"BreadcrumbList\",\"@id\":\"https:\\\/\\\/www.pack-verde.com\\\/blog\\\/ch-de\\\/inspiration-trends\\\/die-welt-der-kaffeespezialitaeten\\\/#breadcrumb\",\"itemListElement\":[{\"@type\":\"ListItem\",\"position\":1,\"name\":\"Startseite\",\"item\":\"https:\\\/\\\/www.pack-verde.com\\\/blog\\\/ch-de\\\/\"},{\"@type\":\"ListItem\",\"position\":2,\"name\":\"Die Welt der Kaffeespezialit\u00e4ten: Genuss, Kultur und Vielfalt\"}]},{\"@type\":\"WebSite\",\"@id\":\"https:\\\/\\\/www.pack-verde.com\\\/blog\\\/ch-de\\\/#website\",\"url\":\"https:\\\/\\\/www.pack-verde.com\\\/blog\\\/ch-de\\\/\",\"name\":\"packVerde\",\"description\":\"achtsam verpackt\",\"publisher\":{\"@id\":\"https:\\\/\\\/www.pack-verde.com\\\/blog\\\/ch-de\\\/#organization\"},\"potentialAction\":[{\"@type\":\"SearchAction\",\"target\":{\"@type\":\"EntryPoint\",\"urlTemplate\":\"https:\\\/\\\/www.pack-verde.com\\\/blog\\\/ch-de\\\/?s={search_term_string}\"},\"query-input\":{\"@type\":\"PropertyValueSpecification\",\"valueRequired\":true,\"valueName\":\"search_term_string\"}}],\"inLanguage\":\"de-CH\"},{\"@type\":\"Organization\",\"@id\":\"https:\\\/\\\/www.pack-verde.com\\\/blog\\\/ch-de\\\/#organization\",\"name\":\"packVerde Blog\",\"url\":\"https:\\\/\\\/www.pack-verde.com\\\/blog\\\/ch-de\\\/\",\"logo\":{\"@type\":\"ImageObject\",\"inLanguage\":\"de-CH\",\"@id\":\"https:\\\/\\\/www.pack-verde.com\\\/blog\\\/ch-de\\\/#\\\/schema\\\/logo\\\/image\\\/\",\"url\":\"https:\\\/\\\/www.pack-verde.com\\\/blog\\\/wp-content\\\/uploads\\\/2021\\\/03\\\/packVerde-logo-150w.png\",\"contentUrl\":\"https:\\\/\\\/www.pack-verde.com\\\/blog\\\/wp-content\\\/uploads\\\/2021\\\/03\\\/packVerde-logo-150w.png\",\"width\":150,\"height\":90,\"caption\":\"packVerde Blog\"},\"image\":{\"@id\":\"https:\\\/\\\/www.pack-verde.com\\\/blog\\\/ch-de\\\/#\\\/schema\\\/logo\\\/image\\\/\"},\"sameAs\":[\"https:\\\/\\\/www.facebook.com\\\/packVerdeVerpackungen\",\"https:\\\/\\\/www.linkedin.com\\\/company\\\/packverde\\\/\"]},{\"@type\":\"Person\",\"@id\":\"https:\\\/\\\/www.pack-verde.com\\\/blog\\\/ch-de\\\/#\\\/schema\\\/person\\\/5cbcb261f6058158585083f252c0c5b9\",\"name\":\"m.kuecuek\",\"image\":{\"@type\":\"ImageObject\",\"inLanguage\":\"de-CH\",\"@id\":\"https:\\\/\\\/secure.gravatar.com\\\/avatar\\\/ff96deba25fe7a9a09beb0409fa293d5d5f92d6cea10caedfd6e82a8c4010122?s=96&d=mm&r=g\",\"url\":\"https:\\\/\\\/secure.gravatar.com\\\/avatar\\\/ff96deba25fe7a9a09beb0409fa293d5d5f92d6cea10caedfd6e82a8c4010122?s=96&d=mm&r=g\",\"contentUrl\":\"https:\\\/\\\/secure.gravatar.com\\\/avatar\\\/ff96deba25fe7a9a09beb0409fa293d5d5f92d6cea10caedfd6e82a8c4010122?s=96&d=mm&r=g\",\"caption\":\"m.kuecuek\"}}]}<\/script>\n<!-- \/ Yoast SEO plugin. -->","yoast_head_json":{"title":"Die Welt der Kaffeespezialit\u00e4ten: Genuss, Kultur und Vielfalt","robots":{"index":"index","follow":"follow","max-snippet":"max-snippet:-1","max-image-preview":"max-image-preview:large","max-video-preview":"max-video-preview:-1"},"canonical":"https:\/\/www.pack-verde.com\/blog\/ch-de\/inspiration-trends\/die-welt-der-kaffeespezialitaeten\/","og_locale":"de_DE","og_type":"article","og_title":"Die Welt der Kaffeespezialit\u00e4ten: Genuss, Kultur und Vielfalt","og_description":"Kaffee ist mehr als nur ein Getr\u00e4nk \u2013 es ist ein weltweites Kulturgut, das Menschen seit Jahrhunderten verbindet. Ob am Morgen zum Wachwerden, bei einem Treffen mit Freunden oder als kleine Auszeit zwischendurch \u2013 Kaffee begleitet uns durch den Tag und sorgt f\u00fcr unvergessliche Genussmomente. &nbsp;In diesem Blogbeitrag nehmen wir Sie mit auf eine Reise&hellip;","og_url":"https:\/\/www.pack-verde.com\/blog\/ch-de\/inspiration-trends\/die-welt-der-kaffeespezialitaeten\/","og_site_name":"packVerde","article_publisher":"https:\/\/www.facebook.com\/packVerdeVerpackungen","article_published_time":"2024-07-15T09:30:00+00:00","article_modified_time":"2024-07-15T11:48:19+00:00","og_image":[{"width":2560,"height":1357,"url":"https:\/\/www.pack-verde.com\/blog\/wp-content\/uploads\/2024\/06\/shutterstock_2327592477-scaled.jpg","type":"image\/jpeg"}],"author":"m.kuecuek","twitter_card":"summary_large_image","twitter_misc":{"Geschrieben von":"m.kuecuek","Gesch\u00e4tzte Lesezeit":"5\u00a0Minuten"},"schema":{"@context":"https:\/\/schema.org","@graph":[{"@type":"Article","@id":"https:\/\/www.pack-verde.com\/blog\/ch-de\/inspiration-trends\/die-welt-der-kaffeespezialitaeten\/#article","isPartOf":{"@id":"https:\/\/www.pack-verde.com\/blog\/ch-de\/inspiration-trends\/die-welt-der-kaffeespezialitaeten\/"},"author":{"name":"m.kuecuek","@id":"https:\/\/www.pack-verde.com\/blog\/ch-de\/#\/schema\/person\/5cbcb261f6058158585083f252c0c5b9"},"headline":"Die Welt der Kaffeespezialit\u00e4ten: Genuss, Kultur und Vielfalt","datePublished":"2024-07-15T09:30:00+00:00","dateModified":"2024-07-15T11:48:19+00:00","mainEntityOfPage":{"@id":"https:\/\/www.pack-verde.com\/blog\/ch-de\/inspiration-trends\/die-welt-der-kaffeespezialitaeten\/"},"wordCount":918,"commentCount":0,"publisher":{"@id":"https:\/\/www.pack-verde.com\/blog\/ch-de\/#organization"},"image":{"@id":"https:\/\/www.pack-verde.com\/blog\/ch-de\/inspiration-trends\/die-welt-der-kaffeespezialitaeten\/#primaryimage"},"thumbnailUrl":"https:\/\/www.pack-verde.com\/blog\/wp-content\/uploads\/2024\/06\/shutterstock_2327592477-scaled.jpg","articleSection":["Inspiration &amp; Trends"],"inLanguage":"de-CH","potentialAction":[{"@type":"CommentAction","name":"Comment","target":["https:\/\/www.pack-verde.com\/blog\/ch-de\/inspiration-trends\/die-welt-der-kaffeespezialitaeten\/#respond"]}]},{"@type":"WebPage","@id":"https:\/\/www.pack-verde.com\/blog\/ch-de\/inspiration-trends\/die-welt-der-kaffeespezialitaeten\/","url":"https:\/\/www.pack-verde.com\/blog\/ch-de\/inspiration-trends\/die-welt-der-kaffeespezialitaeten\/","name":"Die Welt der Kaffeespezialit\u00e4ten: Genuss, Kultur und Vielfalt","isPartOf":{"@id":"https:\/\/www.pack-verde.com\/blog\/ch-de\/#website"},"primaryImageOfPage":{"@id":"https:\/\/www.pack-verde.com\/blog\/ch-de\/inspiration-trends\/die-welt-der-kaffeespezialitaeten\/#primaryimage"},"image":{"@id":"https:\/\/www.pack-verde.com\/blog\/ch-de\/inspiration-trends\/die-welt-der-kaffeespezialitaeten\/#primaryimage"},"thumbnailUrl":"https:\/\/www.pack-verde.com\/blog\/wp-content\/uploads\/2024\/06\/shutterstock_2327592477-scaled.jpg","datePublished":"2024-07-15T09:30:00+00:00","dateModified":"2024-07-15T11:48:19+00:00","breadcrumb":{"@id":"https:\/\/www.pack-verde.com\/blog\/ch-de\/inspiration-trends\/die-welt-der-kaffeespezialitaeten\/#breadcrumb"},"inLanguage":"de-CH","potentialAction":[{"@type":"ReadAction","target":["https:\/\/www.pack-verde.com\/blog\/ch-de\/inspiration-trends\/die-welt-der-kaffeespezialitaeten\/"]}]},{"@type":"ImageObject","inLanguage":"de-CH","@id":"https:\/\/www.pack-verde.com\/blog\/ch-de\/inspiration-trends\/die-welt-der-kaffeespezialitaeten\/#primaryimage","url":"https:\/\/www.pack-verde.com\/blog\/wp-content\/uploads\/2024\/06\/shutterstock_2327592477-scaled.jpg","contentUrl":"https:\/\/www.pack-verde.com\/blog\/wp-content\/uploads\/2024\/06\/shutterstock_2327592477-scaled.jpg","width":2560,"height":1357},{"@type":"BreadcrumbList","@id":"https:\/\/www.pack-verde.com\/blog\/ch-de\/inspiration-trends\/die-welt-der-kaffeespezialitaeten\/#breadcrumb","itemListElement":[{"@type":"ListItem","position":1,"name":"Startseite","item":"https:\/\/www.pack-verde.com\/blog\/ch-de\/"},{"@type":"ListItem","position":2,"name":"Die Welt der Kaffeespezialit\u00e4ten: Genuss, Kultur und Vielfalt"}]},{"@type":"WebSite","@id":"https:\/\/www.pack-verde.com\/blog\/ch-de\/#website","url":"https:\/\/www.pack-verde.com\/blog\/ch-de\/","name":"packVerde","description":"achtsam verpackt","publisher":{"@id":"https:\/\/www.pack-verde.com\/blog\/ch-de\/#organization"},"potentialAction":[{"@type":"SearchAction","target":{"@type":"EntryPoint","urlTemplate":"https:\/\/www.pack-verde.com\/blog\/ch-de\/?s={search_term_string}"},"query-input":{"@type":"PropertyValueSpecification","valueRequired":true,"valueName":"search_term_string"}}],"inLanguage":"de-CH"},{"@type":"Organization","@id":"https:\/\/www.pack-verde.com\/blog\/ch-de\/#organization","name":"packVerde Blog","url":"https:\/\/www.pack-verde.com\/blog\/ch-de\/","logo":{"@type":"ImageObject","inLanguage":"de-CH","@id":"https:\/\/www.pack-verde.com\/blog\/ch-de\/#\/schema\/logo\/image\/","url":"https:\/\/www.pack-verde.com\/blog\/wp-content\/uploads\/2021\/03\/packVerde-logo-150w.png","contentUrl":"https:\/\/www.pack-verde.com\/blog\/wp-content\/uploads\/2021\/03\/packVerde-logo-150w.png","width":150,"height":90,"caption":"packVerde Blog"},"image":{"@id":"https:\/\/www.pack-verde.com\/blog\/ch-de\/#\/schema\/logo\/image\/"},"sameAs":["https:\/\/www.facebook.com\/packVerdeVerpackungen","https:\/\/www.linkedin.com\/company\/packverde\/"]},{"@type":"Person","@id":"https:\/\/www.pack-verde.com\/blog\/ch-de\/#\/schema\/person\/5cbcb261f6058158585083f252c0c5b9","name":"m.kuecuek","image":{"@type":"ImageObject","inLanguage":"de-CH","@id":"https:\/\/secure.gravatar.com\/avatar\/ff96deba25fe7a9a09beb0409fa293d5d5f92d6cea10caedfd6e82a8c4010122?s=96&d=mm&r=g","url":"https:\/\/secure.gravatar.com\/avatar\/ff96deba25fe7a9a09beb0409fa293d5d5f92d6cea10caedfd6e82a8c4010122?s=96&d=mm&r=g","contentUrl":"https:\/\/secure.gravatar.com\/avatar\/ff96deba25fe7a9a09beb0409fa293d5d5f92d6cea10caedfd6e82a8c4010122?s=96&d=mm&r=g","caption":"m.kuecuek"}}]}},"magento_index":false,"_links":{"self":[{"href":"https:\/\/www.pack-verde.com\/blog\/ch-de\/wp-json\/wp\/v2\/posts\/19103","targetHints":{"allow":["GET"]}}],"collection":[{"href":"https:\/\/www.pack-verde.com\/blog\/ch-de\/wp-json\/wp\/v2\/posts"}],"about":[{"href":"https:\/\/www.pack-verde.com\/blog\/ch-de\/wp-json\/wp\/v2\/types\/post"}],"author":[{"embeddable":true,"href":"https:\/\/www.pack-verde.com\/blog\/ch-de\/wp-json\/wp\/v2\/users\/17"}],"replies":[{"embeddable":true,"href":"https:\/\/www.pack-verde.com\/blog\/ch-de\/wp-json\/wp\/v2\/comments?post=19103"}],"version-history":[{"count":15,"href":"https:\/\/www.pack-verde.com\/blog\/ch-de\/wp-json\/wp\/v2\/posts\/19103\/revisions"}],"predecessor-version":[{"id":19136,"href":"https:\/\/www.pack-verde.com\/blog\/ch-de\/wp-json\/wp\/v2\/posts\/19103\/revisions\/19136"}],"wp:featuredmedia":[{"embeddable":true,"href":"https:\/\/www.pack-verde.com\/blog\/ch-de\/wp-json\/wp\/v2\/media\/19034"}],"wp:attachment":[{"href":"https:\/\/www.pack-verde.com\/blog\/ch-de\/wp-json\/wp\/v2\/media?parent=19103"}],"wp:term":[{"taxonomy":"category","embeddable":true,"href":"https:\/\/www.pack-verde.com\/blog\/ch-de\/wp-json\/wp\/v2\/categories?post=19103"},{"taxonomy":"post_tag","embeddable":true,"href":"https:\/\/www.pack-verde.com\/blog\/ch-de\/wp-json\/wp\/v2\/tags?post=19103"},{"taxonomy":"m2-product-id","embeddable":true,"href":"https:\/\/www.pack-verde.com\/blog\/ch-de\/wp-json\/wp\/v2\/m2-product-id?post=19103"}],"curies":[{"name":"wp","href":"https:\/\/api.w.org\/{rel}","templated":true}]}}