{"id":19321,"date":"2025-05-27T16:13:07","date_gmt":"2025-05-27T14:13:07","guid":{"rendered":"https:\/\/www.pack-verde.com\/blog\/?p=19321"},"modified":"2025-08-21T10:34:38","modified_gmt":"2025-08-21T08:34:38","slug":"nachhaltigkeitspartnerschaft-quellmed-x-packverde","status":"publish","type":"post","link":"https:\/\/www.pack-verde.com\/blog\/ch-de\/verpackungsratgeber\/nachhaltigkeitspartnerschaft-quellmed-x-packverde\/","title":{"rendered":"Nachhaltigkeitspartnerschaft Quellmed X packVerde"},"content":{"rendered":"\n<p><strong>Was passiert, wenn eine nachhaltige Kosmetikmarke und ein Verpackungsspezialist mit einer gemeinsamen Mission f\u00fcr Umweltbewusstsein und Ressourcenschonung zusammenkommen?<\/strong> Es entsteht eine Partnerschaft, die mehr ist als ein Projekt \u2013 sie ist ein klares Bekenntnis zu nachhaltigem Handeln und langfristiger Verantwortung<em>.<\/em><\/p>\n\n\n\n<ol class=\"wp-block-list\">\n<li><a href=\"#Marke-Quellmed\">Die Marke Quellmed<\/a><\/li>\n\n\n\n<li><a href=\"#Storytelling\">Storytelling \u2013 Unsere gemeinsame Nachhaltigkeitsreise<\/a><\/li>\n\n\n\n<li><a href=\"#Der-Ausblick\">Der Ausblick: Nachhaltigkeit ist kein Ziel \u2013 sondern ein Weg<\/a><\/li>\n\n\n\n<li><a href=\"#Produkt-Empfehlungen\">Ausgew\u00e4hlte Verpackungsl\u00f6sungen f\u00fcr Ihre Kosmetikprodukte<\/a><\/li>\n<\/ol>\n\n\n\n<div style=\"height:30px\" aria-hidden=\"true\" class=\"wp-block-spacer\"><\/div>\n\n\n\n<h3 class=\"wp-block-heading\" id=\"Marke-Quellmed\"><strong>\ud83c\udf3f Nat\u00fcrliche Sch\u00f6nheit \u2013 konsequent neu gedacht<\/strong><\/h3>\n\n\n\n<div style=\"height:15px\" aria-hidden=\"true\" class=\"wp-block-spacer\"><\/div>\n\n\n<div class=\"wp-block-image\">\n<figure class=\"alignright size-medium\"><img decoding=\"async\" width=\"300\" height=\"225\" src=\"https:\/\/www.pack-verde.com\/blog\/wp-content\/uploads\/2025\/05\/Gold-Edition-300x225.jpeg\" alt=\"Kooperatiospartner Quellmed\" class=\"wp-image-19283\" srcset=\"https:\/\/www.pack-verde.com\/blog\/wp-content\/uploads\/2025\/05\/Gold-Edition-300x225.jpeg 300w, https:\/\/www.pack-verde.com\/blog\/wp-content\/uploads\/2025\/05\/Gold-Edition-1024x768.jpeg 1024w, https:\/\/www.pack-verde.com\/blog\/wp-content\/uploads\/2025\/05\/Gold-Edition-768x576.jpeg 768w, https:\/\/www.pack-verde.com\/blog\/wp-content\/uploads\/2025\/05\/Gold-Edition-1536x1151.jpeg 1536w, https:\/\/www.pack-verde.com\/blog\/wp-content\/uploads\/2025\/05\/Gold-Edition.jpeg 2048w\" sizes=\"(max-width: 300px) 100vw, 300px\" \/><\/figure>\n<\/div>\n\n\n<p>Die Marke <strong>Quellmed<\/strong> steht f\u00fcr zertifizierte Naturkosmetik, deren Wirkung aus der Kraft reiner Inhaltsstoffe und einer einzigartigen NIHQ-Formel entsteht. Doch wer ganzheitlich denkt, bleibt nicht bei der Rezeptur stehen: Auch die Verpackung muss zum Anspruch passen: \u00f6kologisch, transparent und zukunftsf\u00e4hig.<\/p>\n\n\n\n<p>Genau hier kamen wir ins Spiel \u2013 Als Spezialisten f\u00fcr nachhaltige Verpackungsl\u00f6sungen begleiten wir Unternehmen auf dem Weg, konventionelle Materialien durch umweltfreundlichere Alternativen zu ersetzen \u2013 ohne Kompromisse bei Qualit\u00e4t, Design oder Funktion.<\/p>\n\n\n\n<p><strong>Rebranding mit Mehrwert: Nachhaltigkeit sichtbar machen<\/strong><\/p>\n\n\n\n<p>Die zentrale Frage lautete: Wie kann Quellmed seine Kosmetikprodukte so verpacken, dass Nachhaltigkeit nicht nur drinsteckt \u2013 sondern auch nach aussen transportiert wird?<\/p>\n\n\n\n<p>Die Antwort lag nicht in einer Standardl\u00f6sung, sondern in einer durchdachten Strategie, die Materialien, Logistik und Markenidentit\u00e4t vereint. Die Vision: Nachhaltigkeit soll sich in jedem Detail widerspiegeln \u2013 bis hin zum Versand.<\/p>\n\n\n\n<div style=\"height:36px\" aria-hidden=\"true\" class=\"wp-block-spacer\"><\/div>\n\n\n\n<h3 class=\"wp-block-heading\" id=\"Storytelling\"><strong>Im Gespr\u00e4ch mit Quellmed: Warum Nachhaltigkeit f\u00fcr uns mehr ist als ein Trend<\/strong><\/h3>\n\n\n\n<div style=\"height:15px\" aria-hidden=\"true\" class=\"wp-block-spacer\"><\/div>\n\n\n\n<p><strong>Welche Rolle spielt Nachhaltigkeit in Eurer Unternehmensstrategie?<\/strong><br>Nachhaltigkeit ist bei uns kein Zusatz, sondern Grundprinzip. Unsere Muttergesellschaft <strong>UB Woeltjen GmbH<\/strong>, mit meinem Vater Dirk Fennekoldt als Gesch\u00e4ftsf\u00fchrer, ist seit Jahren ein starker Akteur im Bereich energetischer Haussanierung und Geothermie. Dieses Denken \u00fcbertragen wir konsequent auf Quellmed Skincare \u2013 von der Produktentwicklung bis hin zur Logistik.<\/p>\n\n\n\n<p><strong>Welche Ziele verfolgt Ihr konkret im Bereich Verpackung &amp; Versand?<\/strong><br>Unser Ziel ist es, Verpackung und Versandprozesse so regional, nachhaltig und effizient wie m\u00f6glich zu gestalten. Wir arbeiten daran, steigende Versandvolumen k\u00fcnftig in-House oder mit regionalen Partnern in der Region Nienburg\/Weser abzuwickeln. Das reduziert nicht nur unseren CO\u2082-Fu\u00dfabdruck, sondern st\u00e4rkt auch lokale Mittelst\u00e4ndler.<\/p>\n\n\n\n<p><strong>Der gemeinsame Weg: Eine Partnerschaft auf Augenh\u00f6he<\/strong><\/p>\n\n\n\n<p>Im Zuge der Neufindung hat sich der Marketing &#8211; &amp; Verkaufsleiter der Kosmetikmarke auf die Suche nach nachhaltigen Partnern begeben und ist nach seiner Recherche auf unsere Marke packVerde gestossen \u2013 und es war schnell klar: Hier teilen wir die gleichen Werte.<\/p>\n\n\n\n<p><strong>Warum habt Ihr Euch f\u00fcr packVerde entschieden?<\/strong><\/p>\n\n\n<div class=\"wp-block-image\">\n<figure class=\"alignright size-medium\"><img decoding=\"async\" width=\"300\" height=\"300\" src=\"https:\/\/www.pack-verde.com\/blog\/wp-content\/uploads\/2025\/05\/Hautcreme-300x300.jpeg\" alt=\"Hautcreme von Quellmed\" class=\"wp-image-19292\" srcset=\"https:\/\/www.pack-verde.com\/blog\/wp-content\/uploads\/2025\/05\/Hautcreme-300x300.jpeg 300w, https:\/\/www.pack-verde.com\/blog\/wp-content\/uploads\/2025\/05\/Hautcreme-1024x1024.jpeg 1024w, https:\/\/www.pack-verde.com\/blog\/wp-content\/uploads\/2025\/05\/Hautcreme-150x150.jpeg 150w, https:\/\/www.pack-verde.com\/blog\/wp-content\/uploads\/2025\/05\/Hautcreme-768x768.jpeg 768w, https:\/\/www.pack-verde.com\/blog\/wp-content\/uploads\/2025\/05\/Hautcreme.jpeg 1536w\" sizes=\"(max-width: 300px) 100vw, 300px\" \/><figcaption class=\"wp-element-caption\">Hautcreme von Quellmed<\/figcaption><\/figure>\n<\/div>\n\n\n<p>Nachhaltigkeit ist bei uns kein Etikett \u2013 sie durchzieht jeden Aspekt unseres Handelns. Deshalb war f\u00fcr uns klar: Auch bei der Auswahl unserer Verpackungspartner z\u00e4hlen nicht nur Materialien, sondern vor allem Haltung und Werte.<\/p>\n\n\n\n<p><strong>Welche Kriterien standen f\u00fcr Euch bei der Wahl der Verpackung im Vordergrund?<\/strong><\/p>\n\n\n\n<p>Unsere Verpackungsl\u00f6sungen sollen nicht nur \u00f6kologisch sein, sondern ein klares Markenerlebnis bieten \u2013 transparent, hochwertig und konsequent nachhaltig. Wir wollten Versandmaterialien, die unsere Unternehmensphilosophie widerspiegeln: verantwortungsvoll, kundenorientiert und zukunftssicher. Ressourcenschonung, regionale N\u00e4he, funktionale Qualit\u00e4t und eine glaubw\u00fcrdige Kommunikation nach aussen standen dabei ganz oben auf der Liste.<\/p>\n\n\n\n<p><strong>Warum packVerde?<\/strong><\/p>\n\n\n\n<p>packVerde hat uns vom ersten Moment an \u00fcberzeugt \u2013 nicht nur durch die nachhaltige Produktauswahl, sondern durch echtes Verst\u00e4ndnis f\u00fcr unsere Marke. Die Beratung war pers\u00f6nlich, freundlich und auf Augenh\u00f6he. Das Team hat unsere Anforderungen sofort verstanden und mitgedacht, wie wir die Verpackung in unser Rebranding stimmig integrieren k\u00f6nnen. Besonders angenehm: Alles lief auf Anhieb reibungslos \u2013 von der ersten Anfrage bis zur Lieferung.<\/p>\n\n\n\n<blockquote class=\"wp-block-quote has-white-background-color has-background is-layout-flow wp-block-quote-is-layout-flow\">\n<p class=\"has-white-background-color has-background\"><em>\u201eIch habe mich vom ersten Moment an abgeholt gef\u00fchlt. Die Kommunikation war offen, l\u00f6sungsorientiert und einfach menschlich \u2013 genau das, was wir uns von einem echten Partner w\u00fcnschen.\u201c<\/em><br><br>\u2013 <strong>Brian Fennekoldt<\/strong> von Quellmed Skincare<\/p>\n<\/blockquote>\n\n\n\n<p><strong>Was hat Euch besonders gefallen?<\/strong><\/p>\n\n\n\n<ul class=\"wp-block-list\">\n<li>Die <strong>Verpackungsl\u00f6sungen<\/strong> sind hochwertig, funktional und perfekt auf unsere Bed\u00fcrfnisse abgestimmt<\/li>\n\n\n\n<li>Der <strong>Bestellprozess<\/strong> war unkompliziert, effizient und schnell<\/li>\n\n\n\n<li>Die <strong>Beratung<\/strong> war ehrlich, kompetent und immer freundlich<\/li>\n\n\n\n<li>Die <strong>Werte<\/strong> passen \u2013 packVerde denkt ganzheitlich, nachhaltig und zukunftsorientiert<\/li>\n<\/ul>\n\n\n\n<p>Diese Zusammenarbeit ist f\u00fcr uns mehr als nur ein Projekt. Sie ist ein klares Signal, wohin wir mit Quellmed wollen \u2013 und mit wem wir diesen Weg gehen wollen. Deshalb freuen wir uns bereits jetzt auf die n\u00e4chsten Schritte \u2013 und auf viele weitere gemeinsame Projekte, mit denen wir unsere Nachhaltigkeitsvision in die Breite tragen.<\/p>\n\n\n\n<div style=\"height:25px\" aria-hidden=\"true\" class=\"wp-block-spacer\"><\/div>\n\n\n\n<h3 class=\"wp-block-heading\"><strong>Das Ergebnis: Verpackung mit Wirkung<\/strong><\/h3>\n\n\n\n<div style=\"height:25px\" aria-hidden=\"true\" class=\"wp-block-spacer\"><\/div>\n\n\n\n<div class=\"wp-block-columns is-layout-flex wp-container-core-columns-is-layout-9d6595d7 wp-block-columns-is-layout-flex\">\n<div class=\"wp-block-column is-layout-flow wp-block-column-is-layout-flow\" style=\"flex-basis:33.33%\">\n<figure class=\"wp-block-image size-medium\"><img decoding=\"async\" width=\"300\" height=\"300\" src=\"https:\/\/www.pack-verde.com\/blog\/wp-content\/uploads\/2025\/05\/6-300x300.jpg\" alt=\"Gras-Pac  Verpackung von packVerde\" class=\"wp-image-19296\" srcset=\"https:\/\/www.pack-verde.com\/blog\/wp-content\/uploads\/2025\/05\/6-300x300.jpg 300w, https:\/\/www.pack-verde.com\/blog\/wp-content\/uploads\/2025\/05\/6-1024x1024.jpg 1024w, https:\/\/www.pack-verde.com\/blog\/wp-content\/uploads\/2025\/05\/6-150x150.jpg 150w, https:\/\/www.pack-verde.com\/blog\/wp-content\/uploads\/2025\/05\/6-768x768.jpg 768w, https:\/\/www.pack-verde.com\/blog\/wp-content\/uploads\/2025\/05\/6.jpg 1080w\" sizes=\"(max-width: 300px) 100vw, 300px\" \/><\/figure>\n<\/div>\n\n\n\n<div class=\"wp-block-column is-layout-flow wp-block-column-is-layout-flow\" style=\"flex-basis:66.66%\">\n<p>Durch die neue Versandl\u00f6sung konnten wir gleich mehrere Ziele erreichen:<\/p>\n\n\n\n<ul class=\"wp-block-list\">\n<li><strong>Reduktion fossiler Materialien<\/strong><\/li>\n\n\n\n<li><strong>Recyclingf\u00e4hige Verpackungsl\u00f6sungen<\/strong><\/li>\n\n\n\n<li><strong>Verpackung als Teil der Markenkommunikation<\/strong><\/li>\n<\/ul>\n\n\n\n<p>Nachhaltigkeit ist jetzt nicht nur im Produkt, sondern in der gesamten Customer Journey sichtbar \u2013 vom Onlinekauf bis zum Unboxing-Moment.<\/p>\n<\/div>\n<\/div>\n\n\n\n<div style=\"height:25px\" aria-hidden=\"true\" class=\"wp-block-spacer\"><\/div>\n\n\n\n<hr class=\"wp-block-separator has-alpha-channel-opacity is-style-wide\"\/>\n\n\n\n<div style=\"height:25px\" aria-hidden=\"true\" class=\"wp-block-spacer\"><\/div>\n\n\n\n<h3 class=\"wp-block-heading\" id=\"Der-Ausblick\"><strong> Der Ausblick: Nachhaltigkeit ist kein Ziel \u2013 sondern ein Weg<\/strong><\/h3>\n\n\n\n<div style=\"height:15px\" aria-hidden=\"true\" class=\"wp-block-spacer\"><\/div>\n\n\n\n<p><strong>Wie haben Eure Kunden reagiert?<br><\/strong>Das Feedback ist durchweg positiv. Unsere Kunden \u2013 ob im Onlinehandel oder im station\u00e4ren Einzelhandel wie bei Debner Naturkosmetik in Nienburg \u2013 nehmen unsere neue Ausrichtung begeistert auf. Die Partnerschaft mit packVerde wird als glaubw\u00fcrdige, konsequente Weiterentwicklung wahrgenommen.<\/p>\n\n\n\n<p><strong>Was plant Ihr f\u00fcr die Zukunft?<\/strong><br>Wir wollen die Zusammenarbeit mit packVerde weiter ausbauen \u2013 von gebrandeten Versandmaterialien \u00fcber Einkaufstaschen f\u00fcr den Einzelhandel bis hin zu neuen B2B-Kooperationen mit Hotels, Thermen und Airlines. Nachhaltige Verpackung soll ein integraler Bestandteil unseres Wachstums werden.<\/p>\n\n\n\n<p><strong>Verantwortung tr\u00e4gt man nicht allein \u2013 sondern gemeinsam<\/strong><\/p>\n\n\n\n<p>Unsere Partnerschaft mit packVerde ist mehr als nur eine L\u00f6sung f\u00fcr Verpackung. Sie ist ein Statement. F\u00fcr Klimaschutz. F\u00fcr Kundenerlebnisse. Und f\u00fcr eine neue Art des Wirtschaftens \u2013 verantwortungsvoll, regional und zukunftsorientiert.<\/p>\n\n\n\n<div style=\"height:21px\" aria-hidden=\"true\" class=\"wp-block-spacer\"><\/div>\n\n\n\n<p><strong>Weitere Informationen zu Quellmed sowie zu unserer exklusiven Partnerschaft als Verpackungspartner finden Sie auf der Website unseres Quellmed unter:<\/strong><br><br><a class=\"\" href=\"https:\/\/quellmed-shop.com\/blogs\/news\/quellmed-skincare-kooperiert-exklusiv-mit-packverde-als-verpackungspartner\">https:\/\/quellmed-shop.com\/blogs\/news\/quellmed-skincare-kooperiert-exklusiv-mit-packverde-als-verpackungspartner<\/a><\/p>\n\n\n\n<div style=\"height:21px\" aria-hidden=\"true\" class=\"wp-block-spacer\"><\/div>\n\n\n\n<hr class=\"wp-block-separator has-alpha-channel-opacity\"\/>\n\n\n\n<div style=\"height:21px\" aria-hidden=\"true\" class=\"wp-block-spacer\"><\/div>\n\n\n\n<h4 class=\"wp-block-heading\" id=\"Produkt-Empfehlungen\"><strong>Unsere Empfehlungen: Verpackungen f\u00fcr anspruchsvolle Kosmetikkonzepte<\/strong><\/h4>\n\n\n\n<div style=\"height:21px\" aria-hidden=\"true\" class=\"wp-block-spacer\"><\/div>\n\n\n<p>SHORTCODE in REST Request entfernt<br \/>\nSHORTCODE in REST Request entfernt<br \/>\nSHORTCODE in REST Request entfernt<br \/>\nSHORTCODE in REST Request entfernt<\/p>\n\n\n\n<div style=\"height:21px\" aria-hidden=\"true\" class=\"wp-block-spacer\"><\/div>\n\n\n\n<div class=\"wp-block-buttons is-layout-flex wp-block-buttons-is-layout-flex\">\n<div class=\"wp-block-button\"><a class=\"wp-block-button__link has-accent-background-color has-background wp-element-button\" href=\"https:\/\/www.pack-verde.com\/ch\/themenshops\/nachhaltige-e-commerce-verpackungen\/\" target=\"_blank\" rel=\"noreferrer noopener\"><strong>Entdecken Sie unsere Verpackungsl\u00f6sungen f\u00fcr moderne Kosmetiklinien<\/strong><\/a><\/div>\n<\/div>\n\n\n\n<div style=\"height:21px\" aria-hidden=\"true\" class=\"wp-block-spacer\"><\/div>\n\n\n\n<p>Sie haben Interesse an einer individualisierten Verpackung f\u00fcr Produkte? Unsere Spezialisten unterst\u00fctzen Sie gerne von Anfang an auf Ihrer Reise zu Ihrer Wunschverpackung. Lassen Sie sich jetzt pers\u00f6nlich beraten!<\/p>\n\n\n\n<div style=\"height:21px\" aria-hidden=\"true\" class=\"wp-block-spacer\"><\/div>\n\n\n\n<div class=\"wp-block-buttons is-layout-flex wp-block-buttons-is-layout-flex\">\n<div class=\"wp-block-button\"><a class=\"wp-block-button__link has-accent-background-color has-background wp-element-button\" href=\"https:\/\/www.pack-verde.com\/ch\/contact\" target=\"_blank\" rel=\"noreferrer noopener\">Jetzt kontaktieren<\/a><\/div>\n<\/div>\n\n\n\n<p><\/p>\n","protected":false},"excerpt":{"rendered":"<p>Was passiert, wenn eine nachhaltige Kosmetikmarke und ein Verpackungsspezialist mit einer gemeinsamen Mission f\u00fcr Umweltbewusstsein und Ressourcenschonung zusammenkommen? Es entsteht eine Partnerschaft, die mehr ist als ein Projekt \u2013 sie ist ein klares Bekenntnis zu nachhaltigem Handeln und langfristiger Verantwortung. \ud83c\udf3f Nat\u00fcrliche Sch\u00f6nheit \u2013 konsequent neu gedacht Die Marke Quellmed steht f\u00fcr zertifizierte Naturkosmetik, deren&hellip;<\/p>\n","protected":false},"author":17,"featured_media":19285,"comment_status":"open","ping_status":"open","sticky":false,"template":"","format":"standard","meta":{"footnotes":""},"categories":[110],"tags":[154,156,121,155,157],"m2-product-id":[],"class_list":["post-19321","post","type-post","status-publish","format-standard","has-post-thumbnail","hentry","category-verpackungsratgeber","tag-kooperation","tag-kosmetik","tag-nachhaltigkeit","tag-partnerschaft","tag-skincare","category-110","description-off"],"yoast_head":"<!-- This site is optimized with the Yoast SEO plugin v27.4 - https:\/\/yoast.com\/product\/yoast-seo-wordpress\/ -->\n<title>Nachhaltigkeitspartnerschaft Quellmed X packVerde -<\/title>\n<meta name=\"robots\" content=\"index, follow, max-snippet:-1, max-image-preview:large, max-video-preview:-1\" \/>\n<link rel=\"canonical\" href=\"https:\/\/www.pack-verde.com\/blog\/ch-de\/verpackungsratgeber\/nachhaltigkeitspartnerschaft-quellmed-x-packverde\/\" \/>\n<meta property=\"og:locale\" content=\"de_DE\" \/>\n<meta property=\"og:type\" content=\"article\" \/>\n<meta property=\"og:title\" content=\"Nachhaltigkeitspartnerschaft Quellmed X packVerde -\" \/>\n<meta property=\"og:description\" content=\"Was passiert, wenn eine nachhaltige Kosmetikmarke und ein Verpackungsspezialist mit einer gemeinsamen Mission f\u00fcr Umweltbewusstsein und Ressourcenschonung zusammenkommen? Es entsteht eine Partnerschaft, die mehr ist als ein Projekt \u2013 sie ist ein klares Bekenntnis zu nachhaltigem Handeln und langfristiger Verantwortung. \ud83c\udf3f Nat\u00fcrliche Sch\u00f6nheit \u2013 konsequent neu gedacht Die Marke Quellmed steht f\u00fcr zertifizierte Naturkosmetik, deren&hellip;\" \/>\n<meta property=\"og:url\" content=\"https:\/\/www.pack-verde.com\/blog\/ch-de\/verpackungsratgeber\/nachhaltigkeitspartnerschaft-quellmed-x-packverde\/\" \/>\n<meta property=\"og:site_name\" content=\"packVerde\" \/>\n<meta property=\"article:publisher\" content=\"https:\/\/www.facebook.com\/packVerdeVerpackungen\" \/>\n<meta property=\"article:published_time\" content=\"2025-05-27T14:13:07+00:00\" \/>\n<meta property=\"article:modified_time\" content=\"2025-08-21T08:34:38+00:00\" \/>\n<meta property=\"og:image\" content=\"https:\/\/www.pack-verde.com\/blog\/wp-content\/uploads\/2025\/05\/Gold-Edition.jpeg\" \/>\n\t<meta property=\"og:image:width\" content=\"2048\" \/>\n\t<meta property=\"og:image:height\" content=\"1535\" \/>\n\t<meta property=\"og:image:type\" content=\"image\/jpeg\" \/>\n<meta name=\"author\" content=\"m.kuecuek\" \/>\n<meta name=\"twitter:card\" content=\"summary_large_image\" \/>\n<meta name=\"twitter:label1\" content=\"Geschrieben von\" \/>\n\t<meta name=\"twitter:data1\" content=\"m.kuecuek\" \/>\n\t<meta name=\"twitter:label2\" content=\"Gesch\u00e4tzte Lesezeit\" \/>\n\t<meta name=\"twitter:data2\" content=\"5\u00a0Minuten\" \/>\n<script type=\"application\/ld+json\" class=\"yoast-schema-graph\">{\"@context\":\"https:\\\/\\\/schema.org\",\"@graph\":[{\"@type\":\"Article\",\"@id\":\"https:\\\/\\\/www.pack-verde.com\\\/blog\\\/ch-de\\\/verpackungsratgeber\\\/nachhaltigkeitspartnerschaft-quellmed-x-packverde\\\/#article\",\"isPartOf\":{\"@id\":\"https:\\\/\\\/www.pack-verde.com\\\/blog\\\/ch-de\\\/verpackungsratgeber\\\/nachhaltigkeitspartnerschaft-quellmed-x-packverde\\\/\"},\"author\":{\"name\":\"m.kuecuek\",\"@id\":\"https:\\\/\\\/www.pack-verde.com\\\/blog\\\/ch-de\\\/#\\\/schema\\\/person\\\/5cbcb261f6058158585083f252c0c5b9\"},\"headline\":\"Nachhaltigkeitspartnerschaft Quellmed X packVerde\",\"datePublished\":\"2025-05-27T14:13:07+00:00\",\"dateModified\":\"2025-08-21T08:34:38+00:00\",\"mainEntityOfPage\":{\"@id\":\"https:\\\/\\\/www.pack-verde.com\\\/blog\\\/ch-de\\\/verpackungsratgeber\\\/nachhaltigkeitspartnerschaft-quellmed-x-packverde\\\/\"},\"wordCount\":1004,\"commentCount\":0,\"publisher\":{\"@id\":\"https:\\\/\\\/www.pack-verde.com\\\/blog\\\/ch-de\\\/#organization\"},\"image\":{\"@id\":\"https:\\\/\\\/www.pack-verde.com\\\/blog\\\/ch-de\\\/verpackungsratgeber\\\/nachhaltigkeitspartnerschaft-quellmed-x-packverde\\\/#primaryimage\"},\"thumbnailUrl\":\"https:\\\/\\\/www.pack-verde.com\\\/blog\\\/wp-content\\\/uploads\\\/2025\\\/05\\\/Gold-Edition.jpeg\",\"keywords\":[\"kooperation\",\"kosmetik\",\"nachhaltigkeit\",\"partnerschaft\",\"skincare\"],\"articleSection\":[\"Verpackungsratgeber\"],\"inLanguage\":\"de-CH\",\"potentialAction\":[{\"@type\":\"CommentAction\",\"name\":\"Comment\",\"target\":[\"https:\\\/\\\/www.pack-verde.com\\\/blog\\\/ch-de\\\/verpackungsratgeber\\\/nachhaltigkeitspartnerschaft-quellmed-x-packverde\\\/#respond\"]}]},{\"@type\":\"WebPage\",\"@id\":\"https:\\\/\\\/www.pack-verde.com\\\/blog\\\/ch-de\\\/verpackungsratgeber\\\/nachhaltigkeitspartnerschaft-quellmed-x-packverde\\\/\",\"url\":\"https:\\\/\\\/www.pack-verde.com\\\/blog\\\/ch-de\\\/verpackungsratgeber\\\/nachhaltigkeitspartnerschaft-quellmed-x-packverde\\\/\",\"name\":\"Nachhaltigkeitspartnerschaft Quellmed X packVerde -\",\"isPartOf\":{\"@id\":\"https:\\\/\\\/www.pack-verde.com\\\/blog\\\/ch-de\\\/#website\"},\"primaryImageOfPage\":{\"@id\":\"https:\\\/\\\/www.pack-verde.com\\\/blog\\\/ch-de\\\/verpackungsratgeber\\\/nachhaltigkeitspartnerschaft-quellmed-x-packverde\\\/#primaryimage\"},\"image\":{\"@id\":\"https:\\\/\\\/www.pack-verde.com\\\/blog\\\/ch-de\\\/verpackungsratgeber\\\/nachhaltigkeitspartnerschaft-quellmed-x-packverde\\\/#primaryimage\"},\"thumbnailUrl\":\"https:\\\/\\\/www.pack-verde.com\\\/blog\\\/wp-content\\\/uploads\\\/2025\\\/05\\\/Gold-Edition.jpeg\",\"datePublished\":\"2025-05-27T14:13:07+00:00\",\"dateModified\":\"2025-08-21T08:34:38+00:00\",\"breadcrumb\":{\"@id\":\"https:\\\/\\\/www.pack-verde.com\\\/blog\\\/ch-de\\\/verpackungsratgeber\\\/nachhaltigkeitspartnerschaft-quellmed-x-packverde\\\/#breadcrumb\"},\"inLanguage\":\"de-CH\",\"potentialAction\":[{\"@type\":\"ReadAction\",\"target\":[\"https:\\\/\\\/www.pack-verde.com\\\/blog\\\/ch-de\\\/verpackungsratgeber\\\/nachhaltigkeitspartnerschaft-quellmed-x-packverde\\\/\"]}]},{\"@type\":\"ImageObject\",\"inLanguage\":\"de-CH\",\"@id\":\"https:\\\/\\\/www.pack-verde.com\\\/blog\\\/ch-de\\\/verpackungsratgeber\\\/nachhaltigkeitspartnerschaft-quellmed-x-packverde\\\/#primaryimage\",\"url\":\"https:\\\/\\\/www.pack-verde.com\\\/blog\\\/wp-content\\\/uploads\\\/2025\\\/05\\\/Gold-Edition.jpeg\",\"contentUrl\":\"https:\\\/\\\/www.pack-verde.com\\\/blog\\\/wp-content\\\/uploads\\\/2025\\\/05\\\/Gold-Edition.jpeg\",\"width\":2048,\"height\":1535,\"caption\":\"Kooperatiospartner Quellmed\"},{\"@type\":\"BreadcrumbList\",\"@id\":\"https:\\\/\\\/www.pack-verde.com\\\/blog\\\/ch-de\\\/verpackungsratgeber\\\/nachhaltigkeitspartnerschaft-quellmed-x-packverde\\\/#breadcrumb\",\"itemListElement\":[{\"@type\":\"ListItem\",\"position\":1,\"name\":\"Startseite\",\"item\":\"https:\\\/\\\/www.pack-verde.com\\\/blog\\\/ch-de\\\/\"},{\"@type\":\"ListItem\",\"position\":2,\"name\":\"Nachhaltigkeitspartnerschaft Quellmed X packVerde\"}]},{\"@type\":\"WebSite\",\"@id\":\"https:\\\/\\\/www.pack-verde.com\\\/blog\\\/ch-de\\\/#website\",\"url\":\"https:\\\/\\\/www.pack-verde.com\\\/blog\\\/ch-de\\\/\",\"name\":\"packVerde\",\"description\":\"achtsam verpackt\",\"publisher\":{\"@id\":\"https:\\\/\\\/www.pack-verde.com\\\/blog\\\/ch-de\\\/#organization\"},\"potentialAction\":[{\"@type\":\"SearchAction\",\"target\":{\"@type\":\"EntryPoint\",\"urlTemplate\":\"https:\\\/\\\/www.pack-verde.com\\\/blog\\\/ch-de\\\/?s={search_term_string}\"},\"query-input\":{\"@type\":\"PropertyValueSpecification\",\"valueRequired\":true,\"valueName\":\"search_term_string\"}}],\"inLanguage\":\"de-CH\"},{\"@type\":\"Organization\",\"@id\":\"https:\\\/\\\/www.pack-verde.com\\\/blog\\\/ch-de\\\/#organization\",\"name\":\"packVerde Blog\",\"url\":\"https:\\\/\\\/www.pack-verde.com\\\/blog\\\/ch-de\\\/\",\"logo\":{\"@type\":\"ImageObject\",\"inLanguage\":\"de-CH\",\"@id\":\"https:\\\/\\\/www.pack-verde.com\\\/blog\\\/ch-de\\\/#\\\/schema\\\/logo\\\/image\\\/\",\"url\":\"https:\\\/\\\/www.pack-verde.com\\\/blog\\\/wp-content\\\/uploads\\\/2021\\\/03\\\/packVerde-logo-150w.png\",\"contentUrl\":\"https:\\\/\\\/www.pack-verde.com\\\/blog\\\/wp-content\\\/uploads\\\/2021\\\/03\\\/packVerde-logo-150w.png\",\"width\":150,\"height\":90,\"caption\":\"packVerde Blog\"},\"image\":{\"@id\":\"https:\\\/\\\/www.pack-verde.com\\\/blog\\\/ch-de\\\/#\\\/schema\\\/logo\\\/image\\\/\"},\"sameAs\":[\"https:\\\/\\\/www.facebook.com\\\/packVerdeVerpackungen\",\"https:\\\/\\\/www.linkedin.com\\\/company\\\/packverde\\\/\"]},{\"@type\":\"Person\",\"@id\":\"https:\\\/\\\/www.pack-verde.com\\\/blog\\\/ch-de\\\/#\\\/schema\\\/person\\\/5cbcb261f6058158585083f252c0c5b9\",\"name\":\"m.kuecuek\",\"image\":{\"@type\":\"ImageObject\",\"inLanguage\":\"de-CH\",\"@id\":\"https:\\\/\\\/secure.gravatar.com\\\/avatar\\\/ff96deba25fe7a9a09beb0409fa293d5d5f92d6cea10caedfd6e82a8c4010122?s=96&d=mm&r=g\",\"url\":\"https:\\\/\\\/secure.gravatar.com\\\/avatar\\\/ff96deba25fe7a9a09beb0409fa293d5d5f92d6cea10caedfd6e82a8c4010122?s=96&d=mm&r=g\",\"contentUrl\":\"https:\\\/\\\/secure.gravatar.com\\\/avatar\\\/ff96deba25fe7a9a09beb0409fa293d5d5f92d6cea10caedfd6e82a8c4010122?s=96&d=mm&r=g\",\"caption\":\"m.kuecuek\"}}]}<\/script>\n<!-- \/ Yoast SEO plugin. -->","yoast_head_json":{"title":"Nachhaltigkeitspartnerschaft Quellmed X packVerde -","robots":{"index":"index","follow":"follow","max-snippet":"max-snippet:-1","max-image-preview":"max-image-preview:large","max-video-preview":"max-video-preview:-1"},"canonical":"https:\/\/www.pack-verde.com\/blog\/ch-de\/verpackungsratgeber\/nachhaltigkeitspartnerschaft-quellmed-x-packverde\/","og_locale":"de_DE","og_type":"article","og_title":"Nachhaltigkeitspartnerschaft Quellmed X packVerde -","og_description":"Was passiert, wenn eine nachhaltige Kosmetikmarke und ein Verpackungsspezialist mit einer gemeinsamen Mission f\u00fcr Umweltbewusstsein und Ressourcenschonung zusammenkommen? Es entsteht eine Partnerschaft, die mehr ist als ein Projekt \u2013 sie ist ein klares Bekenntnis zu nachhaltigem Handeln und langfristiger Verantwortung. \ud83c\udf3f Nat\u00fcrliche Sch\u00f6nheit \u2013 konsequent neu gedacht Die Marke Quellmed steht f\u00fcr zertifizierte Naturkosmetik, deren&hellip;","og_url":"https:\/\/www.pack-verde.com\/blog\/ch-de\/verpackungsratgeber\/nachhaltigkeitspartnerschaft-quellmed-x-packverde\/","og_site_name":"packVerde","article_publisher":"https:\/\/www.facebook.com\/packVerdeVerpackungen","article_published_time":"2025-05-27T14:13:07+00:00","article_modified_time":"2025-08-21T08:34:38+00:00","og_image":[{"width":2048,"height":1535,"url":"https:\/\/www.pack-verde.com\/blog\/wp-content\/uploads\/2025\/05\/Gold-Edition.jpeg","type":"image\/jpeg"}],"author":"m.kuecuek","twitter_card":"summary_large_image","twitter_misc":{"Geschrieben von":"m.kuecuek","Gesch\u00e4tzte Lesezeit":"5\u00a0Minuten"},"schema":{"@context":"https:\/\/schema.org","@graph":[{"@type":"Article","@id":"https:\/\/www.pack-verde.com\/blog\/ch-de\/verpackungsratgeber\/nachhaltigkeitspartnerschaft-quellmed-x-packverde\/#article","isPartOf":{"@id":"https:\/\/www.pack-verde.com\/blog\/ch-de\/verpackungsratgeber\/nachhaltigkeitspartnerschaft-quellmed-x-packverde\/"},"author":{"name":"m.kuecuek","@id":"https:\/\/www.pack-verde.com\/blog\/ch-de\/#\/schema\/person\/5cbcb261f6058158585083f252c0c5b9"},"headline":"Nachhaltigkeitspartnerschaft Quellmed X packVerde","datePublished":"2025-05-27T14:13:07+00:00","dateModified":"2025-08-21T08:34:38+00:00","mainEntityOfPage":{"@id":"https:\/\/www.pack-verde.com\/blog\/ch-de\/verpackungsratgeber\/nachhaltigkeitspartnerschaft-quellmed-x-packverde\/"},"wordCount":1004,"commentCount":0,"publisher":{"@id":"https:\/\/www.pack-verde.com\/blog\/ch-de\/#organization"},"image":{"@id":"https:\/\/www.pack-verde.com\/blog\/ch-de\/verpackungsratgeber\/nachhaltigkeitspartnerschaft-quellmed-x-packverde\/#primaryimage"},"thumbnailUrl":"https:\/\/www.pack-verde.com\/blog\/wp-content\/uploads\/2025\/05\/Gold-Edition.jpeg","keywords":["kooperation","kosmetik","nachhaltigkeit","partnerschaft","skincare"],"articleSection":["Verpackungsratgeber"],"inLanguage":"de-CH","potentialAction":[{"@type":"CommentAction","name":"Comment","target":["https:\/\/www.pack-verde.com\/blog\/ch-de\/verpackungsratgeber\/nachhaltigkeitspartnerschaft-quellmed-x-packverde\/#respond"]}]},{"@type":"WebPage","@id":"https:\/\/www.pack-verde.com\/blog\/ch-de\/verpackungsratgeber\/nachhaltigkeitspartnerschaft-quellmed-x-packverde\/","url":"https:\/\/www.pack-verde.com\/blog\/ch-de\/verpackungsratgeber\/nachhaltigkeitspartnerschaft-quellmed-x-packverde\/","name":"Nachhaltigkeitspartnerschaft Quellmed X packVerde -","isPartOf":{"@id":"https:\/\/www.pack-verde.com\/blog\/ch-de\/#website"},"primaryImageOfPage":{"@id":"https:\/\/www.pack-verde.com\/blog\/ch-de\/verpackungsratgeber\/nachhaltigkeitspartnerschaft-quellmed-x-packverde\/#primaryimage"},"image":{"@id":"https:\/\/www.pack-verde.com\/blog\/ch-de\/verpackungsratgeber\/nachhaltigkeitspartnerschaft-quellmed-x-packverde\/#primaryimage"},"thumbnailUrl":"https:\/\/www.pack-verde.com\/blog\/wp-content\/uploads\/2025\/05\/Gold-Edition.jpeg","datePublished":"2025-05-27T14:13:07+00:00","dateModified":"2025-08-21T08:34:38+00:00","breadcrumb":{"@id":"https:\/\/www.pack-verde.com\/blog\/ch-de\/verpackungsratgeber\/nachhaltigkeitspartnerschaft-quellmed-x-packverde\/#breadcrumb"},"inLanguage":"de-CH","potentialAction":[{"@type":"ReadAction","target":["https:\/\/www.pack-verde.com\/blog\/ch-de\/verpackungsratgeber\/nachhaltigkeitspartnerschaft-quellmed-x-packverde\/"]}]},{"@type":"ImageObject","inLanguage":"de-CH","@id":"https:\/\/www.pack-verde.com\/blog\/ch-de\/verpackungsratgeber\/nachhaltigkeitspartnerschaft-quellmed-x-packverde\/#primaryimage","url":"https:\/\/www.pack-verde.com\/blog\/wp-content\/uploads\/2025\/05\/Gold-Edition.jpeg","contentUrl":"https:\/\/www.pack-verde.com\/blog\/wp-content\/uploads\/2025\/05\/Gold-Edition.jpeg","width":2048,"height":1535,"caption":"Kooperatiospartner Quellmed"},{"@type":"BreadcrumbList","@id":"https:\/\/www.pack-verde.com\/blog\/ch-de\/verpackungsratgeber\/nachhaltigkeitspartnerschaft-quellmed-x-packverde\/#breadcrumb","itemListElement":[{"@type":"ListItem","position":1,"name":"Startseite","item":"https:\/\/www.pack-verde.com\/blog\/ch-de\/"},{"@type":"ListItem","position":2,"name":"Nachhaltigkeitspartnerschaft Quellmed X packVerde"}]},{"@type":"WebSite","@id":"https:\/\/www.pack-verde.com\/blog\/ch-de\/#website","url":"https:\/\/www.pack-verde.com\/blog\/ch-de\/","name":"packVerde","description":"achtsam verpackt","publisher":{"@id":"https:\/\/www.pack-verde.com\/blog\/ch-de\/#organization"},"potentialAction":[{"@type":"SearchAction","target":{"@type":"EntryPoint","urlTemplate":"https:\/\/www.pack-verde.com\/blog\/ch-de\/?s={search_term_string}"},"query-input":{"@type":"PropertyValueSpecification","valueRequired":true,"valueName":"search_term_string"}}],"inLanguage":"de-CH"},{"@type":"Organization","@id":"https:\/\/www.pack-verde.com\/blog\/ch-de\/#organization","name":"packVerde Blog","url":"https:\/\/www.pack-verde.com\/blog\/ch-de\/","logo":{"@type":"ImageObject","inLanguage":"de-CH","@id":"https:\/\/www.pack-verde.com\/blog\/ch-de\/#\/schema\/logo\/image\/","url":"https:\/\/www.pack-verde.com\/blog\/wp-content\/uploads\/2021\/03\/packVerde-logo-150w.png","contentUrl":"https:\/\/www.pack-verde.com\/blog\/wp-content\/uploads\/2021\/03\/packVerde-logo-150w.png","width":150,"height":90,"caption":"packVerde Blog"},"image":{"@id":"https:\/\/www.pack-verde.com\/blog\/ch-de\/#\/schema\/logo\/image\/"},"sameAs":["https:\/\/www.facebook.com\/packVerdeVerpackungen","https:\/\/www.linkedin.com\/company\/packverde\/"]},{"@type":"Person","@id":"https:\/\/www.pack-verde.com\/blog\/ch-de\/#\/schema\/person\/5cbcb261f6058158585083f252c0c5b9","name":"m.kuecuek","image":{"@type":"ImageObject","inLanguage":"de-CH","@id":"https:\/\/secure.gravatar.com\/avatar\/ff96deba25fe7a9a09beb0409fa293d5d5f92d6cea10caedfd6e82a8c4010122?s=96&d=mm&r=g","url":"https:\/\/secure.gravatar.com\/avatar\/ff96deba25fe7a9a09beb0409fa293d5d5f92d6cea10caedfd6e82a8c4010122?s=96&d=mm&r=g","contentUrl":"https:\/\/secure.gravatar.com\/avatar\/ff96deba25fe7a9a09beb0409fa293d5d5f92d6cea10caedfd6e82a8c4010122?s=96&d=mm&r=g","caption":"m.kuecuek"}}]}},"magento_index":false,"_links":{"self":[{"href":"https:\/\/www.pack-verde.com\/blog\/ch-de\/wp-json\/wp\/v2\/posts\/19321","targetHints":{"allow":["GET"]}}],"collection":[{"href":"https:\/\/www.pack-verde.com\/blog\/ch-de\/wp-json\/wp\/v2\/posts"}],"about":[{"href":"https:\/\/www.pack-verde.com\/blog\/ch-de\/wp-json\/wp\/v2\/types\/post"}],"author":[{"embeddable":true,"href":"https:\/\/www.pack-verde.com\/blog\/ch-de\/wp-json\/wp\/v2\/users\/17"}],"replies":[{"embeddable":true,"href":"https:\/\/www.pack-verde.com\/blog\/ch-de\/wp-json\/wp\/v2\/comments?post=19321"}],"version-history":[{"count":3,"href":"https:\/\/www.pack-verde.com\/blog\/ch-de\/wp-json\/wp\/v2\/posts\/19321\/revisions"}],"predecessor-version":[{"id":19324,"href":"https:\/\/www.pack-verde.com\/blog\/ch-de\/wp-json\/wp\/v2\/posts\/19321\/revisions\/19324"}],"wp:featuredmedia":[{"embeddable":true,"href":"https:\/\/www.pack-verde.com\/blog\/ch-de\/wp-json\/wp\/v2\/media\/19285"}],"wp:attachment":[{"href":"https:\/\/www.pack-verde.com\/blog\/ch-de\/wp-json\/wp\/v2\/media?parent=19321"}],"wp:term":[{"taxonomy":"category","embeddable":true,"href":"https:\/\/www.pack-verde.com\/blog\/ch-de\/wp-json\/wp\/v2\/categories?post=19321"},{"taxonomy":"post_tag","embeddable":true,"href":"https:\/\/www.pack-verde.com\/blog\/ch-de\/wp-json\/wp\/v2\/tags?post=19321"},{"taxonomy":"m2-product-id","embeddable":true,"href":"https:\/\/www.pack-verde.com\/blog\/ch-de\/wp-json\/wp\/v2\/m2-product-id?post=19321"}],"curies":[{"name":"wp","href":"https:\/\/api.w.org\/{rel}","templated":true}]}}