{"id":16531,"date":"2019-10-25T00:00:00","date_gmt":"2019-10-24T22:00:00","guid":{"rendered":"https:\/\/www.pack-verde.com\/blog\/allgemein\/nachhaltigkeit-bei-packverde\/"},"modified":"2021-07-19T11:39:56","modified_gmt":"2021-07-19T09:39:56","slug":"nachhaltigkeit-bei-packverde","status":"publish","type":"post","link":"https:\/\/www.pack-verde.com\/blog\/de\/nachhaltigkeit\/nachhaltigkeit-bei-packverde\/","title":{"rendered":"Nachhaltigkeit bei packVerde"},"content":{"rendered":"<p>Wir bieten dem, der achtsam verpacken will einmal die passende Beratung<br \/>\nund echte Alternativen zu herk\u00f6mmlichen umweltbelastenden Verpackungen.<br \/>\nWir bieten die Sicherheit, dass alle PV-Produkte aus nachwachsenden<br \/>\nRohstoffen sind und schadstofffrei entsorgt oder recycelt werden k\u00f6nnen.<\/p>\n<ul>\n<li>Wir machen Verpacken nachhaltig<\/li>\n<li>packVerde garantiert nachhaltige Verpackungen &amp; gutes Gef\u00fchl<\/li>\n<li>packVerde so verpacken Sie mit gutem Gewissen<\/li>\n<li>packVerde so verpacken Sie mit gutem Gef\u00fchl<\/li>\n<li>Nachhaltig verpacken mit gutem Gef\u00fchl<\/li>\n<li>Wir sind die nachhaltige Alternative im Verpackungsmarkt<\/li>\n<\/ul>\n","protected":false},"excerpt":{"rendered":"<p>Wir bieten dem, der achtsam verpacken will einmal die passende Beratung und echte Alternativen zu herk\u00f6mmlichen umweltbelastenden Verpackungen. Wir bieten die Sicherheit, dass alle PV-Produkte aus nachwachsenden Rohstoffen sind und schadstofffrei entsorgt oder recycelt werden k\u00f6nnen. Wir machen Verpacken nachhaltig packVerde garantiert nachhaltige Verpackungen &amp; gutes Gef\u00fchl packVerde so verpacken Sie mit gutem Gewissen packVerde&hellip;<\/p>\n","protected":false},"author":7,"featured_media":16137,"comment_status":"open","ping_status":"open","sticky":false,"template":"","format":"standard","meta":{"footnotes":""},"categories":[99],"tags":[],"m2-product-id":[],"class_list":["post-16531","post","type-post","status-publish","format-standard","has-post-thumbnail","hentry","category-nachhaltigkeit","category-99","description-off"],"yoast_head":"<!-- This site is optimized with the Yoast SEO plugin v27.4 - https:\/\/yoast.com\/product\/yoast-seo-wordpress\/ -->\n<title>Nachhaltigkeit bei packVerde - packVerde<\/title>\n<meta name=\"robots\" content=\"index, follow, max-snippet:-1, max-image-preview:large, max-video-preview:-1\" \/>\n<link rel=\"canonical\" href=\"https:\/\/www.pack-verde.com\/blog\/de\/nachhaltigkeit-im-unternehmen\/nachhaltigkeit-bei-packverde\/\" \/>\n<meta property=\"og:locale\" content=\"de_DE\" \/>\n<meta property=\"og:type\" content=\"article\" \/>\n<meta property=\"og:title\" content=\"Nachhaltigkeit bei packVerde - packVerde\" \/>\n<meta property=\"og:description\" content=\"Wir bieten dem, der achtsam verpacken will einmal die passende Beratung und echte Alternativen zu herk\u00f6mmlichen umweltbelastenden Verpackungen. Wir bieten die Sicherheit, dass alle PV-Produkte aus nachwachsenden Rohstoffen sind und schadstofffrei entsorgt oder recycelt werden k\u00f6nnen. Wir machen Verpacken nachhaltig packVerde garantiert nachhaltige Verpackungen &amp; gutes Gef\u00fchl packVerde so verpacken Sie mit gutem Gewissen packVerde&hellip;\" \/>\n<meta property=\"og:url\" content=\"https:\/\/www.pack-verde.com\/blog\/de\/nachhaltigkeit-im-unternehmen\/nachhaltigkeit-bei-packverde\/\" \/>\n<meta property=\"og:site_name\" content=\"packVerde\" \/>\n<meta property=\"article:publisher\" content=\"https:\/\/www.facebook.com\/packVerdeVerpackungen\" \/>\n<meta property=\"article:published_time\" content=\"2019-10-24T22:00:00+00:00\" \/>\n<meta property=\"article:modified_time\" content=\"2021-07-19T09:39:56+00:00\" \/>\n<meta property=\"og:image\" content=\"https:\/\/www.pack-verde.com\/blog\/wp-content\/uploads\/2021\/07\/nachhaltigkeit-packverde.png\" \/>\n\t<meta property=\"og:image:width\" content=\"720\" \/>\n\t<meta property=\"og:image:height\" content=\"480\" \/>\n\t<meta property=\"og:image:type\" content=\"image\/png\" \/>\n<meta name=\"author\" content=\"Andreas M\u00fcller\" \/>\n<meta name=\"twitter:card\" content=\"summary_large_image\" \/>\n<meta name=\"twitter:label1\" content=\"Verfasst von\" \/>\n\t<meta name=\"twitter:data1\" content=\"Andreas M\u00fcller\" \/>\n\t<meta name=\"twitter:label2\" content=\"Gesch\u00e4tzte Lesezeit\" \/>\n\t<meta name=\"twitter:data2\" content=\"1\u00a0Minute\" \/>\n<script type=\"application\/ld+json\" class=\"yoast-schema-graph\">{\"@context\":\"https:\\\/\\\/schema.org\",\"@graph\":[{\"@type\":\"Article\",\"@id\":\"https:\\\/\\\/www.pack-verde.com\\\/blog\\\/de\\\/nachhaltigkeit-im-unternehmen\\\/nachhaltigkeit-bei-packverde\\\/#article\",\"isPartOf\":{\"@id\":\"https:\\\/\\\/www.pack-verde.com\\\/blog\\\/de\\\/nachhaltigkeit\\\/nachhaltigkeit-bei-packverde\\\/\"},\"author\":{\"name\":\"Andreas M\u00fcller\",\"@id\":\"https:\\\/\\\/www.pack-verde.com\\\/blog\\\/ch-de\\\/#\\\/schema\\\/person\\\/10905245ae36fcc6dab8c5f4216929c4\"},\"headline\":\"Nachhaltigkeit bei packVerde\",\"datePublished\":\"2019-10-24T22:00:00+00:00\",\"dateModified\":\"2021-07-19T09:39:56+00:00\",\"mainEntityOfPage\":{\"@id\":\"https:\\\/\\\/www.pack-verde.com\\\/blog\\\/de\\\/nachhaltigkeit\\\/nachhaltigkeit-bei-packverde\\\/\"},\"wordCount\":81,\"commentCount\":0,\"publisher\":{\"@id\":\"https:\\\/\\\/www.pack-verde.com\\\/blog\\\/ch-de\\\/#organization\"},\"image\":{\"@id\":\"https:\\\/\\\/www.pack-verde.com\\\/blog\\\/de\\\/nachhaltigkeit-im-unternehmen\\\/nachhaltigkeit-bei-packverde\\\/#primaryimage\"},\"thumbnailUrl\":\"https:\\\/\\\/www.pack-verde.com\\\/blog\\\/wp-content\\\/uploads\\\/2021\\\/07\\\/nachhaltigkeit-packverde.png\",\"articleSection\":[\"Nachhaltigkeit\"],\"inLanguage\":\"de\",\"potentialAction\":[{\"@type\":\"CommentAction\",\"name\":\"Comment\",\"target\":[\"https:\\\/\\\/www.pack-verde.com\\\/blog\\\/de\\\/nachhaltigkeit-im-unternehmen\\\/nachhaltigkeit-bei-packverde\\\/#respond\"]}]},{\"@type\":\"WebPage\",\"@id\":\"https:\\\/\\\/www.pack-verde.com\\\/blog\\\/de\\\/nachhaltigkeit\\\/nachhaltigkeit-bei-packverde\\\/\",\"url\":\"https:\\\/\\\/www.pack-verde.com\\\/blog\\\/de\\\/nachhaltigkeit-im-unternehmen\\\/nachhaltigkeit-bei-packverde\\\/\",\"name\":\"Nachhaltigkeit bei packVerde - packVerde\",\"isPartOf\":{\"@id\":\"https:\\\/\\\/www.pack-verde.com\\\/blog\\\/ch-de\\\/#website\"},\"primaryImageOfPage\":{\"@id\":\"https:\\\/\\\/www.pack-verde.com\\\/blog\\\/de\\\/nachhaltigkeit-im-unternehmen\\\/nachhaltigkeit-bei-packverde\\\/#primaryimage\"},\"image\":{\"@id\":\"https:\\\/\\\/www.pack-verde.com\\\/blog\\\/de\\\/nachhaltigkeit-im-unternehmen\\\/nachhaltigkeit-bei-packverde\\\/#primaryimage\"},\"thumbnailUrl\":\"https:\\\/\\\/www.pack-verde.com\\\/blog\\\/wp-content\\\/uploads\\\/2021\\\/07\\\/nachhaltigkeit-packverde.png\",\"datePublished\":\"2019-10-24T22:00:00+00:00\",\"dateModified\":\"2021-07-19T09:39:56+00:00\",\"breadcrumb\":{\"@id\":\"https:\\\/\\\/www.pack-verde.com\\\/blog\\\/de\\\/nachhaltigkeit-im-unternehmen\\\/nachhaltigkeit-bei-packverde\\\/#breadcrumb\"},\"inLanguage\":\"de\",\"potentialAction\":[{\"@type\":\"ReadAction\",\"target\":[\"https:\\\/\\\/www.pack-verde.com\\\/blog\\\/de\\\/nachhaltigkeit-im-unternehmen\\\/nachhaltigkeit-bei-packverde\\\/\"]}]},{\"@type\":\"ImageObject\",\"inLanguage\":\"de\",\"@id\":\"https:\\\/\\\/www.pack-verde.com\\\/blog\\\/de\\\/nachhaltigkeit-im-unternehmen\\\/nachhaltigkeit-bei-packverde\\\/#primaryimage\",\"url\":\"https:\\\/\\\/www.pack-verde.com\\\/blog\\\/wp-content\\\/uploads\\\/2021\\\/07\\\/nachhaltigkeit-packverde.png\",\"contentUrl\":\"https:\\\/\\\/www.pack-verde.com\\\/blog\\\/wp-content\\\/uploads\\\/2021\\\/07\\\/nachhaltigkeit-packverde.png\",\"width\":720,\"height\":480,\"caption\":\"nachhaltigkeit packverde\"},{\"@type\":\"BreadcrumbList\",\"@id\":\"https:\\\/\\\/www.pack-verde.com\\\/blog\\\/de\\\/nachhaltigkeit-im-unternehmen\\\/nachhaltigkeit-bei-packverde\\\/#breadcrumb\",\"itemListElement\":[{\"@type\":\"ListItem\",\"position\":1,\"name\":\"Startseite\",\"item\":\"https:\\\/\\\/www.pack-verde.com\\\/blog\\\/de\\\/\"},{\"@type\":\"ListItem\",\"position\":2,\"name\":\"Nachhaltigkeit bei packVerde\"}]},{\"@type\":\"WebSite\",\"@id\":\"https:\\\/\\\/www.pack-verde.com\\\/blog\\\/ch-de\\\/#website\",\"url\":\"https:\\\/\\\/www.pack-verde.com\\\/blog\\\/ch-de\\\/\",\"name\":\"packVerde\",\"description\":\"achtsam verpackt\",\"publisher\":{\"@id\":\"https:\\\/\\\/www.pack-verde.com\\\/blog\\\/ch-de\\\/#organization\"},\"potentialAction\":[{\"@type\":\"SearchAction\",\"target\":{\"@type\":\"EntryPoint\",\"urlTemplate\":\"https:\\\/\\\/www.pack-verde.com\\\/blog\\\/ch-de\\\/?s={search_term_string}\"},\"query-input\":{\"@type\":\"PropertyValueSpecification\",\"valueRequired\":true,\"valueName\":\"search_term_string\"}}],\"inLanguage\":\"de\"},{\"@type\":\"Organization\",\"@id\":\"https:\\\/\\\/www.pack-verde.com\\\/blog\\\/ch-de\\\/#organization\",\"name\":\"packVerde Blog\",\"url\":\"https:\\\/\\\/www.pack-verde.com\\\/blog\\\/ch-de\\\/\",\"logo\":{\"@type\":\"ImageObject\",\"inLanguage\":\"de\",\"@id\":\"https:\\\/\\\/www.pack-verde.com\\\/blog\\\/ch-de\\\/#\\\/schema\\\/logo\\\/image\\\/\",\"url\":\"https:\\\/\\\/www.pack-verde.com\\\/blog\\\/wp-content\\\/uploads\\\/2021\\\/03\\\/packVerde-logo-150w.png\",\"contentUrl\":\"https:\\\/\\\/www.pack-verde.com\\\/blog\\\/wp-content\\\/uploads\\\/2021\\\/03\\\/packVerde-logo-150w.png\",\"width\":150,\"height\":90,\"caption\":\"packVerde Blog\"},\"image\":{\"@id\":\"https:\\\/\\\/www.pack-verde.com\\\/blog\\\/ch-de\\\/#\\\/schema\\\/logo\\\/image\\\/\"},\"sameAs\":[\"https:\\\/\\\/www.facebook.com\\\/packVerdeVerpackungen\",\"https:\\\/\\\/www.linkedin.com\\\/company\\\/packverde\\\/\"]},{\"@type\":\"Person\",\"@id\":\"https:\\\/\\\/www.pack-verde.com\\\/blog\\\/ch-de\\\/#\\\/schema\\\/person\\\/10905245ae36fcc6dab8c5f4216929c4\",\"name\":\"Andreas M\u00fcller\",\"image\":{\"@type\":\"ImageObject\",\"inLanguage\":\"de\",\"@id\":\"https:\\\/\\\/secure.gravatar.com\\\/avatar\\\/541f778ee667975c0ba1747a69b15f0e000df6bfad80139825efdd6c0bec2b05?s=96&d=mm&r=g\",\"url\":\"https:\\\/\\\/secure.gravatar.com\\\/avatar\\\/541f778ee667975c0ba1747a69b15f0e000df6bfad80139825efdd6c0bec2b05?s=96&d=mm&r=g\",\"contentUrl\":\"https:\\\/\\\/secure.gravatar.com\\\/avatar\\\/541f778ee667975c0ba1747a69b15f0e000df6bfad80139825efdd6c0bec2b05?s=96&d=mm&r=g\",\"caption\":\"Andreas M\u00fcller\"}}]}<\/script>\n<!-- \/ Yoast SEO plugin. -->","yoast_head_json":{"title":"Nachhaltigkeit bei packVerde - packVerde","robots":{"index":"index","follow":"follow","max-snippet":"max-snippet:-1","max-image-preview":"max-image-preview:large","max-video-preview":"max-video-preview:-1"},"canonical":"https:\/\/www.pack-verde.com\/blog\/de\/nachhaltigkeit-im-unternehmen\/nachhaltigkeit-bei-packverde\/","og_locale":"de_DE","og_type":"article","og_title":"Nachhaltigkeit bei packVerde - packVerde","og_description":"Wir bieten dem, der achtsam verpacken will einmal die passende Beratung und echte Alternativen zu herk\u00f6mmlichen umweltbelastenden Verpackungen. Wir bieten die Sicherheit, dass alle PV-Produkte aus nachwachsenden Rohstoffen sind und schadstofffrei entsorgt oder recycelt werden k\u00f6nnen. Wir machen Verpacken nachhaltig packVerde garantiert nachhaltige Verpackungen &amp; gutes Gef\u00fchl packVerde so verpacken Sie mit gutem Gewissen packVerde&hellip;","og_url":"https:\/\/www.pack-verde.com\/blog\/de\/nachhaltigkeit-im-unternehmen\/nachhaltigkeit-bei-packverde\/","og_site_name":"packVerde","article_publisher":"https:\/\/www.facebook.com\/packVerdeVerpackungen","article_published_time":"2019-10-24T22:00:00+00:00","article_modified_time":"2021-07-19T09:39:56+00:00","og_image":[{"width":720,"height":480,"url":"https:\/\/www.pack-verde.com\/blog\/wp-content\/uploads\/2021\/07\/nachhaltigkeit-packverde.png","type":"image\/png"}],"author":"Andreas M\u00fcller","twitter_card":"summary_large_image","twitter_misc":{"Verfasst von":"Andreas M\u00fcller","Gesch\u00e4tzte Lesezeit":"1\u00a0Minute"},"schema":{"@context":"https:\/\/schema.org","@graph":[{"@type":"Article","@id":"https:\/\/www.pack-verde.com\/blog\/de\/nachhaltigkeit-im-unternehmen\/nachhaltigkeit-bei-packverde\/#article","isPartOf":{"@id":"https:\/\/www.pack-verde.com\/blog\/de\/nachhaltigkeit\/nachhaltigkeit-bei-packverde\/"},"author":{"name":"Andreas M\u00fcller","@id":"https:\/\/www.pack-verde.com\/blog\/ch-de\/#\/schema\/person\/10905245ae36fcc6dab8c5f4216929c4"},"headline":"Nachhaltigkeit bei packVerde","datePublished":"2019-10-24T22:00:00+00:00","dateModified":"2021-07-19T09:39:56+00:00","mainEntityOfPage":{"@id":"https:\/\/www.pack-verde.com\/blog\/de\/nachhaltigkeit\/nachhaltigkeit-bei-packverde\/"},"wordCount":81,"commentCount":0,"publisher":{"@id":"https:\/\/www.pack-verde.com\/blog\/ch-de\/#organization"},"image":{"@id":"https:\/\/www.pack-verde.com\/blog\/de\/nachhaltigkeit-im-unternehmen\/nachhaltigkeit-bei-packverde\/#primaryimage"},"thumbnailUrl":"https:\/\/www.pack-verde.com\/blog\/wp-content\/uploads\/2021\/07\/nachhaltigkeit-packverde.png","articleSection":["Nachhaltigkeit"],"inLanguage":"de","potentialAction":[{"@type":"CommentAction","name":"Comment","target":["https:\/\/www.pack-verde.com\/blog\/de\/nachhaltigkeit-im-unternehmen\/nachhaltigkeit-bei-packverde\/#respond"]}]},{"@type":"WebPage","@id":"https:\/\/www.pack-verde.com\/blog\/de\/nachhaltigkeit\/nachhaltigkeit-bei-packverde\/","url":"https:\/\/www.pack-verde.com\/blog\/de\/nachhaltigkeit-im-unternehmen\/nachhaltigkeit-bei-packverde\/","name":"Nachhaltigkeit bei packVerde - packVerde","isPartOf":{"@id":"https:\/\/www.pack-verde.com\/blog\/ch-de\/#website"},"primaryImageOfPage":{"@id":"https:\/\/www.pack-verde.com\/blog\/de\/nachhaltigkeit-im-unternehmen\/nachhaltigkeit-bei-packverde\/#primaryimage"},"image":{"@id":"https:\/\/www.pack-verde.com\/blog\/de\/nachhaltigkeit-im-unternehmen\/nachhaltigkeit-bei-packverde\/#primaryimage"},"thumbnailUrl":"https:\/\/www.pack-verde.com\/blog\/wp-content\/uploads\/2021\/07\/nachhaltigkeit-packverde.png","datePublished":"2019-10-24T22:00:00+00:00","dateModified":"2021-07-19T09:39:56+00:00","breadcrumb":{"@id":"https:\/\/www.pack-verde.com\/blog\/de\/nachhaltigkeit-im-unternehmen\/nachhaltigkeit-bei-packverde\/#breadcrumb"},"inLanguage":"de","potentialAction":[{"@type":"ReadAction","target":["https:\/\/www.pack-verde.com\/blog\/de\/nachhaltigkeit-im-unternehmen\/nachhaltigkeit-bei-packverde\/"]}]},{"@type":"ImageObject","inLanguage":"de","@id":"https:\/\/www.pack-verde.com\/blog\/de\/nachhaltigkeit-im-unternehmen\/nachhaltigkeit-bei-packverde\/#primaryimage","url":"https:\/\/www.pack-verde.com\/blog\/wp-content\/uploads\/2021\/07\/nachhaltigkeit-packverde.png","contentUrl":"https:\/\/www.pack-verde.com\/blog\/wp-content\/uploads\/2021\/07\/nachhaltigkeit-packverde.png","width":720,"height":480,"caption":"nachhaltigkeit packverde"},{"@type":"BreadcrumbList","@id":"https:\/\/www.pack-verde.com\/blog\/de\/nachhaltigkeit-im-unternehmen\/nachhaltigkeit-bei-packverde\/#breadcrumb","itemListElement":[{"@type":"ListItem","position":1,"name":"Startseite","item":"https:\/\/www.pack-verde.com\/blog\/de\/"},{"@type":"ListItem","position":2,"name":"Nachhaltigkeit bei packVerde"}]},{"@type":"WebSite","@id":"https:\/\/www.pack-verde.com\/blog\/ch-de\/#website","url":"https:\/\/www.pack-verde.com\/blog\/ch-de\/","name":"packVerde","description":"achtsam verpackt","publisher":{"@id":"https:\/\/www.pack-verde.com\/blog\/ch-de\/#organization"},"potentialAction":[{"@type":"SearchAction","target":{"@type":"EntryPoint","urlTemplate":"https:\/\/www.pack-verde.com\/blog\/ch-de\/?s={search_term_string}"},"query-input":{"@type":"PropertyValueSpecification","valueRequired":true,"valueName":"search_term_string"}}],"inLanguage":"de"},{"@type":"Organization","@id":"https:\/\/www.pack-verde.com\/blog\/ch-de\/#organization","name":"packVerde Blog","url":"https:\/\/www.pack-verde.com\/blog\/ch-de\/","logo":{"@type":"ImageObject","inLanguage":"de","@id":"https:\/\/www.pack-verde.com\/blog\/ch-de\/#\/schema\/logo\/image\/","url":"https:\/\/www.pack-verde.com\/blog\/wp-content\/uploads\/2021\/03\/packVerde-logo-150w.png","contentUrl":"https:\/\/www.pack-verde.com\/blog\/wp-content\/uploads\/2021\/03\/packVerde-logo-150w.png","width":150,"height":90,"caption":"packVerde Blog"},"image":{"@id":"https:\/\/www.pack-verde.com\/blog\/ch-de\/#\/schema\/logo\/image\/"},"sameAs":["https:\/\/www.facebook.com\/packVerdeVerpackungen","https:\/\/www.linkedin.com\/company\/packverde\/"]},{"@type":"Person","@id":"https:\/\/www.pack-verde.com\/blog\/ch-de\/#\/schema\/person\/10905245ae36fcc6dab8c5f4216929c4","name":"Andreas M\u00fcller","image":{"@type":"ImageObject","inLanguage":"de","@id":"https:\/\/secure.gravatar.com\/avatar\/541f778ee667975c0ba1747a69b15f0e000df6bfad80139825efdd6c0bec2b05?s=96&d=mm&r=g","url":"https:\/\/secure.gravatar.com\/avatar\/541f778ee667975c0ba1747a69b15f0e000df6bfad80139825efdd6c0bec2b05?s=96&d=mm&r=g","contentUrl":"https:\/\/secure.gravatar.com\/avatar\/541f778ee667975c0ba1747a69b15f0e000df6bfad80139825efdd6c0bec2b05?s=96&d=mm&r=g","caption":"Andreas M\u00fcller"}}]}},"magento_index":false,"_links":{"self":[{"href":"https:\/\/www.pack-verde.com\/blog\/de\/wp-json\/wp\/v2\/posts\/16531","targetHints":{"allow":["GET"]}}],"collection":[{"href":"https:\/\/www.pack-verde.com\/blog\/de\/wp-json\/wp\/v2\/posts"}],"about":[{"href":"https:\/\/www.pack-verde.com\/blog\/de\/wp-json\/wp\/v2\/types\/post"}],"author":[{"embeddable":true,"href":"https:\/\/www.pack-verde.com\/blog\/de\/wp-json\/wp\/v2\/users\/7"}],"replies":[{"embeddable":true,"href":"https:\/\/www.pack-verde.com\/blog\/de\/wp-json\/wp\/v2\/comments?post=16531"}],"version-history":[{"count":1,"href":"https:\/\/www.pack-verde.com\/blog\/de\/wp-json\/wp\/v2\/posts\/16531\/revisions"}],"predecessor-version":[{"id":16749,"href":"https:\/\/www.pack-verde.com\/blog\/de\/wp-json\/wp\/v2\/posts\/16531\/revisions\/16749"}],"wp:featuredmedia":[{"embeddable":true,"href":"https:\/\/www.pack-verde.com\/blog\/de\/wp-json\/wp\/v2\/media\/16137"}],"wp:attachment":[{"href":"https:\/\/www.pack-verde.com\/blog\/de\/wp-json\/wp\/v2\/media?parent=16531"}],"wp:term":[{"taxonomy":"category","embeddable":true,"href":"https:\/\/www.pack-verde.com\/blog\/de\/wp-json\/wp\/v2\/categories?post=16531"},{"taxonomy":"post_tag","embeddable":true,"href":"https:\/\/www.pack-verde.com\/blog\/de\/wp-json\/wp\/v2\/tags?post=16531"},{"taxonomy":"m2-product-id","embeddable":true,"href":"https:\/\/www.pack-verde.com\/blog\/de\/wp-json\/wp\/v2\/m2-product-id?post=16531"}],"curies":[{"name":"wp","href":"https:\/\/api.w.org\/{rel}","templated":true}]}}