{"id":16554,"date":"2021-04-22T00:00:00","date_gmt":"2021-04-21T22:00:00","guid":{"rendered":"https:\/\/www.pack-verde.com\/blog\/allgemein\/e-commerce-verpackungen-mit-umweltbewusstsein-fuer-den-onlinehandel\/"},"modified":"2024-02-06T13:45:23","modified_gmt":"2024-02-06T12:45:23","slug":"e-commerce-verpackungen-mit-umweltbewusstsein-fuer-den-onlinehandel","status":"publish","type":"post","link":"https:\/\/www.pack-verde.com\/blog\/de\/verpackungsratgeber\/e-commerce-verpackungen-mit-umweltbewusstsein-fuer-den-onlinehandel\/","title":{"rendered":"E-Commerce: Verpackungen mit Umweltbewusstsein f\u00fcr den Onlinehandel"},"content":{"rendered":"\n<p>Der Onlinehandel ist nicht mehr aus unserem Alltag wegzudenken. Im Internet kaufen und verkaufen wir alles \u2013 von Lebensmitteln \u00fcber Sachgeschenke bis hin zu allt\u00e4glichen Nutzgegenst\u00e4nden. 2020 hat der <strong>E-Commerce<\/strong> durch die Corona-Pandemie sogar einen erneuten Boom erlebt. Auch kleinere, lokale Gesch\u00e4fte haben ihre Online-Shops dieses Jahr auf- und ausgebaut. Dabei f\u00e4llt auch immer mehr Verpackungsmaterial an, die Produkte wollen schlie\u00dflich sicher verpackt und transportiert werden, damit sie unbesch\u00e4digt ankommen. Wie sollten Unternehmen<strong> <\/strong>mit der hohen Nachfrage im Hinblick auf die <strong>Umweltschutz-Thematik<\/strong> umgehen? Richtig: indem sie auf umweltfreundliche Verpackungsmaterialien umsteigen. Welche M\u00f6glichkeiten es f\u00fcr nachhaltige E-Commerce Verpackungen gibt, zeigen wir Ihnen.<\/p>\n\n\n\n<h2 class=\"wp-block-heading\">Die Materialwahl f\u00fcr nachhaltige E-Commerce-Verpackungen<\/h2>\n\n\n\n<p>Umweltfreundliche Verpackungen werden aus <strong>nachwachsenden Rohstoffen<\/strong> oder aus <strong>recycelten Materialien<\/strong> hergestellt und sind oftmals recyclingf\u00e4hig. Bei den Verpackungen stehen dabei Papier und Karton an oberster Stelle. Dicht gefolgt von Holz f\u00fcr gr\u00f6\u00dfere Warensendungen und F\u00fcllmaterialien aus Pflanzenst\u00e4rke. Als Nachweis \u00fcber die Nachhaltigkeit der Produkte dienen verschiedene <strong>Zertifizierungen<\/strong>. Ein Beispiel w\u00e4re die EN 13432, welche die Kompostierbarkeit eines Produkts bezeugt. packVerde ist au\u00dferdem PEFCTM- und FSC\u00ae-zertifiziert. Die beiden Zertifikate stehen f\u00fcr hohe \u00f6kologische, \u00f6konomische und soziale Standards. Mehr \u00fcber unser Verantwortungsbewusstsein und die aus dem Rohstoff Holz entstehenden Materialien k\u00f6nnen Sie auch in unserer Materialkunde Holz und Papier nachlesen!<\/p>\n\n\n<div class=\"wp-block-image\">\n<figure class=\"aligncenter size-large\"><img decoding=\"async\" src=\"https:\/\/www.pack-verde.com\/blog\/wp-content\/uploads\/2021\/07\/Kartton-finden_DB9.jpg\" alt=\"\" class=\"wp-image-1887\"\/><figcaption>Versandkarton f\u00fcr den E-Commerce mit praktischem \u00d6ffnungssystem.<\/figcaption><\/figure>\n<\/div>\n\n\n<p>Bei packVerde finden Sie unter anderem die folgenden Versandverpackungen aus nachhaltigen Materialien:<\/p>\n\n\n\n<ul class=\"wp-block-list\"><li> <a href=\"https:\/\/www.pack-verde.com\/de\/versandverpackungen\/kartons-und-schachteln\/versandkartons\/\" target=\"_blank\" rel=\"noreferrer noopener\">Versandkartons<\/a>, <a href=\"https:\/\/www.pack-verde.com\/de\/versandverpackungen\/kartons-und-schachteln\/buchverpackungen-und-wickelverpackungen\/\" target=\"_blank\" rel=\"noreferrer noopener\">Buchverpackungen<\/a>, <a href=\"https:\/\/www.pack-verde.com\/de\/versandverpackungen\/kartons-und-schachteln\/klappschachteln\/\" target=\"_blank\" rel=\"noreferrer noopener\">Klappschachteln<\/a>, flache <a href=\"https:\/\/www.pack-verde.com\/de\/versandverpackungen\/kartons-und-schachteln\/kalenderverpackungen-und-flache-kartons\/\" target=\"_blank\" rel=\"noreferrer noopener\">Kalenderverpackungen<\/a> und <a href=\"https:\/\/www.pack-verde.com\/de\/versandverpackungen\/versandtaschen\/\" target=\"_blank\" rel=\"noreferrer noopener\">Versandtaschen aus Papier und Karton<\/a> in allen m\u00f6glichen Formen und Gr\u00f6\u00dfen \u2013 f\u00fcr beinahe alle Bestellungen <\/li><li> <a href=\"https:\/\/www.pack-verde.com\/de\/versandverpackungen\/beutel-und-saecke\/beutel-und-saecke-aus-kraft-oder-recyclingpapier\/\" target=\"_blank\" rel=\"noreferrer noopener\">Beutel, <\/a>um auch bei vielen Kleinteilen f\u00fcr Ordnung im Paket zu sorgen <\/li><li> <a href=\"https:\/\/www.pack-verde.com\/de\/versandverpackungen\/fuellmaterial\/verpackungschips\/\" target=\"_blank\" rel=\"noreferrer noopener\">Verpackungschips aus nachhaltigen Materialien<\/a>, um Zwischenr\u00e4ume zu f\u00fcllen und die Waren zus\u00e4tzlich zu sch\u00fctzen <\/li><li> <a href=\"https:\/\/www.pack-verde.com\/de\/versandverpackungen\/papierklebebaender\/packbaender\/\" target=\"_blank\" rel=\"noreferrer noopener\">Papierklebeband<\/a> und <a href=\"https:\/\/www.pack-verde.com\/de\/versandverpackungen\/dokumententaschen-und-kennzeichnen\/lieferscheintaschen-aus-papier\/\" target=\"_blank\" rel=\"noreferrer noopener\">Lieferscheintaschen<\/a>, f\u00fcr die letzten Schritte vor dem Versand <\/li><li> <a href=\"https:\/\/www.pack-verde.com\/de\/versandverpackungen\/palettierung\/\" target=\"_blank\" rel=\"noreferrer noopener\">Paletten<\/a>, inklusive Zubeh\u00f6r, sowie <a href=\"https:\/\/www.pack-verde.com\/de\/versandverpackungen\/palettierung\/kantenschutz\/\" target=\"_blank\" rel=\"noreferrer noopener\">Kantenschutzwinke<\/a>l f\u00fcr besonders gro\u00dfe Lieferungen<\/li><\/ul>\n\n\n\n<h2 class=\"wp-block-heading\">Weitere Faktoren f\u00fcr bewusstes Verpacken im Onlinehandel<\/h2>\n\n\n\n<p>Zus\u00e4tzlich zur Wahl der Verpackungsmaterialien spielen noch weitere Faktoren mit in die Thematik des nachhaltigen Versands. Dabei geht es neben der \u00f6kologischen Nachhaltigkeit auch um den <strong>\u00f6konomischen Aspekt<\/strong> f\u00fcr Ihr Unternehmen! Schlie\u00dflich wollen Sie als H\u00e4ndler nicht nur Materialien, sondern auch Geld sparen! Und beides geht Hand in Hand. Wie, das erkl\u00e4ren wir hier.<\/p>\n\n\n\n<h3 class=\"wp-block-heading\">E-Commerce Verpackungen nach Ma\u00df &#8211; so sparen Sie Platz, Gewicht und Material<\/h3>\n\n\n\n<p>Wer kennt es nicht \u2013 ein kleines Produkt bestellt und einen riesigen Karton geliefert bekommen. Das k\u00f6nnen Sie als Unternehmen besser machen, indem Sie sich f\u00fcr <strong>passgenaue Versandverpackungen<\/strong> entscheiden. H\u00f6henvariable Versandschachteln und Buchverpackungen lassen sich durch <strong>praktische Rillungen<\/strong> genau so verschlie\u00dfen, dass Ihr Produkt fest eingepackt ist und nicht im Innenraum hin und her rutscht. So sparen Sie Platz und F\u00fcllmaterial, wodurch auch das Porto so g\u00fcnstig wie m\u00f6glich bleibt. Und Ihre Produkte sind au\u00dferdem sicher gesch\u00fctzt. Was will man mehr?<\/p>\n\n\n\n<h3 class=\"wp-block-heading\">Convenience-Verpackungen f\u00fcr einfache Handhabung<\/h3>\n\n\n\n<p><strong>Convenience-Verpackungen<\/strong> sind solche, die besonders einfach in der Handhabung sind \u2013 sowohl zum Einpacken als auch zum Auspacken und ggf. sogar f\u00fcr den R\u00fcckversand. Versandboxen und Versandtaschen mit <strong>doppeltem Selbstklebeverschluss<\/strong> helfen dabei, dass Sie Ihre Produkte blitzschnell sicher verpacken k\u00f6nnen. Die Empf\u00e4nger \u00f6ffnen die Verpackung dank des <strong>eingearbeiteten Aufrei\u00dffadens <\/strong>ebenso schnell. Zudem k\u00f6nnen sie denselben Versandkarton auch f\u00fcr eine m\u00f6gliche Retoure oder einen Zweitversand nutzen, da noch ein zweiter Klebestreifen integriert ist. Einfacher kann es kaum sein \u2013 und dabei auch noch umweltfreundlich! Hier ist neben der erfreulichen Zeitersparnis besonders das Einsparen von zus\u00e4tzlichen Klebematerialien ein gro\u00dfer Vorteil.<\/p>\n\n\n\n<h3 class=\"wp-block-heading\">Und wenn es doch mal mehr wird: Verpackungen aus Holz und F\u00fcllmaterial<\/h3>\n\n\n\n<p>Selbstverst\u00e4ndlich gibt es aber auch Waren, die sich nicht so leicht wie ein Buch oder ein Schuhkarton in einer ma\u00dfgenauen Versandverpackung verstauen lassen k\u00f6nnen. Sie sind entweder besonders klein, sehr gro\u00df oder haben schlicht und ergreifend eine ausgefallene Form. Die gute Nachricht: Auch hierf\u00fcr gibt es umweltfreundliche Versandoptionen! Neben den unterschiedlichen Optionen an <strong>F\u00fcllmaterialien<\/strong> und den Versandverpackungen f\u00fcr Paletten-Ware gibt es auch <strong>ausgefallenere Verpackungsm\u00f6glichkeiten<\/strong>. Nennenswerte Beispiele w\u00e4ren <a href=\"https:\/\/www.pack-verde.com\/de\/wellpapp-schlauch\" target=\"_blank\" rel=\"noreferrer noopener\">Wellpapp-Schl\u00e4uche<\/a> und <a href=\"https:\/\/www.pack-verde.com\/de\/packwell-wellpapphuelse-elastisch\" target=\"_blank\" rel=\"noreferrer noopener\">Wellpapp-H\u00fclsen<\/a> f\u00fcr runde, eckige und ganz ausgefallene Formen.<\/p>\n\n\n\n<h2 class=\"wp-block-heading\">Umweltschutz beginnt im E-Commerce bei der nachhaltigen Verpackung<\/h2>\n\n\n\n<p>Egal, ob kleines Start-Up, Familienunternehmen oder gro\u00dfer Konzern. Alle Onlineh\u00e4ndler k\u00f6nnen dank des vielf\u00e4ltigen Angebots ganz leicht auf <strong>nachhaltige Versandverpackungen<\/strong> umsteigen. Wenn Sie Tag f\u00fcr Tag sehr viel sehr schnell verpacken und versenden m\u00fcssen und die einzelnen Handgriffe dabei sitzen, ist ein <a href=\"https:\/\/www.pack-verde.com\/de\/themenshops\/nachhaltiger-packplatz\/\" target=\"_blank\" rel=\"noreferrer noopener\">nachhaltiger Packtisch<\/a> die beste L\u00f6sung. Damit tun Sie nicht nur unserem Planeten etwas Gutes und reduzieren gleichzeitig Ihre Versandkosten. Auch bei Ihren Kunden kommt die gr\u00fcne Verpackung positiv an. So leisten Sie also zeitgleich auch noch <strong>Image-Arbeit<\/strong>, von der wirklich alle profitieren. Bei weiteren Fragen k\u00f6nnen Sie sich gerne an unser Team wenden oder einfach durch den <a href=\"https:\/\/www.pack-verde.com\/de\" target=\"_blank\" rel=\"noreferrer noopener\">packVerde-Online-Shop<\/a> st\u00f6bern.<\/p>\n","protected":false},"excerpt":{"rendered":"<p>Der Onlinehandel ist nicht mehr aus unserem Alltag wegzudenken. Im Internet kaufen und verkaufen wir alles \u2013 von Lebensmitteln \u00fcber Sachgeschenke bis hin zu allt\u00e4glichen Nutzgegenst\u00e4nden. 2020 hat der E-Commerce durch die Corona-Pandemie sogar einen erneuten Boom erlebt. Auch kleinere, lokale Gesch\u00e4fte haben ihre Online-Shops dieses Jahr auf- und ausgebaut. Dabei f\u00e4llt auch immer mehr&hellip;<\/p>\n","protected":false},"author":7,"featured_media":17762,"comment_status":"open","ping_status":"open","sticky":false,"template":"","format":"standard","meta":{"footnotes":""},"categories":[100],"tags":[],"m2-product-id":[],"class_list":["post-16554","post","type-post","status-publish","format-standard","has-post-thumbnail","hentry","category-verpackungsratgeber","category-100","description-off"],"yoast_head":"<!-- This site is optimized with the Yoast SEO plugin v27.4 - https:\/\/yoast.com\/product\/yoast-seo-wordpress\/ -->\n<title>E-Commerce Verpackungen f\u00fcr Online-Shops | packVerde Blog<\/title>\n<meta name=\"description\" content=\"Umweltfreundliche E-Commerce Verpackungen f\u00fcr Ihren Onlinehandel \u25b6 nachhaltig \u2713 praktisch \u2713 sicher \u2713 B2B \u25b6 Jetzt mehr erfahren bei packVerde!\" \/>\n<meta name=\"robots\" content=\"index, follow, max-snippet:-1, max-image-preview:large, max-video-preview:-1\" \/>\n<link rel=\"canonical\" href=\"https:\/\/www.pack-verde.com\/blog\/de\/verpackungsratgeber\/e-commerce-verpackungen-mit-umweltbewusstsein-fuer-den-onlinehandel\/\" \/>\n<meta property=\"og:locale\" content=\"de_DE\" \/>\n<meta property=\"og:type\" content=\"article\" \/>\n<meta property=\"og:title\" content=\"E-Commerce Verpackungen f\u00fcr Online-Shops | packVerde Blog\" \/>\n<meta property=\"og:description\" content=\"Umweltfreundliche E-Commerce Verpackungen f\u00fcr Ihren Onlinehandel \u25b6 nachhaltig \u2713 praktisch \u2713 sicher \u2713 B2B \u25b6 Jetzt mehr erfahren bei packVerde!\" \/>\n<meta property=\"og:url\" content=\"https:\/\/www.pack-verde.com\/blog\/de\/verpackungsratgeber\/e-commerce-verpackungen-mit-umweltbewusstsein-fuer-den-onlinehandel\/\" \/>\n<meta property=\"og:site_name\" content=\"packVerde\" \/>\n<meta property=\"article:publisher\" content=\"https:\/\/www.facebook.com\/packVerdeVerpackungen\" \/>\n<meta property=\"article:published_time\" content=\"2021-04-21T22:00:00+00:00\" \/>\n<meta property=\"article:modified_time\" content=\"2024-02-06T12:45:23+00:00\" \/>\n<meta property=\"og:image\" content=\"https:\/\/www.pack-verde.com\/blog\/wp-content\/uploads\/2021\/04\/iStock_Frau_fotografiert_Kopie-1.jpg\" \/>\n\t<meta property=\"og:image:width\" content=\"450\" \/>\n\t<meta property=\"og:image:height\" content=\"300\" \/>\n\t<meta property=\"og:image:type\" content=\"image\/jpeg\" \/>\n<meta name=\"author\" content=\"Andreas M\u00fcller\" \/>\n<meta name=\"twitter:card\" content=\"summary_large_image\" \/>\n<meta name=\"twitter:label1\" content=\"Verfasst von\" \/>\n\t<meta name=\"twitter:data1\" content=\"Andreas M\u00fcller\" \/>\n\t<meta name=\"twitter:label2\" content=\"Gesch\u00e4tzte Lesezeit\" \/>\n\t<meta name=\"twitter:data2\" content=\"5\u00a0Minuten\" \/>\n<script type=\"application\/ld+json\" class=\"yoast-schema-graph\">{\"@context\":\"https:\\\/\\\/schema.org\",\"@graph\":[{\"@type\":\"Article\",\"@id\":\"https:\\\/\\\/www.pack-verde.com\\\/blog\\\/de\\\/verpackungsratgeber\\\/e-commerce-verpackungen-mit-umweltbewusstsein-fuer-den-onlinehandel\\\/#article\",\"isPartOf\":{\"@id\":\"https:\\\/\\\/www.pack-verde.com\\\/blog\\\/de\\\/verpackungsratgeber\\\/e-commerce-verpackungen-mit-umweltbewusstsein-fuer-den-onlinehandel\\\/\"},\"author\":{\"name\":\"Andreas M\u00fcller\",\"@id\":\"https:\\\/\\\/www.pack-verde.com\\\/blog\\\/ch-de\\\/#\\\/schema\\\/person\\\/10905245ae36fcc6dab8c5f4216929c4\"},\"headline\":\"E-Commerce: Verpackungen mit Umweltbewusstsein f\u00fcr den Onlinehandel\",\"datePublished\":\"2021-04-21T22:00:00+00:00\",\"dateModified\":\"2024-02-06T12:45:23+00:00\",\"mainEntityOfPage\":{\"@id\":\"https:\\\/\\\/www.pack-verde.com\\\/blog\\\/de\\\/verpackungsratgeber\\\/e-commerce-verpackungen-mit-umweltbewusstsein-fuer-den-onlinehandel\\\/\"},\"wordCount\":825,\"commentCount\":1,\"publisher\":{\"@id\":\"https:\\\/\\\/www.pack-verde.com\\\/blog\\\/ch-de\\\/#organization\"},\"image\":{\"@id\":\"https:\\\/\\\/www.pack-verde.com\\\/blog\\\/de\\\/verpackungsratgeber\\\/e-commerce-verpackungen-mit-umweltbewusstsein-fuer-den-onlinehandel\\\/#primaryimage\"},\"thumbnailUrl\":\"https:\\\/\\\/www.pack-verde.com\\\/blog\\\/wp-content\\\/uploads\\\/2021\\\/04\\\/iStock_Frau_fotografiert_Kopie-1.jpg\",\"articleSection\":[\"Verpackungsratgeber\"],\"inLanguage\":\"de\",\"potentialAction\":[{\"@type\":\"CommentAction\",\"name\":\"Comment\",\"target\":[\"https:\\\/\\\/www.pack-verde.com\\\/blog\\\/de\\\/verpackungsratgeber\\\/e-commerce-verpackungen-mit-umweltbewusstsein-fuer-den-onlinehandel\\\/#respond\"]}]},{\"@type\":\"WebPage\",\"@id\":\"https:\\\/\\\/www.pack-verde.com\\\/blog\\\/de\\\/verpackungsratgeber\\\/e-commerce-verpackungen-mit-umweltbewusstsein-fuer-den-onlinehandel\\\/\",\"url\":\"https:\\\/\\\/www.pack-verde.com\\\/blog\\\/de\\\/verpackungsratgeber\\\/e-commerce-verpackungen-mit-umweltbewusstsein-fuer-den-onlinehandel\\\/\",\"name\":\"E-Commerce Verpackungen f\u00fcr Online-Shops | packVerde Blog\",\"isPartOf\":{\"@id\":\"https:\\\/\\\/www.pack-verde.com\\\/blog\\\/ch-de\\\/#website\"},\"primaryImageOfPage\":{\"@id\":\"https:\\\/\\\/www.pack-verde.com\\\/blog\\\/de\\\/verpackungsratgeber\\\/e-commerce-verpackungen-mit-umweltbewusstsein-fuer-den-onlinehandel\\\/#primaryimage\"},\"image\":{\"@id\":\"https:\\\/\\\/www.pack-verde.com\\\/blog\\\/de\\\/verpackungsratgeber\\\/e-commerce-verpackungen-mit-umweltbewusstsein-fuer-den-onlinehandel\\\/#primaryimage\"},\"thumbnailUrl\":\"https:\\\/\\\/www.pack-verde.com\\\/blog\\\/wp-content\\\/uploads\\\/2021\\\/04\\\/iStock_Frau_fotografiert_Kopie-1.jpg\",\"datePublished\":\"2021-04-21T22:00:00+00:00\",\"dateModified\":\"2024-02-06T12:45:23+00:00\",\"description\":\"Umweltfreundliche E-Commerce Verpackungen f\u00fcr Ihren Onlinehandel \u25b6 nachhaltig \u2713 praktisch \u2713 sicher \u2713 B2B \u25b6 Jetzt mehr erfahren bei packVerde!\",\"breadcrumb\":{\"@id\":\"https:\\\/\\\/www.pack-verde.com\\\/blog\\\/de\\\/verpackungsratgeber\\\/e-commerce-verpackungen-mit-umweltbewusstsein-fuer-den-onlinehandel\\\/#breadcrumb\"},\"inLanguage\":\"de\",\"potentialAction\":[{\"@type\":\"ReadAction\",\"target\":[\"https:\\\/\\\/www.pack-verde.com\\\/blog\\\/de\\\/verpackungsratgeber\\\/e-commerce-verpackungen-mit-umweltbewusstsein-fuer-den-onlinehandel\\\/\"]}]},{\"@type\":\"ImageObject\",\"inLanguage\":\"de\",\"@id\":\"https:\\\/\\\/www.pack-verde.com\\\/blog\\\/de\\\/verpackungsratgeber\\\/e-commerce-verpackungen-mit-umweltbewusstsein-fuer-den-onlinehandel\\\/#primaryimage\",\"url\":\"https:\\\/\\\/www.pack-verde.com\\\/blog\\\/wp-content\\\/uploads\\\/2021\\\/04\\\/iStock_Frau_fotografiert_Kopie-1.jpg\",\"contentUrl\":\"https:\\\/\\\/www.pack-verde.com\\\/blog\\\/wp-content\\\/uploads\\\/2021\\\/04\\\/iStock_Frau_fotografiert_Kopie-1.jpg\",\"width\":450,\"height\":300,\"caption\":\"iStock Frau fotografiert Kopie 1\"},{\"@type\":\"BreadcrumbList\",\"@id\":\"https:\\\/\\\/www.pack-verde.com\\\/blog\\\/de\\\/verpackungsratgeber\\\/e-commerce-verpackungen-mit-umweltbewusstsein-fuer-den-onlinehandel\\\/#breadcrumb\",\"itemListElement\":[{\"@type\":\"ListItem\",\"position\":1,\"name\":\"Startseite\",\"item\":\"https:\\\/\\\/www.pack-verde.com\\\/blog\\\/de\\\/\"},{\"@type\":\"ListItem\",\"position\":2,\"name\":\"E-Commerce: Verpackungen mit Umweltbewusstsein f\u00fcr den Onlinehandel\"}]},{\"@type\":\"WebSite\",\"@id\":\"https:\\\/\\\/www.pack-verde.com\\\/blog\\\/ch-de\\\/#website\",\"url\":\"https:\\\/\\\/www.pack-verde.com\\\/blog\\\/ch-de\\\/\",\"name\":\"packVerde\",\"description\":\"achtsam verpackt\",\"publisher\":{\"@id\":\"https:\\\/\\\/www.pack-verde.com\\\/blog\\\/ch-de\\\/#organization\"},\"potentialAction\":[{\"@type\":\"SearchAction\",\"target\":{\"@type\":\"EntryPoint\",\"urlTemplate\":\"https:\\\/\\\/www.pack-verde.com\\\/blog\\\/ch-de\\\/?s={search_term_string}\"},\"query-input\":{\"@type\":\"PropertyValueSpecification\",\"valueRequired\":true,\"valueName\":\"search_term_string\"}}],\"inLanguage\":\"de\"},{\"@type\":\"Organization\",\"@id\":\"https:\\\/\\\/www.pack-verde.com\\\/blog\\\/ch-de\\\/#organization\",\"name\":\"packVerde Blog\",\"url\":\"https:\\\/\\\/www.pack-verde.com\\\/blog\\\/ch-de\\\/\",\"logo\":{\"@type\":\"ImageObject\",\"inLanguage\":\"de\",\"@id\":\"https:\\\/\\\/www.pack-verde.com\\\/blog\\\/ch-de\\\/#\\\/schema\\\/logo\\\/image\\\/\",\"url\":\"https:\\\/\\\/www.pack-verde.com\\\/blog\\\/wp-content\\\/uploads\\\/2021\\\/03\\\/packVerde-logo-150w.png\",\"contentUrl\":\"https:\\\/\\\/www.pack-verde.com\\\/blog\\\/wp-content\\\/uploads\\\/2021\\\/03\\\/packVerde-logo-150w.png\",\"width\":150,\"height\":90,\"caption\":\"packVerde Blog\"},\"image\":{\"@id\":\"https:\\\/\\\/www.pack-verde.com\\\/blog\\\/ch-de\\\/#\\\/schema\\\/logo\\\/image\\\/\"},\"sameAs\":[\"https:\\\/\\\/www.facebook.com\\\/packVerdeVerpackungen\",\"https:\\\/\\\/www.linkedin.com\\\/company\\\/packverde\\\/\"]},{\"@type\":\"Person\",\"@id\":\"https:\\\/\\\/www.pack-verde.com\\\/blog\\\/ch-de\\\/#\\\/schema\\\/person\\\/10905245ae36fcc6dab8c5f4216929c4\",\"name\":\"Andreas M\u00fcller\",\"image\":{\"@type\":\"ImageObject\",\"inLanguage\":\"de\",\"@id\":\"https:\\\/\\\/secure.gravatar.com\\\/avatar\\\/541f778ee667975c0ba1747a69b15f0e000df6bfad80139825efdd6c0bec2b05?s=96&d=mm&r=g\",\"url\":\"https:\\\/\\\/secure.gravatar.com\\\/avatar\\\/541f778ee667975c0ba1747a69b15f0e000df6bfad80139825efdd6c0bec2b05?s=96&d=mm&r=g\",\"contentUrl\":\"https:\\\/\\\/secure.gravatar.com\\\/avatar\\\/541f778ee667975c0ba1747a69b15f0e000df6bfad80139825efdd6c0bec2b05?s=96&d=mm&r=g\",\"caption\":\"Andreas M\u00fcller\"}}]}<\/script>\n<!-- \/ Yoast SEO plugin. -->","yoast_head_json":{"title":"E-Commerce Verpackungen f\u00fcr Online-Shops | packVerde Blog","description":"Umweltfreundliche E-Commerce Verpackungen f\u00fcr Ihren Onlinehandel \u25b6 nachhaltig \u2713 praktisch \u2713 sicher \u2713 B2B \u25b6 Jetzt mehr erfahren bei packVerde!","robots":{"index":"index","follow":"follow","max-snippet":"max-snippet:-1","max-image-preview":"max-image-preview:large","max-video-preview":"max-video-preview:-1"},"canonical":"https:\/\/www.pack-verde.com\/blog\/de\/verpackungsratgeber\/e-commerce-verpackungen-mit-umweltbewusstsein-fuer-den-onlinehandel\/","og_locale":"de_DE","og_type":"article","og_title":"E-Commerce Verpackungen f\u00fcr Online-Shops | packVerde Blog","og_description":"Umweltfreundliche E-Commerce Verpackungen f\u00fcr Ihren Onlinehandel \u25b6 nachhaltig \u2713 praktisch \u2713 sicher \u2713 B2B \u25b6 Jetzt mehr erfahren bei packVerde!","og_url":"https:\/\/www.pack-verde.com\/blog\/de\/verpackungsratgeber\/e-commerce-verpackungen-mit-umweltbewusstsein-fuer-den-onlinehandel\/","og_site_name":"packVerde","article_publisher":"https:\/\/www.facebook.com\/packVerdeVerpackungen","article_published_time":"2021-04-21T22:00:00+00:00","article_modified_time":"2024-02-06T12:45:23+00:00","og_image":[{"width":450,"height":300,"url":"https:\/\/www.pack-verde.com\/blog\/wp-content\/uploads\/2021\/04\/iStock_Frau_fotografiert_Kopie-1.jpg","type":"image\/jpeg"}],"author":"Andreas M\u00fcller","twitter_card":"summary_large_image","twitter_misc":{"Verfasst von":"Andreas M\u00fcller","Gesch\u00e4tzte Lesezeit":"5\u00a0Minuten"},"schema":{"@context":"https:\/\/schema.org","@graph":[{"@type":"Article","@id":"https:\/\/www.pack-verde.com\/blog\/de\/verpackungsratgeber\/e-commerce-verpackungen-mit-umweltbewusstsein-fuer-den-onlinehandel\/#article","isPartOf":{"@id":"https:\/\/www.pack-verde.com\/blog\/de\/verpackungsratgeber\/e-commerce-verpackungen-mit-umweltbewusstsein-fuer-den-onlinehandel\/"},"author":{"name":"Andreas M\u00fcller","@id":"https:\/\/www.pack-verde.com\/blog\/ch-de\/#\/schema\/person\/10905245ae36fcc6dab8c5f4216929c4"},"headline":"E-Commerce: Verpackungen mit Umweltbewusstsein f\u00fcr den Onlinehandel","datePublished":"2021-04-21T22:00:00+00:00","dateModified":"2024-02-06T12:45:23+00:00","mainEntityOfPage":{"@id":"https:\/\/www.pack-verde.com\/blog\/de\/verpackungsratgeber\/e-commerce-verpackungen-mit-umweltbewusstsein-fuer-den-onlinehandel\/"},"wordCount":825,"commentCount":1,"publisher":{"@id":"https:\/\/www.pack-verde.com\/blog\/ch-de\/#organization"},"image":{"@id":"https:\/\/www.pack-verde.com\/blog\/de\/verpackungsratgeber\/e-commerce-verpackungen-mit-umweltbewusstsein-fuer-den-onlinehandel\/#primaryimage"},"thumbnailUrl":"https:\/\/www.pack-verde.com\/blog\/wp-content\/uploads\/2021\/04\/iStock_Frau_fotografiert_Kopie-1.jpg","articleSection":["Verpackungsratgeber"],"inLanguage":"de","potentialAction":[{"@type":"CommentAction","name":"Comment","target":["https:\/\/www.pack-verde.com\/blog\/de\/verpackungsratgeber\/e-commerce-verpackungen-mit-umweltbewusstsein-fuer-den-onlinehandel\/#respond"]}]},{"@type":"WebPage","@id":"https:\/\/www.pack-verde.com\/blog\/de\/verpackungsratgeber\/e-commerce-verpackungen-mit-umweltbewusstsein-fuer-den-onlinehandel\/","url":"https:\/\/www.pack-verde.com\/blog\/de\/verpackungsratgeber\/e-commerce-verpackungen-mit-umweltbewusstsein-fuer-den-onlinehandel\/","name":"E-Commerce Verpackungen f\u00fcr Online-Shops | packVerde Blog","isPartOf":{"@id":"https:\/\/www.pack-verde.com\/blog\/ch-de\/#website"},"primaryImageOfPage":{"@id":"https:\/\/www.pack-verde.com\/blog\/de\/verpackungsratgeber\/e-commerce-verpackungen-mit-umweltbewusstsein-fuer-den-onlinehandel\/#primaryimage"},"image":{"@id":"https:\/\/www.pack-verde.com\/blog\/de\/verpackungsratgeber\/e-commerce-verpackungen-mit-umweltbewusstsein-fuer-den-onlinehandel\/#primaryimage"},"thumbnailUrl":"https:\/\/www.pack-verde.com\/blog\/wp-content\/uploads\/2021\/04\/iStock_Frau_fotografiert_Kopie-1.jpg","datePublished":"2021-04-21T22:00:00+00:00","dateModified":"2024-02-06T12:45:23+00:00","description":"Umweltfreundliche E-Commerce Verpackungen f\u00fcr Ihren Onlinehandel \u25b6 nachhaltig \u2713 praktisch \u2713 sicher \u2713 B2B \u25b6 Jetzt mehr erfahren bei packVerde!","breadcrumb":{"@id":"https:\/\/www.pack-verde.com\/blog\/de\/verpackungsratgeber\/e-commerce-verpackungen-mit-umweltbewusstsein-fuer-den-onlinehandel\/#breadcrumb"},"inLanguage":"de","potentialAction":[{"@type":"ReadAction","target":["https:\/\/www.pack-verde.com\/blog\/de\/verpackungsratgeber\/e-commerce-verpackungen-mit-umweltbewusstsein-fuer-den-onlinehandel\/"]}]},{"@type":"ImageObject","inLanguage":"de","@id":"https:\/\/www.pack-verde.com\/blog\/de\/verpackungsratgeber\/e-commerce-verpackungen-mit-umweltbewusstsein-fuer-den-onlinehandel\/#primaryimage","url":"https:\/\/www.pack-verde.com\/blog\/wp-content\/uploads\/2021\/04\/iStock_Frau_fotografiert_Kopie-1.jpg","contentUrl":"https:\/\/www.pack-verde.com\/blog\/wp-content\/uploads\/2021\/04\/iStock_Frau_fotografiert_Kopie-1.jpg","width":450,"height":300,"caption":"iStock Frau fotografiert Kopie 1"},{"@type":"BreadcrumbList","@id":"https:\/\/www.pack-verde.com\/blog\/de\/verpackungsratgeber\/e-commerce-verpackungen-mit-umweltbewusstsein-fuer-den-onlinehandel\/#breadcrumb","itemListElement":[{"@type":"ListItem","position":1,"name":"Startseite","item":"https:\/\/www.pack-verde.com\/blog\/de\/"},{"@type":"ListItem","position":2,"name":"E-Commerce: Verpackungen mit Umweltbewusstsein f\u00fcr den Onlinehandel"}]},{"@type":"WebSite","@id":"https:\/\/www.pack-verde.com\/blog\/ch-de\/#website","url":"https:\/\/www.pack-verde.com\/blog\/ch-de\/","name":"packVerde","description":"achtsam verpackt","publisher":{"@id":"https:\/\/www.pack-verde.com\/blog\/ch-de\/#organization"},"potentialAction":[{"@type":"SearchAction","target":{"@type":"EntryPoint","urlTemplate":"https:\/\/www.pack-verde.com\/blog\/ch-de\/?s={search_term_string}"},"query-input":{"@type":"PropertyValueSpecification","valueRequired":true,"valueName":"search_term_string"}}],"inLanguage":"de"},{"@type":"Organization","@id":"https:\/\/www.pack-verde.com\/blog\/ch-de\/#organization","name":"packVerde Blog","url":"https:\/\/www.pack-verde.com\/blog\/ch-de\/","logo":{"@type":"ImageObject","inLanguage":"de","@id":"https:\/\/www.pack-verde.com\/blog\/ch-de\/#\/schema\/logo\/image\/","url":"https:\/\/www.pack-verde.com\/blog\/wp-content\/uploads\/2021\/03\/packVerde-logo-150w.png","contentUrl":"https:\/\/www.pack-verde.com\/blog\/wp-content\/uploads\/2021\/03\/packVerde-logo-150w.png","width":150,"height":90,"caption":"packVerde Blog"},"image":{"@id":"https:\/\/www.pack-verde.com\/blog\/ch-de\/#\/schema\/logo\/image\/"},"sameAs":["https:\/\/www.facebook.com\/packVerdeVerpackungen","https:\/\/www.linkedin.com\/company\/packverde\/"]},{"@type":"Person","@id":"https:\/\/www.pack-verde.com\/blog\/ch-de\/#\/schema\/person\/10905245ae36fcc6dab8c5f4216929c4","name":"Andreas M\u00fcller","image":{"@type":"ImageObject","inLanguage":"de","@id":"https:\/\/secure.gravatar.com\/avatar\/541f778ee667975c0ba1747a69b15f0e000df6bfad80139825efdd6c0bec2b05?s=96&d=mm&r=g","url":"https:\/\/secure.gravatar.com\/avatar\/541f778ee667975c0ba1747a69b15f0e000df6bfad80139825efdd6c0bec2b05?s=96&d=mm&r=g","contentUrl":"https:\/\/secure.gravatar.com\/avatar\/541f778ee667975c0ba1747a69b15f0e000df6bfad80139825efdd6c0bec2b05?s=96&d=mm&r=g","caption":"Andreas M\u00fcller"}}]}},"magento_index":true,"_links":{"self":[{"href":"https:\/\/www.pack-verde.com\/blog\/de\/wp-json\/wp\/v2\/posts\/16554","targetHints":{"allow":["GET"]}}],"collection":[{"href":"https:\/\/www.pack-verde.com\/blog\/de\/wp-json\/wp\/v2\/posts"}],"about":[{"href":"https:\/\/www.pack-verde.com\/blog\/de\/wp-json\/wp\/v2\/types\/post"}],"author":[{"embeddable":true,"href":"https:\/\/www.pack-verde.com\/blog\/de\/wp-json\/wp\/v2\/users\/7"}],"replies":[{"embeddable":true,"href":"https:\/\/www.pack-verde.com\/blog\/de\/wp-json\/wp\/v2\/comments?post=16554"}],"version-history":[{"count":3,"href":"https:\/\/www.pack-verde.com\/blog\/de\/wp-json\/wp\/v2\/posts\/16554\/revisions"}],"predecessor-version":[{"id":18962,"href":"https:\/\/www.pack-verde.com\/blog\/de\/wp-json\/wp\/v2\/posts\/16554\/revisions\/18962"}],"wp:featuredmedia":[{"embeddable":true,"href":"https:\/\/www.pack-verde.com\/blog\/de\/wp-json\/wp\/v2\/media\/17762"}],"wp:attachment":[{"href":"https:\/\/www.pack-verde.com\/blog\/de\/wp-json\/wp\/v2\/media?parent=16554"}],"wp:term":[{"taxonomy":"category","embeddable":true,"href":"https:\/\/www.pack-verde.com\/blog\/de\/wp-json\/wp\/v2\/categories?post=16554"},{"taxonomy":"post_tag","embeddable":true,"href":"https:\/\/www.pack-verde.com\/blog\/de\/wp-json\/wp\/v2\/tags?post=16554"},{"taxonomy":"m2-product-id","embeddable":true,"href":"https:\/\/www.pack-verde.com\/blog\/de\/wp-json\/wp\/v2\/m2-product-id?post=16554"}],"curies":[{"name":"wp","href":"https:\/\/api.w.org\/{rel}","templated":true}]}}